{"id":395389,"date":"2023-11-09T08:30:00","date_gmt":"2023-11-09T11:30:00","guid":{"rendered":"https:\/\/notinor.com\/jujuy\/?p=395389"},"modified":"2023-11-08T18:03:39","modified_gmt":"2023-11-08T21:03:39","slug":"la-demanda-de-maiz-de-cordoba-para-bioetanol-podria-crecer-hasta-2-millones-de-toneladas","status":"publish","type":"post","link":"https:\/\/notinor.com\/jujuy\/la-demanda-de-maiz-de-cordoba-para-bioetanol-podria-crecer-hasta-2-millones-de-toneladas\/","title":{"rendered":"La demanda de ma\u00edz de C\u00f3rdoba para bioetanol podr\u00eda crecer hasta 2 millones de toneladas"},"content":{"rendered":"\n<p class=\"has-medium-font-size\"><strong><em>Si el corte de combustibles pasa al 20%, la provincia -que es la principal elaboradora de biocombustibles a nivel nacional- necesitar\u00eda 3,7 millones de toneladas para cumplir con el corte obligatorio si se mantienen los niveles de consumo.<\/em><\/strong><\/p>\n\n\n<div class=\"wp-block-image\">\n<figure class=\"aligncenter size-large\"><img decoding=\"async\" loading=\"lazy\" width=\"840\" height=\"473\" src=\"https:\/\/notinor.com\/jujuy\/wp-content\/uploads\/2023\/11\/cosecha-maiz-11-840x473.jpg\" alt=\"\" class=\"wp-image-395392\" srcset=\"https:\/\/notinor.com\/jujuy\/wp-content\/uploads\/2023\/11\/cosecha-maiz-11-840x473.jpg 840w, https:\/\/notinor.com\/jujuy\/wp-content\/uploads\/2023\/11\/cosecha-maiz-11-649x365.jpg 649w, https:\/\/notinor.com\/jujuy\/wp-content\/uploads\/2023\/11\/cosecha-maiz-11-768x432.jpg 768w, https:\/\/notinor.com\/jujuy\/wp-content\/uploads\/2023\/11\/cosecha-maiz-11-750x422.jpg 750w, https:\/\/notinor.com\/jujuy\/wp-content\/uploads\/2023\/11\/cosecha-maiz-11.jpg 1024w\" sizes=\"(max-width: 840px) 100vw, 840px\" \/><figcaption class=\"wp-element-caption\">Producci\u00f3n de Ma\u00edz<\/figcaption><\/figure><\/div>\n\n\n<p>Actualmente, se transforman 1,8 millones de toneladas del cereal para producir bioetanol. <strong>Si el corte se incrementa del 12% al 15%, y se atribuye exclusivamente al bioetanol en base a ma\u00edz, esta industria transformar\u00eda unas 700.000 toneladas adicionales del cereal. Si el corte se ubicara en el 20%, la demanda de ma\u00edz ser\u00eda 2 millones de toneladas mayor a lo que se utiliza actualmente.<\/strong><\/p>\n\n\n\n<p>Estos datos se desprenden de un reporte recientemente elaborado por la Bolsa de Cereales de C\u00f3rdoba y como consecuencia de las medidas que se implementar\u00edan a nivel nacional para los cortes de naftas con biocombustibles, en caso de que el candidato a presidente Sergio Massa asuma desde el mes pr\u00f3ximo.<\/p>\n\n\n\n<p><strong>El ma\u00edz para C\u00f3rdoba<\/strong><br>En la campa\u00f1a 2022\/23 la producci\u00f3n de ma\u00edz se posicion\u00f3 en 10,4 millones de toneladas, regresando a valores similares a los que se experiment\u00f3 desde las campa\u00f1as 2008\/09 a 2017\/18, que rondaron en promedio los 10,5 millones de toneladas. <strong>Sin embargo, esto se debi\u00f3 a las dif\u00edciles condiciones clim\u00e1ticas que atraves\u00f3 el cultivo, ya que el \u00e1rea sembrada aument\u00f3 en los \u00faltimos a\u00f1os, siendo el de la \u00faltima campa\u00f1a el segundo valor m\u00e1s alto. <\/strong><\/p>\n\n\n\n<blockquote class=\"wp-block-quote\">\n<p>Por lo tanto, con rendimientos promedios, la producci\u00f3n del cereal podr\u00eda superar los 20 millones de toneladas.<\/p>\n<\/blockquote>\n\n\n\n<p><strong>Cambio de corte en las naftas con bioetanol<\/strong><br>Ante la actual crisis energ\u00e9tica, y en particular con el combustible, el Gobierno Nacional aumentar\u00eda el corte de las naftas con bioetanol, pasando del 12% al 15%. Mientras en C\u00f3rdoba, a trav\u00e9s de la Ley provincial N\u00b010721, se estaban realizando pruebas en la flota p\u00fablica y privada del uso de naftas con un corte del 17%.<\/p>\n\n\n\n<p><strong>Esto tambi\u00e9n est\u00e1 en concordancia con los objetivos de desarrollo sostenible (ODS) que se plantearon para el 2030, dado el \u00e9nfasis puesto en la transici\u00f3n energ\u00e9tica limpia con la que los pa\u00edses deben cumplir.<\/strong><\/p>\n\n\n\n<p>A fines de poder estimar la cantidad de ma\u00edz que ser\u00eda necesario industrializar, desde la BCCBA se construy\u00f3 el siguiente cuadro. En este se presenta en la primera columna el corte obligatorio por ley que deben tener los combustibles. <\/p>\n\n\n\n<p><strong>En la segunda columna el consumo de nafta en metros c\u00fabicos (m3) para Argentina y C\u00f3rdoba, en la tercera columna el etanol que se requiere calculado como el cociente entre el consumo de nafta y el corte obligatorio.<\/strong> Y finalmente, la columna de ma\u00edz a industrializar, que se obtiene restando del etanol requerido el producido en base a ca\u00f1a de az\u00facar (de modo que solo quede el etanol en base a ma\u00edz), y multiplic\u00e1ndolo por 2,45, que es el factor de conversi\u00f3n de m3 a toneladas.<\/p>\n\n\n\n<p>Fuente: Todoagro.com<\/p>\n","protected":false},"excerpt":{"rendered":"<p>Si el corte de combustibles pasa al 20%, la provincia -que es la principal elaboradora de biocombustibles a nivel nacional- necesitar\u00eda 3,7 millones de toneladas para cumplir con el corte obligatorio si se mantienen los niveles de consumo. Actualmente, se transforman 1,8 millones de toneladas del cereal para producir bioetanol. Si el corte se incrementa [&hellip;]<\/p>\n","protected":false},"author":53,"featured_media":395392,"comment_status":"open","ping_status":"open","sticky":false,"template":"","format":"standard","meta":{"_stopmodifiedupdate":false,"_modified_date":"","inline_featured_image":false,"spay_email":"","jetpack_publicize_message":""},"categories":[2542],"tags":[573,3073,1800,3115],"jetpack_featured_media_url":"https:\/\/notinor.com\/jujuy\/wp-content\/uploads\/2023\/11\/cosecha-maiz-11.jpg","jetpack_publicize_connections":[],"_links":{"self":[{"href":"https:\/\/notinor.com\/jujuy\/wp-json\/wp\/v2\/posts\/395389"}],"collection":[{"href":"https:\/\/notinor.com\/jujuy\/wp-json\/wp\/v2\/posts"}],"about":[{"href":"https:\/\/notinor.com\/jujuy\/wp-json\/wp\/v2\/types\/post"}],"author":[{"embeddable":true,"href":"https:\/\/notinor.com\/jujuy\/wp-json\/wp\/v2\/users\/53"}],"replies":[{"embeddable":true,"href":"https:\/\/notinor.com\/jujuy\/wp-json\/wp\/v2\/comments?post=395389"}],"version-history":[{"count":1,"href":"https:\/\/notinor.com\/jujuy\/wp-json\/wp\/v2\/posts\/395389\/revisions"}],"predecessor-version":[{"id":395394,"href":"https:\/\/notinor.com\/jujuy\/wp-json\/wp\/v2\/posts\/395389\/revisions\/395394"}],"wp:featuredmedia":[{"embeddable":true,"href":"https:\/\/notinor.com\/jujuy\/wp-json\/wp\/v2\/media\/395392"}],"wp:attachment":[{"href":"https:\/\/notinor.com\/jujuy\/wp-json\/wp\/v2\/media?parent=395389"}],"wp:term":[{"taxonomy":"category","embeddable":true,"href":"https:\/\/notinor.com\/jujuy\/wp-json\/wp\/v2\/categories?post=395389"},{"taxonomy":"post_tag","embeddable":true,"href":"https:\/\/notinor.com\/jujuy\/wp-json\/wp\/v2\/tags?post=395389"}],"curies":[{"name":"wp","href":"https:\/\/api.w.org\/{rel}","templated":true}]}}