{"id":395169,"date":"2023-11-06T09:06:53","date_gmt":"2023-11-06T12:06:53","guid":{"rendered":"https:\/\/notinor.com\/jujuy\/?p=395169"},"modified":"2023-11-06T09:06:54","modified_gmt":"2023-11-06T12:06:54","slug":"el-papa-francisco-no-pudo-dar-un-discurso-no-estoy-bien-de-salud","status":"publish","type":"post","link":"https:\/\/notinor.com\/jujuy\/el-papa-francisco-no-pudo-dar-un-discurso-no-estoy-bien-de-salud\/","title":{"rendered":"El papa Francisco no pudo dar un discurso: \u201cNo estoy bien de salud\u201d"},"content":{"rendered":"\n<p class=\"has-medium-font-size\"><strong><em>El Vaticano explic\u00f3 que el sumo pont\u00edfice, de 86 a\u00f1os, \u201ctiene un poco de resfr\u00edo\u201d. De todas maneras, continuar\u00e1 con su agenda prevista.<\/em><\/strong><\/p>\n\n\n<div class=\"wp-block-image\">\n<figure class=\"aligncenter size-full\"><img decoding=\"async\" loading=\"lazy\" width=\"750\" height=\"367\" src=\"https:\/\/notinor.com\/jujuy\/wp-content\/uploads\/2023\/11\/papa.jpg\" alt=\"\" class=\"wp-image-395170\" srcset=\"https:\/\/notinor.com\/jujuy\/wp-content\/uploads\/2023\/11\/papa.jpg 750w, https:\/\/notinor.com\/jujuy\/wp-content\/uploads\/2023\/11\/papa-660x323.jpg 660w\" sizes=\"(max-width: 750px) 100vw, 750px\" \/><\/figure><\/div>\n\n\n<p>El&nbsp;<strong>papa Francisco<\/strong>&nbsp;afirm\u00f3 este lunes que \u201cno\u201d est\u00e1 bien de salud y prefiri\u00f3 no leer un discurso que ten\u00eda preparado en un encuentro con rabinos europeos.<\/p>\n\n\n\n<p><em>\u201cGracias por esta visita que a m\u00ed me gusta tanto, pero sucede que no estoy bien de salud y por esto prefiero no leer el discurso sino d\u00e1rselos y que se lo lleven\u201d<\/em>, dijo el pont\u00edfice, con la voz afectada, al recibir a un grupo de rabinos europeos.<\/p>\n\n\n\n<p>En medio de la preocupaci\u00f3n que gener\u00f3 esta noticia acerca del estado de salud del Santo Padre, el portavoz del Vaticano,&nbsp;<strong>Matteo Bruni<\/strong>, difundi\u00f3 una nota de prensa que busc\u00f3 llevar tranquilidad en cuanto al estado de Francisco, que public\u00f3 el diario italiano<em>&nbsp;Corriere Della Sera<\/em>.<\/p>\n\n\n\n<p><em>\u201cEl Papa tiene un poco de resfr\u00edo y una larga jornada de audiencias\u201d,<\/em>&nbsp;precisaron en ese comunicado y agregaron que las actividades pautadas para el Sumo Pont\u00edfice en su agenda del d\u00eda&nbsp;<em>\u201ccontin\u00faan regularmente\u201d.<\/em><\/p>\n\n\n\n<p>En tal sentido el papa,&nbsp;<strong>de 86 a\u00f1os<\/strong>, mantuvo su agenda de este lunes que incluy\u00f3 un encuentro de 40 minutos con el l\u00edder catal\u00e1n Pere Aragon\u00e9s.<\/p>\n\n\n\n<p>Adem\u00e1s, de acuerdo con lo previsto, Francisco recibir\u00e1 esta tarde a cerca de&nbsp;<strong>7.000 ni\u00f1os<\/strong>&nbsp;de 84 pa\u00edses en el marco de una iniciativa vaticana por la paz.<\/p>\n","protected":false},"excerpt":{"rendered":"<p>El Vaticano explic\u00f3 que el sumo pont\u00edfice, de 86 a\u00f1os, \u201ctiene un poco de resfr\u00edo\u201d. De todas maneras, continuar\u00e1 con su agenda prevista. El&nbsp;papa Francisco&nbsp;afirm\u00f3 este lunes que \u201cno\u201d est\u00e1 bien de salud y prefiri\u00f3 no leer un discurso que ten\u00eda preparado en un encuentro con rabinos europeos. \u201cGracias por esta visita que a m\u00ed [&hellip;]<\/p>\n","protected":false},"author":5,"featured_media":395170,"comment_status":"open","ping_status":"open","sticky":false,"template":"","format":"standard","meta":{"_stopmodifiedupdate":false,"_modified_date":"","inline_featured_image":false,"spay_email":"","jetpack_publicize_message":""},"categories":[6],"tags":[],"jetpack_featured_media_url":"https:\/\/notinor.com\/jujuy\/wp-content\/uploads\/2023\/11\/papa.jpg","jetpack_publicize_connections":[],"_links":{"self":[{"href":"https:\/\/notinor.com\/jujuy\/wp-json\/wp\/v2\/posts\/395169"}],"collection":[{"href":"https:\/\/notinor.com\/jujuy\/wp-json\/wp\/v2\/posts"}],"about":[{"href":"https:\/\/notinor.com\/jujuy\/wp-json\/wp\/v2\/types\/post"}],"author":[{"embeddable":true,"href":"https:\/\/notinor.com\/jujuy\/wp-json\/wp\/v2\/users\/5"}],"replies":[{"embeddable":true,"href":"https:\/\/notinor.com\/jujuy\/wp-json\/wp\/v2\/comments?post=395169"}],"version-history":[{"count":1,"href":"https:\/\/notinor.com\/jujuy\/wp-json\/wp\/v2\/posts\/395169\/revisions"}],"predecessor-version":[{"id":395171,"href":"https:\/\/notinor.com\/jujuy\/wp-json\/wp\/v2\/posts\/395169\/revisions\/395171"}],"wp:featuredmedia":[{"embeddable":true,"href":"https:\/\/notinor.com\/jujuy\/wp-json\/wp\/v2\/media\/395170"}],"wp:attachment":[{"href":"https:\/\/notinor.com\/jujuy\/wp-json\/wp\/v2\/media?parent=395169"}],"wp:term":[{"taxonomy":"category","embeddable":true,"href":"https:\/\/notinor.com\/jujuy\/wp-json\/wp\/v2\/categories?post=395169"},{"taxonomy":"post_tag","embeddable":true,"href":"https:\/\/notinor.com\/jujuy\/wp-json\/wp\/v2\/tags?post=395169"}],"curies":[{"name":"wp","href":"https:\/\/api.w.org\/{rel}","templated":true}]}}