{"id":394301,"date":"2023-10-24T11:32:52","date_gmt":"2023-10-24T14:32:52","guid":{"rendered":"https:\/\/notinor.com\/jujuy\/?p=394301"},"modified":"2023-10-24T11:32:55","modified_gmt":"2023-10-24T14:32:55","slug":"incrementan-la-asistencia-a-productores-y-suman-dos-cuotas-adicionales","status":"publish","type":"post","link":"https:\/\/notinor.com\/jujuy\/incrementan-la-asistencia-a-productores-y-suman-dos-cuotas-adicionales\/","title":{"rendered":"Incrementan la asistencia a productores y suman dos cuotas adicionales"},"content":{"rendered":"\n<p class=\"has-medium-font-size\"><strong><em>El Ministerio de Econom\u00eda aprob\u00f3 un incremento del 20% sobre la segunda cuota del programa de asistencia \"Impulso Tambero 2\", y a la vez dispuso la asignaci\u00f3n de dos cuotas mensuales adicionales para noviembre y diciembre pr\u00f3ximos<\/em><\/strong><\/p>\n\n\n<div class=\"wp-block-image\">\n<figure class=\"aligncenter size-large\"><img decoding=\"async\" loading=\"lazy\" width=\"840\" height=\"473\" src=\"https:\/\/notinor.com\/jujuy\/wp-content\/uploads\/2023\/10\/vacas-ordenie-5-840x473.jpg\" alt=\"\" class=\"wp-image-394302\" srcset=\"https:\/\/notinor.com\/jujuy\/wp-content\/uploads\/2023\/10\/vacas-ordenie-5-840x473.jpg 840w, https:\/\/notinor.com\/jujuy\/wp-content\/uploads\/2023\/10\/vacas-ordenie-5-649x365.jpg 649w, https:\/\/notinor.com\/jujuy\/wp-content\/uploads\/2023\/10\/vacas-ordenie-5-768x432.jpg 768w, https:\/\/notinor.com\/jujuy\/wp-content\/uploads\/2023\/10\/vacas-ordenie-5-750x422.jpg 750w, https:\/\/notinor.com\/jujuy\/wp-content\/uploads\/2023\/10\/vacas-ordenie-5.jpg 1024w\" sizes=\"(max-width: 840px) 100vw, 840px\" \/><figcaption class=\"wp-element-caption\">Producci\u00f3n lechera nacional<\/figcaption><\/figure><\/div>\n\n\n<p>La medida, que hab\u00eda sido anunciada el mes pasado por el ministro de Econom\u00eda, Sergio Massa, se formaliz\u00f3 este jueves por medio de la resoluci\u00f3n 1601\/2023, publicada en el Bolet\u00edn Oficial.<\/p>\n\n\n\n<p><strong>Seg\u00fan lo dispuesto, las asignaciones mensuales no podr\u00e1n superar, en ning\u00fan caso, los $ 960.000 por beneficiario, con un l\u00edmite total de asignaci\u00f3n presupuestaria de $ 7.743 millone<\/strong>s.<\/p>\n\n\n\n<p>El Palacio de Hacienda resalt\u00f3 que el sector tambero, \u00abafectado seriamente por la persistencia de los efectos negativos de la sequ\u00eda padecida en el \u00faltimo a\u00f1o sobre la disponibilidad de los recursos forrajeros de vital relevancia para el sector y su consiguiente incremento de costos, fueron motivos determinantes de la implementaci\u00f3n del Programa\u00bb.<\/p>\n\n\n\n<blockquote class=\"wp-block-quote\">\n<p>\u00abLos referidos motivos y la coyuntura socioecon\u00f3mica actual demandan un refuerzo de la asistencia a dicho sector productivo a efectos de maximizar la finalidad tenida en miras al implementar el Programa\u00bb, justific\u00f3.<\/p>\n<\/blockquote>\n\n\n\n<p><strong>La asistencia estatal para los productores l\u00e1cteos se estableci\u00f3 a cambio de congelar los precios por tres meses y mantener la rentabilidad de los tamberos.<\/strong><\/p>\n\n\n\n<p>La segunda edici\u00f3n de Impulso Tambero se lanz\u00f3 en julio y es financiada con recursos del Programa de Incremento Exportador. <\/p>\n\n\n\n<p><strong>La iniciativa otorga una suma fija en pesos por litro de leche a los tamberos, de acuerdo con dos estratos: aquellos que hayan producido un promedio diario entre abril de 2022 y marzo de 2023 de hasta 1.500 litros, que perciben con el aumento $ 24 por litro<\/strong>. Por su parte, quienes hayan registrado un promedio superior a esa cantidad y de hasta 7.000 litros, percibir\u00e1n $ 18.<\/p>\n\n\n\n<p>La primera edici\u00f3n del programa alcanz\u00f3 a 4.319 productores, con un total de $8.104.155.630 millones distribuidos en subsidios.<\/p>\n","protected":false},"excerpt":{"rendered":"<p>El Ministerio de Econom\u00eda aprob\u00f3 un incremento del 20% sobre la segunda cuota del programa de asistencia \"Impulso Tambero 2\", y a la vez dispuso la asignaci\u00f3n de dos cuotas mensuales adicionales para noviembre y diciembre pr\u00f3ximos La medida, que hab\u00eda sido anunciada el mes pasado por el ministro de Econom\u00eda, Sergio Massa, se formaliz\u00f3 [&hellip;]<\/p>\n","protected":false},"author":53,"featured_media":394302,"comment_status":"open","ping_status":"open","sticky":false,"template":"","format":"standard","meta":{"_stopmodifiedupdate":false,"_modified_date":"","inline_featured_image":false,"spay_email":"","jetpack_publicize_message":""},"categories":[2542],"tags":[573,696,3030],"jetpack_featured_media_url":"https:\/\/notinor.com\/jujuy\/wp-content\/uploads\/2023\/10\/vacas-ordenie-5.jpg","jetpack_publicize_connections":[],"_links":{"self":[{"href":"https:\/\/notinor.com\/jujuy\/wp-json\/wp\/v2\/posts\/394301"}],"collection":[{"href":"https:\/\/notinor.com\/jujuy\/wp-json\/wp\/v2\/posts"}],"about":[{"href":"https:\/\/notinor.com\/jujuy\/wp-json\/wp\/v2\/types\/post"}],"author":[{"embeddable":true,"href":"https:\/\/notinor.com\/jujuy\/wp-json\/wp\/v2\/users\/53"}],"replies":[{"embeddable":true,"href":"https:\/\/notinor.com\/jujuy\/wp-json\/wp\/v2\/comments?post=394301"}],"version-history":[{"count":1,"href":"https:\/\/notinor.com\/jujuy\/wp-json\/wp\/v2\/posts\/394301\/revisions"}],"predecessor-version":[{"id":394303,"href":"https:\/\/notinor.com\/jujuy\/wp-json\/wp\/v2\/posts\/394301\/revisions\/394303"}],"wp:featuredmedia":[{"embeddable":true,"href":"https:\/\/notinor.com\/jujuy\/wp-json\/wp\/v2\/media\/394302"}],"wp:attachment":[{"href":"https:\/\/notinor.com\/jujuy\/wp-json\/wp\/v2\/media?parent=394301"}],"wp:term":[{"taxonomy":"category","embeddable":true,"href":"https:\/\/notinor.com\/jujuy\/wp-json\/wp\/v2\/categories?post=394301"},{"taxonomy":"post_tag","embeddable":true,"href":"https:\/\/notinor.com\/jujuy\/wp-json\/wp\/v2\/tags?post=394301"}],"curies":[{"name":"wp","href":"https:\/\/api.w.org\/{rel}","templated":true}]}}