{"id":392889,"date":"2023-10-06T21:31:30","date_gmt":"2023-10-07T00:31:30","guid":{"rendered":"https:\/\/notinor.com\/jujuy\/?p=392889"},"modified":"2023-10-06T21:31:31","modified_gmt":"2023-10-07T00:31:31","slug":"expo-rural-2023-jujuy-se-prepara-para-mostrar-al-mundo-el-potencial-del-sector-productivo","status":"publish","type":"post","link":"https:\/\/notinor.com\/jujuy\/expo-rural-2023-jujuy-se-prepara-para-mostrar-al-mundo-el-potencial-del-sector-productivo\/","title":{"rendered":"Expo Rural 2023: Jujuy se prepara para mostrar al mundo el potencial del sector productivo"},"content":{"rendered":"\n<p class=\"has-medium-font-size\"><strong><em>\u201cLos principales sectores productivos de la provincia se preparan para mostrar todo su potencial, exponer sus \u00faltimos avances y sobre todo redoblar su apuesta por el desarrollo socioecon\u00f3mico de la provincia\u201d, adelant\u00f3 el Secretario de Producci\u00f3n e Industria de Perico, Mart\u00edn Miguel Llanos.<\/em><\/strong><\/p>\n\n\n\n<p><\/p>\n\n\n<div class=\"wp-block-image\">\n<figure class=\"aligncenter size-full\"><img decoding=\"async\" loading=\"lazy\" width=\"800\" height=\"450\" src=\"https:\/\/notinor.com\/jujuy\/wp-content\/uploads\/2023\/10\/expoagro-2023.jpg\" alt=\"\" class=\"wp-image-392891\" srcset=\"https:\/\/notinor.com\/jujuy\/wp-content\/uploads\/2023\/10\/expoagro-2023.jpg 800w, https:\/\/notinor.com\/jujuy\/wp-content\/uploads\/2023\/10\/expoagro-2023-649x365.jpg 649w, https:\/\/notinor.com\/jujuy\/wp-content\/uploads\/2023\/10\/expoagro-2023-500x280.jpg 500w, https:\/\/notinor.com\/jujuy\/wp-content\/uploads\/2023\/10\/expoagro-2023-768x432.jpg 768w, https:\/\/notinor.com\/jujuy\/wp-content\/uploads\/2023\/10\/expoagro-2023-750x422.jpg 750w\" sizes=\"(max-width: 800px) 100vw, 800px\" \/><\/figure><\/div>\n\n\n<p><\/p>\n\n\n\n<p><strong>La Muestra se llevar\u00e1 a cabo los d\u00edas 6, 7 y 8 de octubre pr\u00f3ximos en las instalaciones del Complejo del Sindicato de Obreros del Tabaco (SOT) sito en calle Susques esquina Villafa\u00f1e (frente terminal de \u00d3mnibus) de la Ciudad Perico. La entrada ser\u00e1 libre y gratuita. <\/strong>El horario al p\u00fablico los d\u00edas viernes 6 y s\u00e1bado 7 ser\u00e1 de 16 a 23 horas, y el domingo 8 de 10 a 20 horas.\u00a0\u00a0<\/p>\n\n\n\n<p>Organizada por la Secretar\u00eda de Producci\u00f3n e Industria de Perico, <strong>la primera edici\u00f3n de la muestra, cuenta con el apoyo y acompa\u00f1amiento del Ministerio de Desarrollo Econ\u00f3mico y Producci\u00f3n de la Provincia, de las instituciones del sector tabacalero, la Uni\u00f3n Ca\u00f1eros Independientes de Jujuy y Salta, la Sociedad Rural Juje\u00f1a, la C\u00e1mara de Comercio Exterior de Jujuy, la C\u00e1mara Agrometalmec\u00e1nica, el Consorcio del Parque Industrial de Perico, la UATRE \u2013 OSPRERA, el RENATRE, entidades de la Banca p\u00fablica y privada, pymes y emprendedores entre otros sectores productivos de la regi\u00f3n.<\/strong><\/p>\n\n\n\n<p>Al respecto Llanos agradeci\u00f3 <strong>\u201cel apoyo del gobierno y de los representantes de las instituciones productivas y p\u00fablicas que est\u00e1n apoyando y colaborando para que la muestra sea un \u00e9xito tanto para el sector productivo como para la provincia en general<\/strong> ya que se trata de uno de los pilares fundamentales de nuestra econom\u00eda\u201d, destac\u00f3.<\/p>\n\n\n\n<p><\/p>\n\n\n<div class=\"wp-block-image\">\n<figure class=\"aligncenter size-full\"><img decoding=\"async\" loading=\"lazy\" width=\"800\" height=\"450\" src=\"https:\/\/notinor.com\/jujuy\/wp-content\/uploads\/2023\/10\/expoagro-2023-2.jpg\" alt=\"\" class=\"wp-image-392890\" srcset=\"https:\/\/notinor.com\/jujuy\/wp-content\/uploads\/2023\/10\/expoagro-2023-2.jpg 800w, https:\/\/notinor.com\/jujuy\/wp-content\/uploads\/2023\/10\/expoagro-2023-2-649x365.jpg 649w, https:\/\/notinor.com\/jujuy\/wp-content\/uploads\/2023\/10\/expoagro-2023-2-500x280.jpg 500w, https:\/\/notinor.com\/jujuy\/wp-content\/uploads\/2023\/10\/expoagro-2023-2-768x432.jpg 768w, https:\/\/notinor.com\/jujuy\/wp-content\/uploads\/2023\/10\/expoagro-2023-2-750x422.jpg 750w\" sizes=\"(max-width: 800px) 100vw, 800px\" \/><\/figure><\/div>\n\n\n<p><\/p>\n\n\n\n<p><strong>\u201cEn l\u00ednea con la fuerte apuesta del gobierno al sector productivo, desde la Secretar\u00eda hemos decidido organizar esta muestra, para fortalecer y promocionar el potencial de nuestra producci\u00f3n, y poner en valor las pol\u00edticas de promoci\u00f3n, inversi\u00f3n e infraestructura <\/strong>que se lleva adelante el gobierno para generar m\u00e1s producci\u00f3n y empleo en la provincia\u201d, se\u00f1al\u00f3 Llanos.\u00a0\u00a0\u00a0\u00a0<\/p>\n\n\n\n<p>Adelant\u00f3 que el p\u00fablico tendr\u00e1 m\u00faltiples opciones para disfrutar en familia durante la muestra, donde adem\u00e1s de tener contacto directo con el aparato productivo de la regi\u00f3n, <strong>tambi\u00e9n contar\u00e1 con un sector de emprendedores diversos, juegos infantiles, automotrices, maquinarias, y espect\u00e1culos musicales con artistas locales, un patio de comidas, entre otras actividades\u201d.<\/strong><\/p>\n","protected":false},"excerpt":{"rendered":"<p>\u201cLos principales sectores productivos de la provincia se preparan para mostrar todo su potencial, exponer sus \u00faltimos avances y sobre todo redoblar su apuesta por el desarrollo socioecon\u00f3mico de la provincia\u201d, adelant\u00f3 el Secretario de Producci\u00f3n e Industria de Perico, Mart\u00edn Miguel Llanos. La Muestra se llevar\u00e1 a cabo los d\u00edas 6, 7 y 8 [&hellip;]<\/p>\n","protected":false},"author":49,"featured_media":392891,"comment_status":"open","ping_status":"open","sticky":false,"template":"","format":"standard","meta":{"_stopmodifiedupdate":false,"_modified_date":"","inline_featured_image":false,"spay_email":"","jetpack_publicize_message":""},"categories":[2,4,2542],"tags":[],"jetpack_featured_media_url":"https:\/\/notinor.com\/jujuy\/wp-content\/uploads\/2023\/10\/expoagro-2023.jpg","jetpack_publicize_connections":[],"_links":{"self":[{"href":"https:\/\/notinor.com\/jujuy\/wp-json\/wp\/v2\/posts\/392889"}],"collection":[{"href":"https:\/\/notinor.com\/jujuy\/wp-json\/wp\/v2\/posts"}],"about":[{"href":"https:\/\/notinor.com\/jujuy\/wp-json\/wp\/v2\/types\/post"}],"author":[{"embeddable":true,"href":"https:\/\/notinor.com\/jujuy\/wp-json\/wp\/v2\/users\/49"}],"replies":[{"embeddable":true,"href":"https:\/\/notinor.com\/jujuy\/wp-json\/wp\/v2\/comments?post=392889"}],"version-history":[{"count":1,"href":"https:\/\/notinor.com\/jujuy\/wp-json\/wp\/v2\/posts\/392889\/revisions"}],"predecessor-version":[{"id":392892,"href":"https:\/\/notinor.com\/jujuy\/wp-json\/wp\/v2\/posts\/392889\/revisions\/392892"}],"wp:featuredmedia":[{"embeddable":true,"href":"https:\/\/notinor.com\/jujuy\/wp-json\/wp\/v2\/media\/392891"}],"wp:attachment":[{"href":"https:\/\/notinor.com\/jujuy\/wp-json\/wp\/v2\/media?parent=392889"}],"wp:term":[{"taxonomy":"category","embeddable":true,"href":"https:\/\/notinor.com\/jujuy\/wp-json\/wp\/v2\/categories?post=392889"},{"taxonomy":"post_tag","embeddable":true,"href":"https:\/\/notinor.com\/jujuy\/wp-json\/wp\/v2\/tags?post=392889"}],"curies":[{"name":"wp","href":"https:\/\/api.w.org\/{rel}","templated":true}]}}