{"id":391980,"date":"2023-09-28T08:38:00","date_gmt":"2023-09-28T11:38:00","guid":{"rendered":"https:\/\/notinor.com\/jujuy\/?p=391980"},"modified":"2023-09-28T11:41:03","modified_gmt":"2023-09-28T14:41:03","slug":"estepo-jorge-eduardo","status":"publish","type":"post","link":"https:\/\/notinor.com\/jujuy\/estepo-jorge-eduardo\/","title":{"rendered":"ESTEPO, Jorge Eduardo"},"content":{"rendered":"\n<p><strong>Falleci\u00f3 el d\u00eda 27 de septiembre de 2023, a hs. 03:45. C.A.S.R. y B.P., a la edad de 86 a\u00f1os. Su esposa: Mar\u00eda Teresa Barrios; sus hijos: Eduardo, Andrea y Jos\u00e9 Luis Estepo; sus hijos pol\u00edticos; sus nietos y dem\u00e1s familiares participan con profundo dolor su fallecimiento y comunican que sus restos ser\u00e1n trasladados hoy 28 de setiembre de 2023 a la ciudad de Salta. FAE. Casa de duelo salas Arenales de empresa La Piedad sita en Arenales 1145. Servicio empresa La Piedad Salta 727 S.S. de Jujuy. Tel. 0388-4222487. L\u00ednea gratuita 0800-444-5274.<\/strong><\/p>\n","protected":false},"excerpt":{"rendered":"<p>Falleci\u00f3 el d\u00eda 27 de septiembre de 2023, a hs. 03:45. C.A.S.R. y B.P., a la edad de 86 a\u00f1os. Su esposa: Mar\u00eda Teresa Barrios; sus hijos: Eduardo, Andrea y Jos\u00e9 Luis Estepo; sus hijos pol\u00edticos; sus nietos y dem\u00e1s familiares participan con profundo dolor su fallecimiento y comunican que sus restos ser\u00e1n trasladados hoy [&hellip;]<\/p>\n","protected":false},"author":5,"featured_media":129720,"comment_status":"open","ping_status":"open","sticky":false,"template":"","format":"standard","meta":{"_stopmodifiedupdate":false,"_modified_date":"","inline_featured_image":false,"spay_email":"","jetpack_publicize_message":""},"categories":[523],"tags":[],"jetpack_featured_media_url":"https:\/\/notinor.com\/jujuy\/wp-content\/uploads\/2017\/08\/Obituarios1.jpg","jetpack_publicize_connections":[],"_links":{"self":[{"href":"https:\/\/notinor.com\/jujuy\/wp-json\/wp\/v2\/posts\/391980"}],"collection":[{"href":"https:\/\/notinor.com\/jujuy\/wp-json\/wp\/v2\/posts"}],"about":[{"href":"https:\/\/notinor.com\/jujuy\/wp-json\/wp\/v2\/types\/post"}],"author":[{"embeddable":true,"href":"https:\/\/notinor.com\/jujuy\/wp-json\/wp\/v2\/users\/5"}],"replies":[{"embeddable":true,"href":"https:\/\/notinor.com\/jujuy\/wp-json\/wp\/v2\/comments?post=391980"}],"version-history":[{"count":1,"href":"https:\/\/notinor.com\/jujuy\/wp-json\/wp\/v2\/posts\/391980\/revisions"}],"predecessor-version":[{"id":391982,"href":"https:\/\/notinor.com\/jujuy\/wp-json\/wp\/v2\/posts\/391980\/revisions\/391982"}],"wp:featuredmedia":[{"embeddable":true,"href":"https:\/\/notinor.com\/jujuy\/wp-json\/wp\/v2\/media\/129720"}],"wp:attachment":[{"href":"https:\/\/notinor.com\/jujuy\/wp-json\/wp\/v2\/media?parent=391980"}],"wp:term":[{"taxonomy":"category","embeddable":true,"href":"https:\/\/notinor.com\/jujuy\/wp-json\/wp\/v2\/categories?post=391980"},{"taxonomy":"post_tag","embeddable":true,"href":"https:\/\/notinor.com\/jujuy\/wp-json\/wp\/v2\/tags?post=391980"}],"curies":[{"name":"wp","href":"https:\/\/api.w.org\/{rel}","templated":true}]}}