{"id":391914,"date":"2023-09-28T08:43:00","date_gmt":"2023-09-28T11:43:00","guid":{"rendered":"https:\/\/notinor.com\/jujuy\/?p=391914"},"modified":"2023-09-28T08:43:02","modified_gmt":"2023-09-28T11:43:02","slug":"bullrich-suma-apoyo-territorial-con-gobernadores-y-gira-por-santa-fe-y-cordoba","status":"publish","type":"post","link":"https:\/\/notinor.com\/jujuy\/bullrich-suma-apoyo-territorial-con-gobernadores-y-gira-por-santa-fe-y-cordoba\/","title":{"rendered":"Bullrich suma apoyo territorial con gobernadores y gira por Santa Fe y C\u00f3rdoba"},"content":{"rendered":"\n<p class=\"has-medium-font-size\"><strong><em>En el \u00faltimo tramo de la campa\u00f1a presidencial, la candidata de Juntos por el Cambio busca ganar volumen pol\u00edtico pero sin descuidar la cercan\u00eda con el votante.<\/em><\/strong><\/p>\n\n\n<div class=\"wp-block-image\">\n<figure class=\"aligncenter size-full\"><img decoding=\"async\" loading=\"lazy\" width=\"790\" height=\"301\" src=\"https:\/\/notinor.com\/jujuy\/wp-content\/uploads\/2023\/09\/patricia-bullrich-gobernadores-juntos-el-cambio-alfredo-cornejo.webp\" alt=\"\" class=\"wp-image-391917\" srcset=\"https:\/\/notinor.com\/jujuy\/wp-content\/uploads\/2023\/09\/patricia-bullrich-gobernadores-juntos-el-cambio-alfredo-cornejo.webp 790w, https:\/\/notinor.com\/jujuy\/wp-content\/uploads\/2023\/09\/patricia-bullrich-gobernadores-juntos-el-cambio-alfredo-cornejo-660x251.webp 660w, https:\/\/notinor.com\/jujuy\/wp-content\/uploads\/2023\/09\/patricia-bullrich-gobernadores-juntos-el-cambio-alfredo-cornejo-768x293.webp 768w, https:\/\/notinor.com\/jujuy\/wp-content\/uploads\/2023\/09\/patricia-bullrich-gobernadores-juntos-el-cambio-alfredo-cornejo-750x286.webp 750w\" sizes=\"(max-width: 790px) 100vw, 790px\" \/><figcaption class=\"wp-element-caption\">Patricia Bullrich con gobernadores<\/figcaption><\/figure><\/div>\n\n\n<p>En el tramo final de la campa\u00f1a, cada candidato busca optimizar sus recursos y enfocar su estrategia seg\u00fan su necesidad. Y Juntos por el Cambio debe ampliar su base electoral si quiere -de m\u00ednima- meterse en una eventual segunda vuelta.<\/p>\n\n\n\n<p><strong>Sucede que si bien la alianza opositora termin\u00f3 segunda en las PASO, su candidata a presidenta, Patricia Bullrich, qued\u00f3 tercera en la votaci\u00f3n individual<\/strong> y hay quienes dudan de si podr\u00e1 contener la totalidad del voto de Horacio Rodr\u00edguez Larreta.<\/p>\n\n\n\n<blockquote class=\"wp-block-quote\">\n<p>En este escenario, la apuesta de Bullrich es \u201cvolver a las bases\u201d. <\/p>\n<\/blockquote>\n\n\n\n<p>Con la idea de orden y firmeza, la otrora titular del PRO logr\u00f3 ganarle la interna al jefe de Gobierno porte\u00f1o. Esa cercan\u00eda es lo que buscar\u00e1 explotar en esta recta final.<\/p>\n\n\n\n<p><strong>Y este enfoque de campa\u00f1a comenz\u00f3 semanas atr\u00e1s en El Palomar, cuando se dio inicio formal a la serie de 5 caravanas que cumplir\u00e1 la referente de Juntos por el Cambio antes del 22 de octubre<\/strong>. A bordo del \u201cPatom\u00f3vil\u201d, la candidata a presidenta recorrer\u00e1 en un motorhome distintos puntos de la Argentina. Una suerte de campa\u00f1a puerta a puerta, sin grandes actos, con mucho roce con el ciudadano de a pie.<\/p>\n\n\n\n<p><strong>C\u00f3rdoba es un territorio hist\u00f3ricamente af\u00edn a la propuesta de JxC. <\/strong>El expresidente Mauricio Macri tiene ascendencia all\u00ed y conserva buena relaci\u00f3n con el gobernador Juan Schiaretti, quien en este turno electoral ser\u00e1 candidato a presidente. <\/p>\n\n\n\n<p>La apuesta de la alianza opositora es mejorar su performance all\u00ed para condicionar al peronismo a hacer una gran elecci\u00f3n en la provincia de Buenos Aires<strong>. Aunque tambi\u00e9n busca dar el golpe de gracia all\u00ed, con N\u00e9stor Grindetti a la cabeza, para \u201cterminar con el kirchnerismo en su \u00faltima guarida\u201d.<\/strong><\/p>\n\n\n\n<p><strong>As\u00ed llegar\u00e1 Bullrich este jueves primero a C\u00f3rdoba, donde har\u00e1 tres paradas: a las 10 ser\u00e1 la primera en Villa Mar\u00eda; dos horas m\u00e1s tarde frenar\u00e1 en Bell Ville, para finalizar a las 13.30 en Marcos Ju\u00e1rez<\/strong>. Por la tarde desembarcar\u00e1 en Santa Fe, con dos escalas: la primera cerca de las 16 en Amstrong, para luego dar cierre a la gira en Rosario, pasadas las 18.<\/p>\n","protected":false},"excerpt":{"rendered":"<p>En el \u00faltimo tramo de la campa\u00f1a presidencial, la candidata de Juntos por el Cambio busca ganar volumen pol\u00edtico pero sin descuidar la cercan\u00eda con el votante. En el tramo final de la campa\u00f1a, cada candidato busca optimizar sus recursos y enfocar su estrategia seg\u00fan su necesidad. Y Juntos por el Cambio debe ampliar su [&hellip;]<\/p>\n","protected":false},"author":53,"featured_media":391917,"comment_status":"open","ping_status":"open","sticky":false,"template":"","format":"standard","meta":{"_stopmodifiedupdate":false,"_modified_date":"","inline_featured_image":false,"spay_email":"","jetpack_publicize_message":""},"categories":[501],"tags":[573,1992,1302],"jetpack_featured_media_url":"https:\/\/notinor.com\/jujuy\/wp-content\/uploads\/2023\/09\/patricia-bullrich-gobernadores-juntos-el-cambio-alfredo-cornejo.webp","jetpack_publicize_connections":[],"_links":{"self":[{"href":"https:\/\/notinor.com\/jujuy\/wp-json\/wp\/v2\/posts\/391914"}],"collection":[{"href":"https:\/\/notinor.com\/jujuy\/wp-json\/wp\/v2\/posts"}],"about":[{"href":"https:\/\/notinor.com\/jujuy\/wp-json\/wp\/v2\/types\/post"}],"author":[{"embeddable":true,"href":"https:\/\/notinor.com\/jujuy\/wp-json\/wp\/v2\/users\/53"}],"replies":[{"embeddable":true,"href":"https:\/\/notinor.com\/jujuy\/wp-json\/wp\/v2\/comments?post=391914"}],"version-history":[{"count":1,"href":"https:\/\/notinor.com\/jujuy\/wp-json\/wp\/v2\/posts\/391914\/revisions"}],"predecessor-version":[{"id":391920,"href":"https:\/\/notinor.com\/jujuy\/wp-json\/wp\/v2\/posts\/391914\/revisions\/391920"}],"wp:featuredmedia":[{"embeddable":true,"href":"https:\/\/notinor.com\/jujuy\/wp-json\/wp\/v2\/media\/391917"}],"wp:attachment":[{"href":"https:\/\/notinor.com\/jujuy\/wp-json\/wp\/v2\/media?parent=391914"}],"wp:term":[{"taxonomy":"category","embeddable":true,"href":"https:\/\/notinor.com\/jujuy\/wp-json\/wp\/v2\/categories?post=391914"},{"taxonomy":"post_tag","embeddable":true,"href":"https:\/\/notinor.com\/jujuy\/wp-json\/wp\/v2\/tags?post=391914"}],"curies":[{"name":"wp","href":"https:\/\/api.w.org\/{rel}","templated":true}]}}