{"id":391911,"date":"2023-09-28T08:31:23","date_gmt":"2023-09-28T11:31:23","guid":{"rendered":"https:\/\/notinor.com\/jujuy\/?p=391911"},"modified":"2023-09-28T08:31:26","modified_gmt":"2023-09-28T11:31:26","slug":"se-busca-a-agustina-alejandra-rivero-silvera","status":"publish","type":"post","link":"https:\/\/notinor.com\/jujuy\/se-busca-a-agustina-alejandra-rivero-silvera\/","title":{"rendered":"Se busca a Agustina Alejandra Rivero Silvera"},"content":{"rendered":"\n<p class=\"has-medium-font-size\"><strong><em>El Comit\u00e9 Interinstitucional de Actuaci\u00f3n en Casos de Desaparici\u00f3n de Mujeres, Ni\u00f1as y Personas de la Diversidad (CINDAC), informa que se busca a AGUSTINA ALEJANDRA RIVERO SILVERA de 14 A\u00d1OS.<\/em><\/strong> <\/p>\n\n\n<div class=\"wp-block-image\">\n<figure class=\"aligncenter size-full\"><img decoding=\"async\" loading=\"lazy\" width=\"720\" height=\"405\" src=\"https:\/\/notinor.com\/jujuy\/wp-content\/uploads\/2023\/09\/WhatsApp-Image-2023-09-28-at-8.27.06-AM.jpeg\" alt=\"\" class=\"wp-image-391912\" srcset=\"https:\/\/notinor.com\/jujuy\/wp-content\/uploads\/2023\/09\/WhatsApp-Image-2023-09-28-at-8.27.06-AM.jpeg 720w, https:\/\/notinor.com\/jujuy\/wp-content\/uploads\/2023\/09\/WhatsApp-Image-2023-09-28-at-8.27.06-AM-649x365.jpeg 649w, https:\/\/notinor.com\/jujuy\/wp-content\/uploads\/2023\/09\/WhatsApp-Image-2023-09-28-at-8.27.06-AM-500x280.jpeg 500w\" sizes=\"(max-width: 720px) 100vw, 720px\" \/><figcaption class=\"wp-element-caption\">B\u00fasqueda de Personas<\/figcaption><\/figure><\/div>\n\n\n<p>Se encuentra desaparecida desde el 27\/09\/2023, la denuncia fue radicada el 27\/09\/2023, con domicilio en B\u00b0 San Pedrito- San Salvador de Jujuy- Jujuy.<\/p>\n\n\n\n<p><strong>Quienes puedan aportar informaci\u00f3n que permita dar con su paradero, comunicarse a la l\u00ednea 911\/388-4245600\/388-6828607 o dirigirse a la unidad policial m\u00e1s cercana<\/strong><\/p>\n","protected":false},"excerpt":{"rendered":"<p>El Comit\u00e9 Interinstitucional de Actuaci\u00f3n en Casos de Desaparici\u00f3n de Mujeres, Ni\u00f1as y Personas de la Diversidad (CINDAC), informa que se busca a AGUSTINA ALEJANDRA RIVERO SILVERA de 14 A\u00d1OS. Se encuentra desaparecida desde el 27\/09\/2023, la denuncia fue radicada el 27\/09\/2023, con domicilio en B\u00b0 San Pedrito- San Salvador de Jujuy- Jujuy. Quienes puedan [&hellip;]<\/p>\n","protected":false},"author":53,"featured_media":391912,"comment_status":"open","ping_status":"open","sticky":false,"template":"","format":"standard","meta":{"_stopmodifiedupdate":false,"_modified_date":"","inline_featured_image":false,"spay_email":"","jetpack_publicize_message":""},"categories":[1157],"tags":[2929,2928],"jetpack_featured_media_url":"https:\/\/notinor.com\/jujuy\/wp-content\/uploads\/2023\/09\/WhatsApp-Image-2023-09-28-at-8.27.06-AM.jpeg","jetpack_publicize_connections":[],"_links":{"self":[{"href":"https:\/\/notinor.com\/jujuy\/wp-json\/wp\/v2\/posts\/391911"}],"collection":[{"href":"https:\/\/notinor.com\/jujuy\/wp-json\/wp\/v2\/posts"}],"about":[{"href":"https:\/\/notinor.com\/jujuy\/wp-json\/wp\/v2\/types\/post"}],"author":[{"embeddable":true,"href":"https:\/\/notinor.com\/jujuy\/wp-json\/wp\/v2\/users\/53"}],"replies":[{"embeddable":true,"href":"https:\/\/notinor.com\/jujuy\/wp-json\/wp\/v2\/comments?post=391911"}],"version-history":[{"count":1,"href":"https:\/\/notinor.com\/jujuy\/wp-json\/wp\/v2\/posts\/391911\/revisions"}],"predecessor-version":[{"id":391913,"href":"https:\/\/notinor.com\/jujuy\/wp-json\/wp\/v2\/posts\/391911\/revisions\/391913"}],"wp:featuredmedia":[{"embeddable":true,"href":"https:\/\/notinor.com\/jujuy\/wp-json\/wp\/v2\/media\/391912"}],"wp:attachment":[{"href":"https:\/\/notinor.com\/jujuy\/wp-json\/wp\/v2\/media?parent=391911"}],"wp:term":[{"taxonomy":"category","embeddable":true,"href":"https:\/\/notinor.com\/jujuy\/wp-json\/wp\/v2\/categories?post=391911"},{"taxonomy":"post_tag","embeddable":true,"href":"https:\/\/notinor.com\/jujuy\/wp-json\/wp\/v2\/tags?post=391911"}],"curies":[{"name":"wp","href":"https:\/\/api.w.org\/{rel}","templated":true}]}}