{"id":391452,"date":"2023-09-22T11:23:42","date_gmt":"2023-09-22T14:23:42","guid":{"rendered":"https:\/\/notinor.com\/jujuy\/?p=391452"},"modified":"2023-09-22T11:23:44","modified_gmt":"2023-09-22T14:23:44","slug":"detuvieron-al-presunto-asesino-de-morena","status":"publish","type":"post","link":"https:\/\/notinor.com\/jujuy\/detuvieron-al-presunto-asesino-de-morena\/","title":{"rendered":"Detuvieron al presunto asesino de Morena"},"content":{"rendered":"\n<p class=\"has-medium-font-size\"><strong><em>Facundo Ortiz, de 22 a\u00f1os, es se\u00f1alado como el hombre que se baj\u00f3 de la moto, arrastr\u00f3 a Morena por la calle y la golpe\u00f3, provoc\u00e1ndole la muerte. Fue arrestado en Punta Lara esta madrugada.<\/em><\/strong><\/p>\n\n\n<div class=\"wp-block-image\">\n<figure class=\"aligncenter size-full\"><img decoding=\"async\" loading=\"lazy\" width=\"760\" height=\"469\" src=\"https:\/\/notinor.com\/jujuy\/wp-content\/uploads\/2023\/09\/ARCHI_1024423.jpg\" alt=\"\" class=\"wp-image-391453\" srcset=\"https:\/\/notinor.com\/jujuy\/wp-content\/uploads\/2023\/09\/ARCHI_1024423.jpg 760w, https:\/\/notinor.com\/jujuy\/wp-content\/uploads\/2023\/09\/ARCHI_1024423-591x365.jpg 591w, https:\/\/notinor.com\/jujuy\/wp-content\/uploads\/2023\/09\/ARCHI_1024423-750x463.jpg 750w\" sizes=\"(max-width: 760px) 100vw, 760px\" \/><figcaption class=\"wp-element-caption\">Facundo Ort\u00edz- presunto asesino de Morena<\/figcaption><\/figure><\/div>\n\n\n<p>Un mes y medio despu\u00e9s del crimen de Morena Dom\u00ednguez en Villa Diamante, Lan\u00fas, detuvieron al presunto asesino de la nena de 11 a\u00f1os atacada por motochorros cuando se dirig\u00eda a la escuela. Facundo Ortiz (22) fue apresado en Punta Lara durante la madrugada de este viernes.<\/p>\n\n\n\n<p><strong>El delincuente ten\u00eda antecedentes penales por distintos robos y un pedido de captura ordenado por la fiscal Silvia Bussano<\/strong>, cuando se dict\u00f3 la prisi\u00f3n preventiva para Miguel Madariaga (\u201dMiguelito\u201d, de 28 a\u00f1os) y se dispuso la libertad de su hermano menor, Dar\u00edo (\u201dLolo\u201d, 25 a\u00f1os), por falta de pruebas que lo vincularan con el hecho.<\/p>\n\n\n\n<blockquote class=\"wp-block-quote\">\n<p>Ortiz fue arrestado en un departamento de dos plantas ubicado en la calle Almirante Brown y 46, frente a la costanera de Punta Lara, en un operativo conjunto entre la divisi\u00f3n Homicidios de la Polic\u00eda bonaerense, la Polic\u00eda de la Ciudad y el escuadr\u00f3n de Gendarmer\u00eda del barrio 1-11-14.<\/p>\n<\/blockquote>\n\n\n\n<p><strong>A partir del giro que tom\u00f3 la investigaci\u00f3n, Ortiz es acusado de haber sido el autor material del crimen. <\/strong>Es decir, la persona que -seg\u00fan se advierte en las c\u00e1maras de seguridad- baj\u00f3 de la moto, arrastr\u00f3 a Morena por la calle y la golpe\u00f3.<\/p>\n\n\n\n<p><strong>El crimen de Morena Dom\u00ednguez<\/strong><br>Las im\u00e1genes de las c\u00e1maras de seguridad, que constituyen la principal prueba del caso, muestran c\u00f3mo Morena fue atacada por dos motochorros cuando estaba a punto de llegar a clases, en la Escuela N\u00b060 Almafuerte, el 9 de agosto a las 7.20.<\/p>\n\n\n\n<p><strong>A la nena la golpearon, la arrastraron y, finalmente, la mataron. La investigaci\u00f3n fue caratulada como homicidio en ocasi\u00f3n de robo en concurso real con encubrimiento.<\/strong><\/p>\n\n\n\n<p>Fuente TN<\/p>\n","protected":false},"excerpt":{"rendered":"<p>Facundo Ortiz, de 22 a\u00f1os, es se\u00f1alado como el hombre que se baj\u00f3 de la moto, arrastr\u00f3 a Morena por la calle y la golpe\u00f3, provoc\u00e1ndole la muerte. Fue arrestado en Punta Lara esta madrugada. Un mes y medio despu\u00e9s del crimen de Morena Dom\u00ednguez en Villa Diamante, Lan\u00fas, detuvieron al presunto asesino de la [&hellip;]<\/p>\n","protected":false},"author":53,"featured_media":391453,"comment_status":"open","ping_status":"open","sticky":false,"template":"","format":"standard","meta":{"_stopmodifiedupdate":false,"_modified_date":"","inline_featured_image":false,"spay_email":"","jetpack_publicize_message":""},"categories":[3],"tags":[573,189,2889,2890],"jetpack_featured_media_url":"https:\/\/notinor.com\/jujuy\/wp-content\/uploads\/2023\/09\/ARCHI_1024423.jpg","jetpack_publicize_connections":[],"_links":{"self":[{"href":"https:\/\/notinor.com\/jujuy\/wp-json\/wp\/v2\/posts\/391452"}],"collection":[{"href":"https:\/\/notinor.com\/jujuy\/wp-json\/wp\/v2\/posts"}],"about":[{"href":"https:\/\/notinor.com\/jujuy\/wp-json\/wp\/v2\/types\/post"}],"author":[{"embeddable":true,"href":"https:\/\/notinor.com\/jujuy\/wp-json\/wp\/v2\/users\/53"}],"replies":[{"embeddable":true,"href":"https:\/\/notinor.com\/jujuy\/wp-json\/wp\/v2\/comments?post=391452"}],"version-history":[{"count":1,"href":"https:\/\/notinor.com\/jujuy\/wp-json\/wp\/v2\/posts\/391452\/revisions"}],"predecessor-version":[{"id":391454,"href":"https:\/\/notinor.com\/jujuy\/wp-json\/wp\/v2\/posts\/391452\/revisions\/391454"}],"wp:featuredmedia":[{"embeddable":true,"href":"https:\/\/notinor.com\/jujuy\/wp-json\/wp\/v2\/media\/391453"}],"wp:attachment":[{"href":"https:\/\/notinor.com\/jujuy\/wp-json\/wp\/v2\/media?parent=391452"}],"wp:term":[{"taxonomy":"category","embeddable":true,"href":"https:\/\/notinor.com\/jujuy\/wp-json\/wp\/v2\/categories?post=391452"},{"taxonomy":"post_tag","embeddable":true,"href":"https:\/\/notinor.com\/jujuy\/wp-json\/wp\/v2\/tags?post=391452"}],"curies":[{"name":"wp","href":"https:\/\/api.w.org\/{rel}","templated":true}]}}