{"id":391412,"date":"2023-09-22T10:12:01","date_gmt":"2023-09-22T13:12:01","guid":{"rendered":"https:\/\/notinor.com\/jujuy\/?p=391412"},"modified":"2023-09-22T10:12:02","modified_gmt":"2023-09-22T13:12:02","slug":"la-leche-en-polvo-cierra-septiembre-con-una-suba-de-casi-11-en-el-mercado-internacional","status":"publish","type":"post","link":"https:\/\/notinor.com\/jujuy\/la-leche-en-polvo-cierra-septiembre-con-una-suba-de-casi-11-en-el-mercado-internacional\/","title":{"rendered":"La leche en polvo cierra septiembre con una suba de casi 11% en el mercado internacional"},"content":{"rendered":"\n<p class=\"has-medium-font-size\"><strong><em>Este martes se llev\u00f3 a cabo una nueva subasta de la plataforma Global Dairy Trade (GDT), la cual arroj\u00f3 una nueva suba para el precio general de los l\u00e1cteos, acumulando en septiembre un aumento de 7.2%.<\/em><\/strong><\/p>\n\n\n<div class=\"wp-block-image\">\n<figure class=\"aligncenter size-large\"><img decoding=\"async\" loading=\"lazy\" width=\"840\" height=\"473\" src=\"https:\/\/notinor.com\/jujuy\/wp-content\/uploads\/2023\/09\/leche-en-polvo-32-840x473.jpg\" alt=\"\" class=\"wp-image-391415\" srcset=\"https:\/\/notinor.com\/jujuy\/wp-content\/uploads\/2023\/09\/leche-en-polvo-32-840x473.jpg 840w, https:\/\/notinor.com\/jujuy\/wp-content\/uploads\/2023\/09\/leche-en-polvo-32-649x365.jpg 649w, https:\/\/notinor.com\/jujuy\/wp-content\/uploads\/2023\/09\/leche-en-polvo-32-768x432.jpg 768w, https:\/\/notinor.com\/jujuy\/wp-content\/uploads\/2023\/09\/leche-en-polvo-32-750x422.jpg 750w, https:\/\/notinor.com\/jujuy\/wp-content\/uploads\/2023\/09\/leche-en-polvo-32.jpg 1024w\" sizes=\"(max-width: 840px) 100vw, 840px\" \/><figcaption class=\"wp-element-caption\">Producci\u00f3n de leche en polvo<\/figcaption><\/figure><\/div>\n\n\n<p>Se llev\u00f3 a cabo la \u00faltima subasta del GDT de septiembre, con una nueva suba para el precio general de los l\u00e1cteos y de la leche en polvo entera en particular, donde el acumulado logr\u00f3 un aumento del 10.9%.<\/p>\n\n\n\n<p><strong>En el caso de la leche en polvo entera particularmente, este ascenso fue m\u00e1s pronunciado. Con una primera suba a inicios de mes del 5.3%, m\u00e1s el nuevo registro positivo del 4.6% logrado en la subasta de este \u00faltimo martes, el acumulado de septiembre alcanz\u00f3 10.9% por tonelada.<\/strong><\/p>\n\n\n<div class=\"wp-block-image\">\n<figure class=\"aligncenter size-full\"><img decoding=\"async\" loading=\"lazy\" width=\"759\" height=\"335\" src=\"https:\/\/notinor.com\/jujuy\/wp-content\/uploads\/2023\/09\/subas-precio-leche-gdt-septiembre-2023.jpg\" alt=\"\" class=\"wp-image-391416\" srcset=\"https:\/\/notinor.com\/jujuy\/wp-content\/uploads\/2023\/09\/subas-precio-leche-gdt-septiembre-2023.jpg 759w, https:\/\/notinor.com\/jujuy\/wp-content\/uploads\/2023\/09\/subas-precio-leche-gdt-septiembre-2023-660x291.jpg 660w, https:\/\/notinor.com\/jujuy\/wp-content\/uploads\/2023\/09\/subas-precio-leche-gdt-septiembre-2023-750x331.jpg 750w\" sizes=\"(max-width: 759px) 100vw, 759px\" \/><figcaption class=\"wp-element-caption\">Aumento del valor de la leche en polvo<\/figcaption><\/figure><\/div>\n\n\n<p>Fuente Todoagro.com.ar<\/p>\n","protected":false},"excerpt":{"rendered":"<p>Este martes se llev\u00f3 a cabo una nueva subasta de la plataforma Global Dairy Trade (GDT), la cual arroj\u00f3 una nueva suba para el precio general de los l\u00e1cteos, acumulando en septiembre un aumento de 7.2%. Se llev\u00f3 a cabo la \u00faltima subasta del GDT de septiembre, con una nueva suba para el precio general [&hellip;]<\/p>\n","protected":false},"author":53,"featured_media":391415,"comment_status":"open","ping_status":"open","sticky":false,"template":"","format":"standard","meta":{"_stopmodifiedupdate":false,"_modified_date":"","inline_featured_image":false,"spay_email":"","jetpack_publicize_message":""},"categories":[2542],"tags":[573,2887],"jetpack_featured_media_url":"https:\/\/notinor.com\/jujuy\/wp-content\/uploads\/2023\/09\/leche-en-polvo-32.jpg","jetpack_publicize_connections":[],"_links":{"self":[{"href":"https:\/\/notinor.com\/jujuy\/wp-json\/wp\/v2\/posts\/391412"}],"collection":[{"href":"https:\/\/notinor.com\/jujuy\/wp-json\/wp\/v2\/posts"}],"about":[{"href":"https:\/\/notinor.com\/jujuy\/wp-json\/wp\/v2\/types\/post"}],"author":[{"embeddable":true,"href":"https:\/\/notinor.com\/jujuy\/wp-json\/wp\/v2\/users\/53"}],"replies":[{"embeddable":true,"href":"https:\/\/notinor.com\/jujuy\/wp-json\/wp\/v2\/comments?post=391412"}],"version-history":[{"count":1,"href":"https:\/\/notinor.com\/jujuy\/wp-json\/wp\/v2\/posts\/391412\/revisions"}],"predecessor-version":[{"id":391418,"href":"https:\/\/notinor.com\/jujuy\/wp-json\/wp\/v2\/posts\/391412\/revisions\/391418"}],"wp:featuredmedia":[{"embeddable":true,"href":"https:\/\/notinor.com\/jujuy\/wp-json\/wp\/v2\/media\/391415"}],"wp:attachment":[{"href":"https:\/\/notinor.com\/jujuy\/wp-json\/wp\/v2\/media?parent=391412"}],"wp:term":[{"taxonomy":"category","embeddable":true,"href":"https:\/\/notinor.com\/jujuy\/wp-json\/wp\/v2\/categories?post=391412"},{"taxonomy":"post_tag","embeddable":true,"href":"https:\/\/notinor.com\/jujuy\/wp-json\/wp\/v2\/tags?post=391412"}],"curies":[{"name":"wp","href":"https:\/\/api.w.org\/{rel}","templated":true}]}}