{"id":391369,"date":"2023-09-21T20:32:22","date_gmt":"2023-09-21T23:32:22","guid":{"rendered":"https:\/\/notinor.com\/jujuy\/?p=391369"},"modified":"2023-09-21T20:32:24","modified_gmt":"2023-09-21T23:32:24","slug":"morales-y-parlamentarios-europeos-abren-las-puertas-a-inversiones-en-hidrogeno-verde-y-litio","status":"publish","type":"post","link":"https:\/\/notinor.com\/jujuy\/morales-y-parlamentarios-europeos-abren-las-puertas-a-inversiones-en-hidrogeno-verde-y-litio\/","title":{"rendered":"Morales y parlamentarios europeos abren las puertas a inversiones en hidr\u00f3geno verde y litio"},"content":{"rendered":"\n<p class=\"has-medium-font-size\"><strong><em>El gobernador de Jujuy, Gerardo Morales, mantuvo una reuni\u00f3n especial con Eurodiputados que trabajan a favor del fortalecimiento y enriquecimiento de las relaciones de Europa con Am\u00e9rica Latina.<\/em><\/strong><\/p>\n\n\n\n<p><\/p>\n\n\n<div class=\"wp-block-image\">\n<figure class=\"aligncenter size-full\"><img decoding=\"async\" loading=\"lazy\" width=\"800\" height=\"450\" src=\"https:\/\/notinor.com\/jujuy\/wp-content\/uploads\/2023\/09\/gerardo-morales-en-bruselas-1.jpg\" alt=\"\" class=\"wp-image-391370\" srcset=\"https:\/\/notinor.com\/jujuy\/wp-content\/uploads\/2023\/09\/gerardo-morales-en-bruselas-1.jpg 800w, https:\/\/notinor.com\/jujuy\/wp-content\/uploads\/2023\/09\/gerardo-morales-en-bruselas-1-649x365.jpg 649w, https:\/\/notinor.com\/jujuy\/wp-content\/uploads\/2023\/09\/gerardo-morales-en-bruselas-1-500x280.jpg 500w, https:\/\/notinor.com\/jujuy\/wp-content\/uploads\/2023\/09\/gerardo-morales-en-bruselas-1-768x432.jpg 768w, https:\/\/notinor.com\/jujuy\/wp-content\/uploads\/2023\/09\/gerardo-morales-en-bruselas-1-750x422.jpg 750w\" sizes=\"(max-width: 800px) 100vw, 800px\" \/><\/figure><\/div>\n\n\n<p><\/p>\n\n\n\n<p><strong>La reuni\u00f3n, enmarcada en la agenda institucional que el mandatario lleva adelante en Bruselas, puso en relieve la importancia que adquiere la diplomacia parlamentaria, considerado otro eje estrat\u00e9gico a desarrollar por Jujuy <\/strong>con el acompa\u00f1amiento de la Embajada Argentina ante la Uni\u00f3n Europea, a los efectos de atraer inversiones a nuestra provincia, en materia de hidr\u00f3geno verde y litio.<\/p>\n\n\n\n<p><strong>La reuni\u00f3n fue coordinada por el presidente de la Delegaci\u00f3n para las Relaciones con el MERCOSUR (DMER), Jordi Ca\u00f1as, y tambi\u00e9n fue parte de la misma el embajador de la Rep\u00fablica Argentina ante la Uni\u00f3n Europea, Atilio Berardi, <\/strong>entre otros.<\/p>\n","protected":false},"excerpt":{"rendered":"<p>El gobernador de Jujuy, Gerardo Morales, mantuvo una reuni\u00f3n especial con Eurodiputados que trabajan a favor del fortalecimiento y enriquecimiento de las relaciones de Europa con Am\u00e9rica Latina. La reuni\u00f3n, enmarcada en la agenda institucional que el mandatario lleva adelante en Bruselas, puso en relieve la importancia que adquiere la diplomacia parlamentaria, considerado otro eje [&hellip;]<\/p>\n","protected":false},"author":49,"featured_media":391370,"comment_status":"open","ping_status":"open","sticky":false,"template":"","format":"standard","meta":{"_stopmodifiedupdate":false,"_modified_date":"","inline_featured_image":false,"spay_email":"","jetpack_publicize_message":""},"categories":[2,501],"tags":[],"jetpack_featured_media_url":"https:\/\/notinor.com\/jujuy\/wp-content\/uploads\/2023\/09\/gerardo-morales-en-bruselas-1.jpg","jetpack_publicize_connections":[],"_links":{"self":[{"href":"https:\/\/notinor.com\/jujuy\/wp-json\/wp\/v2\/posts\/391369"}],"collection":[{"href":"https:\/\/notinor.com\/jujuy\/wp-json\/wp\/v2\/posts"}],"about":[{"href":"https:\/\/notinor.com\/jujuy\/wp-json\/wp\/v2\/types\/post"}],"author":[{"embeddable":true,"href":"https:\/\/notinor.com\/jujuy\/wp-json\/wp\/v2\/users\/49"}],"replies":[{"embeddable":true,"href":"https:\/\/notinor.com\/jujuy\/wp-json\/wp\/v2\/comments?post=391369"}],"version-history":[{"count":1,"href":"https:\/\/notinor.com\/jujuy\/wp-json\/wp\/v2\/posts\/391369\/revisions"}],"predecessor-version":[{"id":391371,"href":"https:\/\/notinor.com\/jujuy\/wp-json\/wp\/v2\/posts\/391369\/revisions\/391371"}],"wp:featuredmedia":[{"embeddable":true,"href":"https:\/\/notinor.com\/jujuy\/wp-json\/wp\/v2\/media\/391370"}],"wp:attachment":[{"href":"https:\/\/notinor.com\/jujuy\/wp-json\/wp\/v2\/media?parent=391369"}],"wp:term":[{"taxonomy":"category","embeddable":true,"href":"https:\/\/notinor.com\/jujuy\/wp-json\/wp\/v2\/categories?post=391369"},{"taxonomy":"post_tag","embeddable":true,"href":"https:\/\/notinor.com\/jujuy\/wp-json\/wp\/v2\/tags?post=391369"}],"curies":[{"name":"wp","href":"https:\/\/api.w.org\/{rel}","templated":true}]}}