{"id":391365,"date":"2023-09-21T19:09:00","date_gmt":"2023-09-21T22:09:00","guid":{"rendered":"https:\/\/notinor.com\/jujuy\/?p=391365"},"modified":"2023-09-21T19:54:09","modified_gmt":"2023-09-21T22:54:09","slug":"se-firmo-un-acuerdo-para-evitar-barreras-paraarancelarias-con-la-union-europea","status":"publish","type":"post","link":"https:\/\/notinor.com\/jujuy\/se-firmo-un-acuerdo-para-evitar-barreras-paraarancelarias-con-la-union-europea\/","title":{"rendered":"Se firm\u00f3 un acuerdo para evitar barreras paraarancelarias con la Uni\u00f3n Europea"},"content":{"rendered":"\n<p class=\"has-medium-font-size\"><strong><em>Es para desarrollar una plataforma de trazabilidad de soja y carne bovina libres de deforestaci\u00f3n.<\/em><\/strong> <strong><em>En la r\u00fabrica estuvo el Gobierno, la industria y el sector agropecuario.<\/em><\/strong><\/p>\n\n\n\n<p><\/p>\n\n\n<div class=\"wp-block-image\">\n<figure class=\"aligncenter size-full\"><img decoding=\"async\" loading=\"lazy\" width=\"800\" height=\"450\" src=\"https:\/\/notinor.com\/jujuy\/wp-content\/uploads\/2023\/09\/acuerdo-con-la-union-europea-1.jpg\" alt=\"\" class=\"wp-image-391367\" srcset=\"https:\/\/notinor.com\/jujuy\/wp-content\/uploads\/2023\/09\/acuerdo-con-la-union-europea-1.jpg 800w, https:\/\/notinor.com\/jujuy\/wp-content\/uploads\/2023\/09\/acuerdo-con-la-union-europea-1-649x365.jpg 649w, https:\/\/notinor.com\/jujuy\/wp-content\/uploads\/2023\/09\/acuerdo-con-la-union-europea-1-500x280.jpg 500w, https:\/\/notinor.com\/jujuy\/wp-content\/uploads\/2023\/09\/acuerdo-con-la-union-europea-1-768x432.jpg 768w, https:\/\/notinor.com\/jujuy\/wp-content\/uploads\/2023\/09\/acuerdo-con-la-union-europea-1-750x422.jpg 750w\" sizes=\"(max-width: 800px) 100vw, 800px\" \/><\/figure><\/div>\n\n\n<p><\/p>\n\n\n\n<p>Este mi\u00e9rcoles se firm\u00f3 un \"acuerdo hist\u00f3rico\" entre el Gobierno, la industria y el sector agropecuario <strong>para desarrollar una plataforma de trazabilidad de soja y carne bovina libres de deforestaci\u00f3n.<\/strong><\/p>\n\n\n\n<p><strong>Los objetivos del acuerdo incluyen capacitaci\u00f3n para productores agr\u00edcolas y ganaderos para que puedan acceder a la plataforma; acceso gratuito para todos los productores argentinos; transparencia en la plataforma; la aceptaci\u00f3n de la plataforma en mercados internacionales; <\/strong>y utilizar la identificaci\u00f3n de libre de deforestaci\u00f3n en toda campa\u00f1a de posicionamiento de productos argentinos en el mundo.<\/p>\n\n\n\n<p>En la r\u00fabrica del acuerdo estuvieron el ministro de Econom\u00eda, Sergio Massa, el secretario de Agricultura, Juan Jos\u00e9 Bahillo, el presedente de Ciara-Cec, Gustavo Id\u00edgoras, el titular de la Sociedad Rural Argentina, Nicol\u00e1s Pino, el presidente del Consorcio Exportador de Carnes ABC, Mario Ravettino y el representante de la Bolsa de Comercio de Rosario, Javier Cervio.<\/p>\n\n\n\n<p><strong>La soja y la carne, los dos productos m\u00e1s importantes de la agroindustria argentina, una por volumen y otra por precio por tonelada, enfrentan una exigencia con plazo al 2025 desde la Uni\u00f3n Europea, <\/strong>el bloque comercial que m\u00e1s importa la harina de la oleaginosa y que pago los mejores precios por los cortes bovinos.<\/p>\n\n\n\n<p><strong>\"Trabajaremos juntos para cumplir con est\u00e1ndares internacionales y promover la transparencia del sector\", <\/strong>dijeron desde Ciara-Cec.<\/p>\n\n\n\n<p>La semana pasada, durante el Congreso Internacional de Ma\u00edz, realizado en Paran\u00e1, Entre R\u00edos, <strong>Id\u00edgoras advirti\u00f3 que mercados est\u00e1n entrando en una agenda de sustentabilidad, y empiezan a pedir informaci\u00f3n sobre el balance de carbono, emisiones netas, el consumo de agua por hect\u00e1rea.<\/strong><\/p>\n\n\n\n<p>Y sobre todo, si los cultivos (por ahora soja y carne) se producen en una zona libre de deforestaci\u00f3n. Pero destac\u00f3 que tambi\u00e9n el ma\u00edz tendr\u00e1 que certificarse pr\u00f3ximamente.<\/p>\n","protected":false},"excerpt":{"rendered":"<p>Es para desarrollar una plataforma de trazabilidad de soja y carne bovina libres de deforestaci\u00f3n. En la r\u00fabrica estuvo el Gobierno, la industria y el sector agropecuario. Este mi\u00e9rcoles se firm\u00f3 un \"acuerdo hist\u00f3rico\" entre el Gobierno, la industria y el sector agropecuario para desarrollar una plataforma de trazabilidad de soja y carne bovina libres [&hellip;]<\/p>\n","protected":false},"author":49,"featured_media":391366,"comment_status":"open","ping_status":"open","sticky":false,"template":"","format":"standard","meta":{"_stopmodifiedupdate":false,"_modified_date":"","inline_featured_image":false,"spay_email":"","jetpack_publicize_message":""},"categories":[676],"tags":[],"jetpack_featured_media_url":"https:\/\/notinor.com\/jujuy\/wp-content\/uploads\/2023\/09\/acuerdo-con-la-union-europea.jpg","jetpack_publicize_connections":[],"_links":{"self":[{"href":"https:\/\/notinor.com\/jujuy\/wp-json\/wp\/v2\/posts\/391365"}],"collection":[{"href":"https:\/\/notinor.com\/jujuy\/wp-json\/wp\/v2\/posts"}],"about":[{"href":"https:\/\/notinor.com\/jujuy\/wp-json\/wp\/v2\/types\/post"}],"author":[{"embeddable":true,"href":"https:\/\/notinor.com\/jujuy\/wp-json\/wp\/v2\/users\/49"}],"replies":[{"embeddable":true,"href":"https:\/\/notinor.com\/jujuy\/wp-json\/wp\/v2\/comments?post=391365"}],"version-history":[{"count":1,"href":"https:\/\/notinor.com\/jujuy\/wp-json\/wp\/v2\/posts\/391365\/revisions"}],"predecessor-version":[{"id":391368,"href":"https:\/\/notinor.com\/jujuy\/wp-json\/wp\/v2\/posts\/391365\/revisions\/391368"}],"wp:featuredmedia":[{"embeddable":true,"href":"https:\/\/notinor.com\/jujuy\/wp-json\/wp\/v2\/media\/391366"}],"wp:attachment":[{"href":"https:\/\/notinor.com\/jujuy\/wp-json\/wp\/v2\/media?parent=391365"}],"wp:term":[{"taxonomy":"category","embeddable":true,"href":"https:\/\/notinor.com\/jujuy\/wp-json\/wp\/v2\/categories?post=391365"},{"taxonomy":"post_tag","embeddable":true,"href":"https:\/\/notinor.com\/jujuy\/wp-json\/wp\/v2\/tags?post=391365"}],"curies":[{"name":"wp","href":"https:\/\/api.w.org\/{rel}","templated":true}]}}