{"id":390792,"date":"2023-09-15T12:41:13","date_gmt":"2023-09-15T15:41:13","guid":{"rendered":"https:\/\/notinor.com\/jujuy\/?p=390792"},"modified":"2023-09-15T12:41:15","modified_gmt":"2023-09-15T15:41:15","slug":"murio-el-pintor-colombiano-fernando-botero","status":"publish","type":"post","link":"https:\/\/notinor.com\/jujuy\/murio-el-pintor-colombiano-fernando-botero\/","title":{"rendered":"Muri\u00f3 el pintor colombiano Fernando Botero"},"content":{"rendered":"\n<p class=\"has-medium-font-size\"><strong><em>El reconocido artista reconocido internacionalmente falleci\u00f3 este viernes en su casa luego de haber sufrido una neumon\u00eda. Hab\u00eda sido dado de alta y se encontraba en recuperaci\u00f3n.<\/em><\/strong><\/p>\n\n\n<div class=\"wp-block-image\">\n<figure class=\"aligncenter size-large\"><img decoding=\"async\" loading=\"lazy\" width=\"818\" height=\"480\" src=\"https:\/\/notinor.com\/jujuy\/wp-content\/uploads\/2023\/09\/fernando-botero-818x480.webp\" alt=\"\" class=\"wp-image-390793\" srcset=\"https:\/\/notinor.com\/jujuy\/wp-content\/uploads\/2023\/09\/fernando-botero-818x480.webp 818w, https:\/\/notinor.com\/jujuy\/wp-content\/uploads\/2023\/09\/fernando-botero-622x365.webp 622w, https:\/\/notinor.com\/jujuy\/wp-content\/uploads\/2023\/09\/fernando-botero-768x451.webp 768w, https:\/\/notinor.com\/jujuy\/wp-content\/uploads\/2023\/09\/fernando-botero-750x440.webp 750w, https:\/\/notinor.com\/jujuy\/wp-content\/uploads\/2023\/09\/fernando-botero-1140x669.webp 1140w, https:\/\/notinor.com\/jujuy\/wp-content\/uploads\/2023\/09\/fernando-botero.webp 1200w\" sizes=\"(max-width: 818px) 100vw, 818px\" \/><figcaption class=\"wp-element-caption\">Fernando Botero<\/figcaption><\/figure><\/div>\n\n\n<p>El pintor y escultor colombiano Fernando Botero, el artista colombiano m\u00e1s c\u00e9lebre conocido por sus esculturas de voluptuosas figuras, falleci\u00f3 este viernes a los 91 a\u00f1os de edad en su casa en el Principado de M\u00f3naco, informaron medios locales y autoridades.<\/p>\n\n\n\n<p><strong>El artista, nacido el 19 de abril de 1932 en Medell\u00edn, segu\u00eda pintando en su estudio hasta que sufri\u00f3 una neumon\u00eda por la que tuvo que ser ingresado, pero el jueves sali\u00f3 del hospital para recuperarse en casa, seg\u00fan inform\u00f3 la W Radio.<\/strong><\/p>\n\n\n\n<p>Su hija Lina Botero, en declaraciones a Caracol Radio, explic\u00f3 que falleci\u00f3 en M\u00f3naco esta ma\u00f1ana: \u201cLlevaba cinco d\u00edas bastante delicado de salud porque hab\u00eda desarrollado una neumon\u00eda\u201d.<\/p>\n\n\n<div class=\"wp-block-image\">\n<figure class=\"aligncenter size-large\"><img decoding=\"async\" loading=\"lazy\" width=\"401\" height=\"480\" src=\"https:\/\/notinor.com\/jujuy\/wp-content\/uploads\/2023\/09\/Fernando_Botero_90_anos_Planeta_Urbano_2022_Mona-Lisa-1978-401x480.webp\" alt=\"\" class=\"wp-image-390794\" srcset=\"https:\/\/notinor.com\/jujuy\/wp-content\/uploads\/2023\/09\/Fernando_Botero_90_anos_Planeta_Urbano_2022_Mona-Lisa-1978-401x480.webp 401w, https:\/\/notinor.com\/jujuy\/wp-content\/uploads\/2023\/09\/Fernando_Botero_90_anos_Planeta_Urbano_2022_Mona-Lisa-1978-305x365.webp 305w, https:\/\/notinor.com\/jujuy\/wp-content\/uploads\/2023\/09\/Fernando_Botero_90_anos_Planeta_Urbano_2022_Mona-Lisa-1978.webp 640w\" sizes=\"(max-width: 401px) 100vw, 401px\" \/><\/figure><\/div>\n\n\n<blockquote class=\"wp-block-quote\">\n<p><\/p>\n\n\n\n<p>\u201dMuri\u00f3 con 91 a\u00f1os, tuvo una vida extraordinaria y se fue en el momento indicado\u201d, expres\u00f3 Lina, quien lo record\u00f3 como una persona \u201cque dedic\u00f3 su vida a su pa\u00eds, que fue el tema de su obra art\u00edstica\u201d.<\/p>\n<\/blockquote>\n\n\n\n<p>\u201dHa muerto Fernando Botero, el pintor de nuestras tradiciones y defectos, el pintor de nuestras virtudes. El pintor de nuestra violencia y de la paz\u201d, escribi\u00f3 el presidente de Colombia, Gustavo Petro, en la red social X.<\/p>\n","protected":false},"excerpt":{"rendered":"<p>El reconocido artista reconocido internacionalmente falleci\u00f3 este viernes en su casa luego de haber sufrido una neumon\u00eda. Hab\u00eda sido dado de alta y se encontraba en recuperaci\u00f3n. El pintor y escultor colombiano Fernando Botero, el artista colombiano m\u00e1s c\u00e9lebre conocido por sus esculturas de voluptuosas figuras, falleci\u00f3 este viernes a los 91 a\u00f1os de edad [&hellip;]<\/p>\n","protected":false},"author":53,"featured_media":390793,"comment_status":"open","ping_status":"open","sticky":false,"template":"","format":"standard","meta":{"_stopmodifiedupdate":false,"_modified_date":"","inline_featured_image":false,"spay_email":"","jetpack_publicize_message":""},"categories":[17],"tags":[2856,2857,652],"jetpack_featured_media_url":"https:\/\/notinor.com\/jujuy\/wp-content\/uploads\/2023\/09\/fernando-botero.webp","jetpack_publicize_connections":[],"_links":{"self":[{"href":"https:\/\/notinor.com\/jujuy\/wp-json\/wp\/v2\/posts\/390792"}],"collection":[{"href":"https:\/\/notinor.com\/jujuy\/wp-json\/wp\/v2\/posts"}],"about":[{"href":"https:\/\/notinor.com\/jujuy\/wp-json\/wp\/v2\/types\/post"}],"author":[{"embeddable":true,"href":"https:\/\/notinor.com\/jujuy\/wp-json\/wp\/v2\/users\/53"}],"replies":[{"embeddable":true,"href":"https:\/\/notinor.com\/jujuy\/wp-json\/wp\/v2\/comments?post=390792"}],"version-history":[{"count":1,"href":"https:\/\/notinor.com\/jujuy\/wp-json\/wp\/v2\/posts\/390792\/revisions"}],"predecessor-version":[{"id":390795,"href":"https:\/\/notinor.com\/jujuy\/wp-json\/wp\/v2\/posts\/390792\/revisions\/390795"}],"wp:featuredmedia":[{"embeddable":true,"href":"https:\/\/notinor.com\/jujuy\/wp-json\/wp\/v2\/media\/390793"}],"wp:attachment":[{"href":"https:\/\/notinor.com\/jujuy\/wp-json\/wp\/v2\/media?parent=390792"}],"wp:term":[{"taxonomy":"category","embeddable":true,"href":"https:\/\/notinor.com\/jujuy\/wp-json\/wp\/v2\/categories?post=390792"},{"taxonomy":"post_tag","embeddable":true,"href":"https:\/\/notinor.com\/jujuy\/wp-json\/wp\/v2\/tags?post=390792"}],"curies":[{"name":"wp","href":"https:\/\/api.w.org\/{rel}","templated":true}]}}