{"id":390565,"date":"2023-09-13T09:56:00","date_gmt":"2023-09-13T12:56:00","guid":{"rendered":"https:\/\/notinor.com\/jujuy\/?p=390565"},"modified":"2023-09-13T09:56:01","modified_gmt":"2023-09-13T12:56:01","slug":"estudiantes-protagonizaron-la-siembra-de-semillas-de-primavera-verano-en-huertas-del-parque-belgrano","status":"publish","type":"post","link":"https:\/\/notinor.com\/jujuy\/estudiantes-protagonizaron-la-siembra-de-semillas-de-primavera-verano-en-huertas-del-parque-belgrano\/","title":{"rendered":"Estudiantes protagonizaron la siembra de semillas de primavera-verano en huertas del Parque Belgrano"},"content":{"rendered":"\n<p class=\"has-medium-font-size\"><strong><em>Ni\u00f1o y ni\u00f1as del Centro de Desarrollo Infantil \u201cTiempo de Juego\u201d&nbsp;<strong><em>junto a padres<\/em><\/strong>&nbsp;y alumnos del sexto grado de la escuela N\u00b0 455 \u201cADEP\u201d de Alto Comedero, protagonizaron la siembra de semillas de la \u00e9poca primavera-verano, en huertas del Parque Belgrano; organizado por la Direcci\u00f3n de Asistencia Directa dependiente de la Secretar\u00eda de Desarrollo Humano con el apoyo del NIDO del lugar.<\/em><\/strong><\/p>\n\n\n<div class=\"wp-block-image\">\n<figure class=\"aligncenter size-large is-resized\"><img decoding=\"async\" loading=\"lazy\" src=\"https:\/\/notinor.com\/jujuy\/wp-content\/uploads\/2023\/09\/huerta-1-840x428.jpg\" alt=\"\" class=\"wp-image-390567\" width=\"761\" height=\"388\" srcset=\"https:\/\/notinor.com\/jujuy\/wp-content\/uploads\/2023\/09\/huerta-1-840x428.jpg 840w, https:\/\/notinor.com\/jujuy\/wp-content\/uploads\/2023\/09\/huerta-1-660x336.jpg 660w, https:\/\/notinor.com\/jujuy\/wp-content\/uploads\/2023\/09\/huerta-1-768x392.jpg 768w, https:\/\/notinor.com\/jujuy\/wp-content\/uploads\/2023\/09\/huerta-1-750x382.jpg 750w, https:\/\/notinor.com\/jujuy\/wp-content\/uploads\/2023\/09\/huerta-1.jpg 1024w\" sizes=\"(max-width: 761px) 100vw, 761px\" \/><\/figure><\/div>\n\n\n<p>La actividad, se concret\u00f3 con la finalidad de crear conciencia y promover en los ni\u00f1os y ni\u00f1as, la importancia de lograr&nbsp;<em>\u201cla soberan\u00eda alimentaria y el cuidado del medio ambiente\u201d,<\/em>&nbsp;sintetiz\u00f3 Marisa Garc\u00eda directora de Asistencia Directa dependiente de la Secretar\u00eda de Desarrollo Humano de la Municipalidad de San Salvador de Jujuy.<\/p>\n\n\n<div class=\"wp-block-image\">\n<figure class=\"aligncenter size-large is-resized\"><img decoding=\"async\" loading=\"lazy\" src=\"https:\/\/notinor.com\/jujuy\/wp-content\/uploads\/2023\/09\/huerta-2-794x480.jpg\" alt=\"\" class=\"wp-image-390568\" width=\"744\" height=\"450\" srcset=\"https:\/\/notinor.com\/jujuy\/wp-content\/uploads\/2023\/09\/huerta-2-794x480.jpg 794w, https:\/\/notinor.com\/jujuy\/wp-content\/uploads\/2023\/09\/huerta-2-604x365.jpg 604w, https:\/\/notinor.com\/jujuy\/wp-content\/uploads\/2023\/09\/huerta-2-768x464.jpg 768w, https:\/\/notinor.com\/jujuy\/wp-content\/uploads\/2023\/09\/huerta-2-750x453.jpg 750w, https:\/\/notinor.com\/jujuy\/wp-content\/uploads\/2023\/09\/huerta-2.jpg 1024w\" sizes=\"(max-width: 744px) 100vw, 744px\" \/><\/figure><\/div>\n\n\n<p>\u201c<em>Hoy comenzamos con lo que es el calendario de primavera-verano, y nos est\u00e1n visitado el CDI Municipal \u2018Tiempo de Juego\u2019 con los padres y los alumnos del sexto grado de la Escuela n\u00b0 455 \u2018ADEP\u2019, para el inicio de siembras con las instituciones, para que puedan apreciar y promover lo que es tener una huerta en casa y pregonando las huertas educativa<\/em>s\u201d, acot\u00f3.<\/p>\n\n\n\n<p>Asimismo, destac\u00f3 que la importancia de tener una huerta en casa, para lograr lo que es la soberan\u00eda alimentaria y cuidad en nuestro medio ambiente.<\/p>\n\n\n<div class=\"wp-block-image\">\n<figure class=\"aligncenter size-large\"><img decoding=\"async\" loading=\"lazy\" width=\"708\" height=\"480\" src=\"https:\/\/notinor.com\/jujuy\/wp-content\/uploads\/2023\/09\/huerta-3-708x480.jpg\" alt=\"\" class=\"wp-image-390569\" srcset=\"https:\/\/notinor.com\/jujuy\/wp-content\/uploads\/2023\/09\/huerta-3-708x480.jpg 708w, https:\/\/notinor.com\/jujuy\/wp-content\/uploads\/2023\/09\/huerta-3-539x365.jpg 539w, https:\/\/notinor.com\/jujuy\/wp-content\/uploads\/2023\/09\/huerta-3-768x521.jpg 768w, https:\/\/notinor.com\/jujuy\/wp-content\/uploads\/2023\/09\/huerta-3-750x508.jpg 750w, https:\/\/notinor.com\/jujuy\/wp-content\/uploads\/2023\/09\/huerta-3.jpg 1024w\" sizes=\"(max-width: 708px) 100vw, 708px\" \/><\/figure><\/div>\n\n\n<p>La Direcci\u00f3n de Asistencia Directa, trabaja en la huerta del Parque Belgrano de 7 a 13 horas y las instituciones para participar de estas acciones no solamente de sembrar, sino de cosechando pueden acercarse al NIDO o a las oficinas de Almirante Brown y Oscar Orias (ex Ba\u00f1os P\u00fablicos) y solicitar su intervenci\u00f3n.<\/p>\n\n\n\n<p>Por su parte Irma Ovejero, administradora del NIDO Parque Belgrano, sostuvo que \u201c<em>la idea es que los chicos entiendan que una semilla es vida en potencia, poder verla crecer y vivenciar su crecimiento, es generar conciencia en los chicos para replicar en los padres y que entiendan que este espacio abierto desde la Municipalidad para la comunidad, les pertenece a todos\u201d.<\/em><\/p>\n\n\n\n<p><em>&nbsp;\u201cApuntamos a sumar a las instituciones, que vallan entendiendo de que nosotros lo que buscamos es tener un espacio de vida en crecimiento, y que todos puedan entender que el Parque Belgrano es un lugar donde podr\u00e1n robustecer el espacio verde para la comunidad de Alto Comedero\u201d<\/em>, concluy\u00f3.<\/p>\n\n\n\n<p><strong>Nota Audiovisual:&nbsp;<\/strong><em><a href=\"https:\/\/youtu.be\/zEtYoRnXZEk\">https:\/\/youtu.be\/zEtYoRnXZEk<\/a><\/em><\/p>\n","protected":false},"excerpt":{"rendered":"<p>Ni\u00f1o y ni\u00f1as del Centro de Desarrollo Infantil \u201cTiempo de Juego\u201d&nbsp;junto a padres&nbsp;y alumnos del sexto grado de la escuela N\u00b0 455 \u201cADEP\u201d de Alto Comedero, protagonizaron la siembra de semillas de la \u00e9poca primavera-verano, en huertas del Parque Belgrano; organizado por la Direcci\u00f3n de Asistencia Directa dependiente de la Secretar\u00eda de Desarrollo Humano con [&hellip;]<\/p>\n","protected":false},"author":5,"featured_media":390566,"comment_status":"open","ping_status":"open","sticky":false,"template":"","format":"standard","meta":{"_stopmodifiedupdate":false,"_modified_date":"","inline_featured_image":false,"spay_email":"","jetpack_publicize_message":""},"categories":[514],"tags":[],"jetpack_featured_media_url":"https:\/\/notinor.com\/jujuy\/wp-content\/uploads\/2023\/09\/huerta.jpg","jetpack_publicize_connections":[],"_links":{"self":[{"href":"https:\/\/notinor.com\/jujuy\/wp-json\/wp\/v2\/posts\/390565"}],"collection":[{"href":"https:\/\/notinor.com\/jujuy\/wp-json\/wp\/v2\/posts"}],"about":[{"href":"https:\/\/notinor.com\/jujuy\/wp-json\/wp\/v2\/types\/post"}],"author":[{"embeddable":true,"href":"https:\/\/notinor.com\/jujuy\/wp-json\/wp\/v2\/users\/5"}],"replies":[{"embeddable":true,"href":"https:\/\/notinor.com\/jujuy\/wp-json\/wp\/v2\/comments?post=390565"}],"version-history":[{"count":1,"href":"https:\/\/notinor.com\/jujuy\/wp-json\/wp\/v2\/posts\/390565\/revisions"}],"predecessor-version":[{"id":390570,"href":"https:\/\/notinor.com\/jujuy\/wp-json\/wp\/v2\/posts\/390565\/revisions\/390570"}],"wp:featuredmedia":[{"embeddable":true,"href":"https:\/\/notinor.com\/jujuy\/wp-json\/wp\/v2\/media\/390566"}],"wp:attachment":[{"href":"https:\/\/notinor.com\/jujuy\/wp-json\/wp\/v2\/media?parent=390565"}],"wp:term":[{"taxonomy":"category","embeddable":true,"href":"https:\/\/notinor.com\/jujuy\/wp-json\/wp\/v2\/categories?post=390565"},{"taxonomy":"post_tag","embeddable":true,"href":"https:\/\/notinor.com\/jujuy\/wp-json\/wp\/v2\/tags?post=390565"}],"curies":[{"name":"wp","href":"https:\/\/api.w.org\/{rel}","templated":true}]}}