{"id":390560,"date":"2023-09-13T09:43:09","date_gmt":"2023-09-13T12:43:09","guid":{"rendered":"https:\/\/notinor.com\/jujuy\/?p=390560"},"modified":"2023-09-13T09:43:12","modified_gmt":"2023-09-13T12:43:12","slug":"tras-el-fallo-contra-argentina-por-ypf-alberto-fernandez-en-wall-street","status":"publish","type":"post","link":"https:\/\/notinor.com\/jujuy\/tras-el-fallo-contra-argentina-por-ypf-alberto-fernandez-en-wall-street\/","title":{"rendered":"Tras el fallo contra Argentina por YPF, Alberto Fern\u00e1ndez en Wall Street"},"content":{"rendered":"\n<p class=\"has-medium-font-size\"><strong><em>Ser\u00e1 un desayuno con banqueros y ejecutivos de empresas, en un encuentro organizado por el Council of the Americas. Hubo llamadas personales para conseguir una buena concurrencia, tanto en cantidad como en calidad<\/em><\/strong><\/p>\n\n\n<div class=\"wp-block-image\">\n<figure class=\"aligncenter size-large\"><img decoding=\"async\" loading=\"lazy\" width=\"735\" height=\"480\" src=\"https:\/\/notinor.com\/jujuy\/wp-content\/uploads\/2023\/09\/FEYDVTD43JHPJNV4QOEFTU4EX4-735x480.webp\" alt=\"\" class=\"wp-image-390562\" srcset=\"https:\/\/notinor.com\/jujuy\/wp-content\/uploads\/2023\/09\/FEYDVTD43JHPJNV4QOEFTU4EX4-735x480.webp 735w, https:\/\/notinor.com\/jujuy\/wp-content\/uploads\/2023\/09\/FEYDVTD43JHPJNV4QOEFTU4EX4-559x365.webp 559w, https:\/\/notinor.com\/jujuy\/wp-content\/uploads\/2023\/09\/FEYDVTD43JHPJNV4QOEFTU4EX4-768x502.webp 768w, https:\/\/notinor.com\/jujuy\/wp-content\/uploads\/2023\/09\/FEYDVTD43JHPJNV4QOEFTU4EX4-750x490.webp 750w, https:\/\/notinor.com\/jujuy\/wp-content\/uploads\/2023\/09\/FEYDVTD43JHPJNV4QOEFTU4EX4.webp 980w\" sizes=\"(max-width: 735px) 100vw, 735px\" \/><\/figure><\/div>\n\n\n<p><\/p>\n\n\n\n<p><strong>Tras el paso por la India para participar de la reuni\u00f3n de presidentes del G-20, la semana que viene ser\u00e1 su \u00faltima participaci\u00f3n en la asamblea de Naciones Unidas.<\/strong> Pero en la previa, ya en Nueva York habr\u00e1, tiempo para un encuentro con banqueros y empresarios organizado por el Consejo de las Am\u00e9ricas.<\/p>\n\n\n\n<p>Las invitaciones ya fueron cursadas para un desayuno con el Presidente argentino el lunes por la ma\u00f1ana. Hubo llamadas personales para conseguir una buena concurrencia, tanto en cantidad como en calidad.<\/p>\n\n\n\n<p><strong>Seg\u00fan trascendi\u00f3 las respuestas positivas para concurrir a este encuentro hab\u00edan sido muy bajas, por lo que desde la organizaci\u00f3n del Council tuvieron que solicitar expresamente que no le hagan el vac\u00edo. <\/strong>Tiene su l\u00f3gica, teniendo en cuenta que se trata de un primer mandatario saliente -con lo que implica en relaci\u00f3n a un poder muy menguado- y que tampoco ha generado buenas relaciones con los inversores.<\/p>\n\n\n\n<p>Las empresas, bancos y fondos de inversi\u00f3n que forman parte del Council tienen intereses concretos en Am\u00e9rica latina y muchos tambi\u00e9n en la Argentina. Es esperable que las preguntas se concentren sobre todo en las perspectivas electorales, teniendo en cuenta que faltaron poco m\u00e1s de cuatro semanas para el 22 de octubre.<\/p>\n\n\n\n<blockquote class=\"wp-block-quote\">\n<p>Esta instituci\u00f3n organiz\u00f3 a fines de agosto su evento anual en Buenos Aires, como siempre con Susan Segal al frente. All\u00ed estuvieron varios candidatos presidenciales como el propio Javier Milei, de La Libertad Avanza, y Patricia Bullrich, por Juntos por el Cambio.<\/p>\n<\/blockquote>\n\n\n\n<p>La mayor inquietud de los inversores en Nueva York est\u00e1 centrada l\u00f3gicamente en la figura de Milei, a quien ven con amplias chances para convertirse en futuro presidente. Ser\u00e1 todo un desaf\u00edo para Alberto Fern\u00e1ndez dar una respuesta pol\u00edtica que a su vez no aumente los niveles de incertidumbre por lo que pueda llegar a suceder tras las elecciones. <strong>La gobernabilidad en caso de una victoria del libertario es uno de los temas que m\u00e1s inquieta a los hombres de negocios. <\/strong><\/p>\n\n\n\n<blockquote class=\"wp-block-quote\">\n<p>La semana pasada hubo dos representantes de Milei reunidos con banqueros e inversores, buena parte de ellos argentinos que trabajan hace muchos a\u00f1os en Nueva York. <\/p>\n<\/blockquote>\n\n\n\n<p><strong>Pero se trat\u00f3 de una cena sin demasiadas precisiones ni profundidad respecto a las futuras medidas que podr\u00eda adoptar el economista en caso de llegar a la presidencia.<\/strong><\/p>\n\n\n\n<p>Es esperable que las preguntas se concentren sobre todo en las perspectivas electorales, teniendo en cuenta que faltaron poco m\u00e1s de cuatro semanas para el 22 de octubre<br><strong>En esa l\u00ednea, tambi\u00e9n es muy probable que le pregunten a Alberto Fern\u00e1ndez sobre su postura respecto a una posible dolarizaci\u00f3n en la Argentina, aunque se descuenta una respuesta negativa de su parte.<\/strong><\/p>\n\n\n\n<blockquote class=\"wp-block-quote\">\n<p>Posiblemente otro de los temas principales pase por el fallo de la jueza Loretta Preska contra la Argentina por la expropiaci\u00f3n de YPF.<\/p>\n<\/blockquote>\n\n\n\n<p>La magistrada dict\u00f3 una millonaria condena por USD 16.000 millones, que ser\u00e1 apelada. Sin embargo, significa una pesada mochila que le puede caer a la pr\u00f3xima administraci\u00f3n, que tendr\u00eda que hacerse cargo de la decisi\u00f3n tomada por Cristina Kirchner en 2012, con Axel Kicillof como viceministro de Econom\u00eda.<\/p>\n","protected":false},"excerpt":{"rendered":"<p>Ser\u00e1 un desayuno con banqueros y ejecutivos de empresas, en un encuentro organizado por el Council of the Americas. Hubo llamadas personales para conseguir una buena concurrencia, tanto en cantidad como en calidad Tras el paso por la India para participar de la reuni\u00f3n de presidentes del G-20, la semana que viene ser\u00e1 su \u00faltima [&hellip;]<\/p>\n","protected":false},"author":53,"featured_media":390562,"comment_status":"open","ping_status":"open","sticky":false,"template":"","format":"standard","meta":{"_stopmodifiedupdate":false,"_modified_date":"","inline_featured_image":false,"spay_email":"","jetpack_publicize_message":""},"categories":[501],"tags":[634,573,696,1302,881],"jetpack_featured_media_url":"https:\/\/notinor.com\/jujuy\/wp-content\/uploads\/2023\/09\/FEYDVTD43JHPJNV4QOEFTU4EX4.webp","jetpack_publicize_connections":[],"_links":{"self":[{"href":"https:\/\/notinor.com\/jujuy\/wp-json\/wp\/v2\/posts\/390560"}],"collection":[{"href":"https:\/\/notinor.com\/jujuy\/wp-json\/wp\/v2\/posts"}],"about":[{"href":"https:\/\/notinor.com\/jujuy\/wp-json\/wp\/v2\/types\/post"}],"author":[{"embeddable":true,"href":"https:\/\/notinor.com\/jujuy\/wp-json\/wp\/v2\/users\/53"}],"replies":[{"embeddable":true,"href":"https:\/\/notinor.com\/jujuy\/wp-json\/wp\/v2\/comments?post=390560"}],"version-history":[{"count":1,"href":"https:\/\/notinor.com\/jujuy\/wp-json\/wp\/v2\/posts\/390560\/revisions"}],"predecessor-version":[{"id":390563,"href":"https:\/\/notinor.com\/jujuy\/wp-json\/wp\/v2\/posts\/390560\/revisions\/390563"}],"wp:featuredmedia":[{"embeddable":true,"href":"https:\/\/notinor.com\/jujuy\/wp-json\/wp\/v2\/media\/390562"}],"wp:attachment":[{"href":"https:\/\/notinor.com\/jujuy\/wp-json\/wp\/v2\/media?parent=390560"}],"wp:term":[{"taxonomy":"category","embeddable":true,"href":"https:\/\/notinor.com\/jujuy\/wp-json\/wp\/v2\/categories?post=390560"},{"taxonomy":"post_tag","embeddable":true,"href":"https:\/\/notinor.com\/jujuy\/wp-json\/wp\/v2\/tags?post=390560"}],"curies":[{"name":"wp","href":"https:\/\/api.w.org\/{rel}","templated":true}]}}