{"id":390496,"date":"2023-09-13T09:57:00","date_gmt":"2023-09-13T12:57:00","guid":{"rendered":"https:\/\/notinor.com\/jujuy\/?p=390496"},"modified":"2023-09-13T09:52:59","modified_gmt":"2023-09-13T12:52:59","slug":"devastadoras-inundaciones-han-dejado-miles-de-muertos-y-10-000-desaparecidos-en-libia","status":"publish","type":"post","link":"https:\/\/notinor.com\/jujuy\/devastadoras-inundaciones-han-dejado-miles-de-muertos-y-10-000-desaparecidos-en-libia\/","title":{"rendered":"Devastadoras inundaciones han dejado miles de muertos y 10.000 desaparecidos en Libia"},"content":{"rendered":"\n<p class=\"has-medium-font-size\"><strong><em>Miles de personas murieron y al menos 10.000 se encuentran desaparecidas por las devastadoras inundaciones provocadas por la tormenta Daniel que arrasaron el este de Libia.<\/em><\/strong><\/p>\n\n\n<div class=\"wp-block-image\">\n<figure class=\"aligncenter size-full\"><img decoding=\"async\" loading=\"lazy\" width=\"800\" height=\"449\" src=\"https:\/\/notinor.com\/jujuy\/wp-content\/uploads\/2023\/09\/16a1e1d0-5177-11ee-946f-8943d40f00bf.jpg\" alt=\"\" class=\"wp-image-390497\" srcset=\"https:\/\/notinor.com\/jujuy\/wp-content\/uploads\/2023\/09\/16a1e1d0-5177-11ee-946f-8943d40f00bf.jpg 800w, https:\/\/notinor.com\/jujuy\/wp-content\/uploads\/2023\/09\/16a1e1d0-5177-11ee-946f-8943d40f00bf-650x365.jpg 650w, https:\/\/notinor.com\/jujuy\/wp-content\/uploads\/2023\/09\/16a1e1d0-5177-11ee-946f-8943d40f00bf-500x280.jpg 500w, https:\/\/notinor.com\/jujuy\/wp-content\/uploads\/2023\/09\/16a1e1d0-5177-11ee-946f-8943d40f00bf-768x431.jpg 768w, https:\/\/notinor.com\/jujuy\/wp-content\/uploads\/2023\/09\/16a1e1d0-5177-11ee-946f-8943d40f00bf-750x421.jpg 750w\" sizes=\"(max-width: 800px) 100vw, 800px\" \/><\/figure><\/div>\n\n\n<p><\/p>\n\n\n\n<p>Decenas de miles han sido desplazados. Las peores inundaciones de las \u00faltimas cuatro d\u00e9cadas en el pa\u00eds han dejado ciudades completamente aisladas, represas y puentes arrasados, y una estela de muerte a su paso.<\/p>\n\n\n\n<p>Seg\u00fan los servicios de emergencia en la zona, al menos 2.300 personas han fallecido. <strong>Solo en la ciudad de Derna se han recuperado m\u00e1s de un millar de cad\u00e1veres. Otras fuentes ofrecen cifras mucho m\u00e1s altas.<\/strong><\/p>\n\n\n\n<blockquote class=\"wp-block-quote\">\n<p>\u201cPodemos confirmar por nuestras fuentes de informaci\u00f3n independientes que el n\u00famero de desaparecidos alcanza los 10.000 por ahora\u201d, dijo Tamer Ramadan, jefe de la delegaci\u00f3n libia de la Federaci\u00f3n Internacional de Sociedades de la Cruz Roja y la Media Luna Roja (IFRC, por sus siglas en ingl\u00e9s).<\/p>\n<\/blockquote>\n\n\n\n<p>Por su parte, el director para Libia del Consejo Noruego para los Refugiados, Dax Bennett Roque, indic\u00f3 que el equipo de rescate en el terreno le hab\u00eda dicho de \"decenas de miles de personas hab\u00edan sido desplazadas y sin ninguna perspectiva de regresar a sus hogares\".<\/p>\n\n\n\n<p><strong>Desde la rebeli\u00f3n que en 2011 derroc\u00f3 a Muammar el Gadafi, Libia se encuentra de facto dividida en dos, con dos gobiernos enfrentados:<\/strong> un ejecutivo interino reconocido internacionalmente en Tr\u00edpoli, en el oeste del pa\u00eds, y otro que gobierna la parte oriental de este pa\u00eds mediterr\u00e1neo, bajo la influencia del poderoso general Jalifa Haftar, donde se present\u00f3 la tragedia.<\/p>\n\n\n<div class=\"wp-block-image\">\n<figure class=\"aligncenter size-large\"><img decoding=\"async\" loading=\"lazy\" width=\"720\" height=\"480\" src=\"https:\/\/notinor.com\/jujuy\/wp-content\/uploads\/2023\/09\/7a0d8e00-517b-11ee-8fad-05c0aa38cb29-720x480.jpg\" alt=\"\" class=\"wp-image-390498\" srcset=\"https:\/\/notinor.com\/jujuy\/wp-content\/uploads\/2023\/09\/7a0d8e00-517b-11ee-8fad-05c0aa38cb29-720x480.jpg 720w, https:\/\/notinor.com\/jujuy\/wp-content\/uploads\/2023\/09\/7a0d8e00-517b-11ee-8fad-05c0aa38cb29-548x365.jpg 548w, https:\/\/notinor.com\/jujuy\/wp-content\/uploads\/2023\/09\/7a0d8e00-517b-11ee-8fad-05c0aa38cb29-768x512.jpg 768w, https:\/\/notinor.com\/jujuy\/wp-content\/uploads\/2023\/09\/7a0d8e00-517b-11ee-8fad-05c0aa38cb29-750x500.jpg 750w, https:\/\/notinor.com\/jujuy\/wp-content\/uploads\/2023\/09\/7a0d8e00-517b-11ee-8fad-05c0aa38cb29.jpg 800w\" sizes=\"(max-width: 720px) 100vw, 720px\" \/><\/figure><\/div>\n\n\n<p><\/p>\n\n\n\n<p>Esto dificulta las tareas de rescate y conocer el n\u00famero real de v\u00edctimas. El rescatista Kasim Al-Qatani le dijo a la BBC que no hay agua potable en Derna y faltan suministros m\u00e9dicos.<\/p>\n\n\n\n<blockquote class=\"wp-block-quote\">\n<p>A\u00f1adi\u00f3 que el \u00fanico hospital de Derna ya no pod\u00eda recibir pacientes porque \"hay m\u00e1s de 700 cad\u00e1veres esperando en el hospital y no es tan grande\".<\/p>\n<\/blockquote>\n\n\n\n<p><strong>Las fuertes lluvias que se registraron el domingo provocaron el colapso de dos represas en el r\u00edo Derna<\/strong>, \u201cque arrastraron a barriadas enteras con sus residentes hasta el mar\u201d, afirm\u00f3 Ahmed Mismari, portavoz del Ej\u00e9rcito Nacional Libio, que controla el este del pa\u00eds, en una rueda de prensa televisada.<\/p>\n","protected":false},"excerpt":{"rendered":"<p>Miles de personas murieron y al menos 10.000 se encuentran desaparecidas por las devastadoras inundaciones provocadas por la tormenta Daniel que arrasaron el este de Libia. Decenas de miles han sido desplazados. Las peores inundaciones de las \u00faltimas cuatro d\u00e9cadas en el pa\u00eds han dejado ciudades completamente aisladas, represas y puentes arrasados, y una estela [&hellip;]<\/p>\n","protected":false},"author":53,"featured_media":390497,"comment_status":"open","ping_status":"open","sticky":false,"template":"","format":"standard","meta":{"_stopmodifiedupdate":false,"_modified_date":"","inline_featured_image":false,"spay_email":"","jetpack_publicize_message":""},"categories":[6],"tags":[2838,713,2836,2837],"jetpack_featured_media_url":"https:\/\/notinor.com\/jujuy\/wp-content\/uploads\/2023\/09\/16a1e1d0-5177-11ee-946f-8943d40f00bf.jpg","jetpack_publicize_connections":[],"_links":{"self":[{"href":"https:\/\/notinor.com\/jujuy\/wp-json\/wp\/v2\/posts\/390496"}],"collection":[{"href":"https:\/\/notinor.com\/jujuy\/wp-json\/wp\/v2\/posts"}],"about":[{"href":"https:\/\/notinor.com\/jujuy\/wp-json\/wp\/v2\/types\/post"}],"author":[{"embeddable":true,"href":"https:\/\/notinor.com\/jujuy\/wp-json\/wp\/v2\/users\/53"}],"replies":[{"embeddable":true,"href":"https:\/\/notinor.com\/jujuy\/wp-json\/wp\/v2\/comments?post=390496"}],"version-history":[{"count":1,"href":"https:\/\/notinor.com\/jujuy\/wp-json\/wp\/v2\/posts\/390496\/revisions"}],"predecessor-version":[{"id":390499,"href":"https:\/\/notinor.com\/jujuy\/wp-json\/wp\/v2\/posts\/390496\/revisions\/390499"}],"wp:featuredmedia":[{"embeddable":true,"href":"https:\/\/notinor.com\/jujuy\/wp-json\/wp\/v2\/media\/390497"}],"wp:attachment":[{"href":"https:\/\/notinor.com\/jujuy\/wp-json\/wp\/v2\/media?parent=390496"}],"wp:term":[{"taxonomy":"category","embeddable":true,"href":"https:\/\/notinor.com\/jujuy\/wp-json\/wp\/v2\/categories?post=390496"},{"taxonomy":"post_tag","embeddable":true,"href":"https:\/\/notinor.com\/jujuy\/wp-json\/wp\/v2\/tags?post=390496"}],"curies":[{"name":"wp","href":"https:\/\/api.w.org\/{rel}","templated":true}]}}