{"id":389841,"date":"2023-09-06T09:49:15","date_gmt":"2023-09-06T12:49:15","guid":{"rendered":"https:\/\/notinor.com\/jujuy\/?p=389841"},"modified":"2023-09-06T09:49:16","modified_gmt":"2023-09-06T12:49:16","slug":"este-jueves-ejesa-realizara-tareas-de-mejora-y-mantenimiento-de-redes-electricas-en-localidades-del-interior","status":"publish","type":"post","link":"https:\/\/notinor.com\/jujuy\/este-jueves-ejesa-realizara-tareas-de-mejora-y-mantenimiento-de-redes-electricas-en-localidades-del-interior\/","title":{"rendered":"Este jueves EJESA realizar\u00e1 tareas de mejora y mantenimiento de redes el\u00e9ctricas en localidades del interior"},"content":{"rendered":"\n<p class=\"has-medium-font-size\"><strong><em>Informamos\u00a0que, con el objeto de\u00a0elevar la calidad de nuestro servicio,\u00a0se realizar\u00e1n tareas de\u00a0mantenimiento y renovaci\u00f3n\u00a0en las instalaciones de nuestro sistema.\u00a0<\/em><\/strong><\/p>\n\n\n<div class=\"wp-block-image\">\n<figure class=\"aligncenter size-full\"><img decoding=\"async\" loading=\"lazy\" width=\"603\" height=\"353\" src=\"https:\/\/notinor.com\/jujuy\/wp-content\/uploads\/2023\/09\/El-Carmen.jpg\" alt=\"\" class=\"wp-image-389844\"\/><\/figure><\/div>\n\n\n<p>Con este fin, ser\u00e1 necesario efectuar una&nbsp;interrupci\u00f3n programada en las siguientes zonas y horarios:&nbsp;<\/p>\n\n\n\n<p>Localidad:<strong>\u00a0EL CARMEN\u00a0<\/strong><\/p>\n\n\n\n<p>D\u00eda:<strong>&nbsp;Jueves 07-09-2023<\/strong><strong>&nbsp;<\/strong><\/p>\n\n\n\n<p>Hora:<strong>&nbsp;08:30 a 14:00 Hs. aprox.<\/strong><strong>&nbsp;<\/strong><\/p>\n\n\n\n<p>Zonas:<strong>&nbsp;Catamonta\u00f1a y zonas aleda\u00f1as<\/strong><strong>&nbsp;.&nbsp;<\/strong><\/p>\n\n\n<div class=\"wp-block-image\">\n<figure class=\"aligncenter size-large\"><img decoding=\"async\" loading=\"lazy\" width=\"641\" height=\"480\" src=\"https:\/\/notinor.com\/jujuy\/wp-content\/uploads\/2021\/09\/PUMAHUASI-641x480.jpg\" alt=\"\" class=\"wp-image-312208\" srcset=\"https:\/\/notinor.com\/jujuy\/wp-content\/uploads\/2021\/09\/PUMAHUASI-641x480.jpg 641w, https:\/\/notinor.com\/jujuy\/wp-content\/uploads\/2021\/09\/PUMAHUASI-488x365.jpg 488w, https:\/\/notinor.com\/jujuy\/wp-content\/uploads\/2021\/09\/PUMAHUASI.jpg 700w\" sizes=\"(max-width: 641px) 100vw, 641px\" \/><\/figure><\/div>\n\n\n<p>Localidad:<strong>&nbsp;PUMAHUASI<\/strong><strong>&nbsp;<\/strong><\/p>\n\n\n\n<p>D\u00eda:<strong>&nbsp;Jueves 07-09-2023<\/strong><strong>&nbsp;<\/strong><\/p>\n\n\n\n<p>Hora:<strong>&nbsp;10:00 a 15:00 Hs. aprox.<\/strong><strong>&nbsp;<\/strong><\/p>\n\n\n\n<p>Zonas:<strong>&nbsp;El Tolar, La Pulpera, Dos Morros, Arbolito nuevo, Rio Colorado, Cangrejillos, Cangrejos, La Redonda, El Condor y zonas aleda\u00f1as<\/strong><strong>&nbsp;<\/strong>&nbsp;<\/p>\n\n\n\n<p>Agradecemos tomar las precauciones necesarias durante la duraci\u00f3n de dicha interrupci\u00f3n a fin de evitar mayores inconvenientes.&nbsp;<\/p>\n\n\n\n<p>Por consultas y\/o requerimientos te recordamos nuestros canales de contacto disponibles las 24hs.:&nbsp;<\/p>\n\n\n\n<p>Nuestra Web&nbsp;<a href=\"https:\/\/www.ejesa.com.ar\/?fbclid=IwAR14rGgcVsKFtRmA2NmOFOPT8Zh7bN3g9FbnACLbH6gDSZ1s2OvPXPuyvMI\" target=\"_blank\" rel=\"noreferrer noopener\"><strong>https:\/\/www.ejesa.com.ar<\/strong><\/a><strong>&nbsp; &gt;&nbsp;&nbsp;<\/strong><a href=\"https:\/\/www.ejesa.com.ar\/gestion\/pwa\/tareasprogramadas\/cortes-de-luz\" target=\"_blank\" rel=\"noreferrer noopener\"><strong><\/strong><\/a><strong>Tareas Programadas<\/strong>&nbsp;<\/p>\n\n\n\n<p>VOLT, nuestro Asistente virtual&nbsp;<\/p>\n\n\n\n<p>WhatsApp&nbsp;<strong>3884613738&nbsp;<\/strong><a href=\"https:\/\/wa.me\/543884613738?fbclid=IwAR30VgYAEKWAQcLcxjdHjF5jGp891rlLdKEEpF_y3CJrpxc_nkfd01quSIs\" target=\"_blank\" rel=\"noreferrer noopener\"><strong>https:\/\/wa.me\/543884613738<\/strong><\/a>&nbsp;<\/p>\n","protected":false},"excerpt":{"rendered":"<p>Informamos\u00a0que, con el objeto de\u00a0elevar la calidad de nuestro servicio,\u00a0se realizar\u00e1n tareas de\u00a0mantenimiento y renovaci\u00f3n\u00a0en las instalaciones de nuestro sistema.\u00a0 Con este fin, ser\u00e1 necesario efectuar una&nbsp;interrupci\u00f3n programada en las siguientes zonas y horarios:&nbsp; Localidad:\u00a0EL CARMEN\u00a0 D\u00eda:&nbsp;Jueves 07-09-2023&nbsp; Hora:&nbsp;08:30 a 14:00 Hs. aprox.&nbsp; Zonas:&nbsp;Catamonta\u00f1a y zonas aleda\u00f1as&nbsp;.&nbsp; Localidad:&nbsp;PUMAHUASI&nbsp; D\u00eda:&nbsp;Jueves 07-09-2023&nbsp; Hora:&nbsp;10:00 a 15:00 Hs. aprox.&nbsp; [&hellip;]<\/p>\n","protected":false},"author":5,"featured_media":386116,"comment_status":"open","ping_status":"open","sticky":false,"template":"","format":"standard","meta":{"_stopmodifiedupdate":false,"_modified_date":"","inline_featured_image":false,"spay_email":"","jetpack_publicize_message":""},"categories":[4],"tags":[],"jetpack_featured_media_url":"https:\/\/notinor.com\/jujuy\/wp-content\/uploads\/2023\/07\/corte-de-luz-1.jpeg","jetpack_publicize_connections":[],"_links":{"self":[{"href":"https:\/\/notinor.com\/jujuy\/wp-json\/wp\/v2\/posts\/389841"}],"collection":[{"href":"https:\/\/notinor.com\/jujuy\/wp-json\/wp\/v2\/posts"}],"about":[{"href":"https:\/\/notinor.com\/jujuy\/wp-json\/wp\/v2\/types\/post"}],"author":[{"embeddable":true,"href":"https:\/\/notinor.com\/jujuy\/wp-json\/wp\/v2\/users\/5"}],"replies":[{"embeddable":true,"href":"https:\/\/notinor.com\/jujuy\/wp-json\/wp\/v2\/comments?post=389841"}],"version-history":[{"count":1,"href":"https:\/\/notinor.com\/jujuy\/wp-json\/wp\/v2\/posts\/389841\/revisions"}],"predecessor-version":[{"id":389845,"href":"https:\/\/notinor.com\/jujuy\/wp-json\/wp\/v2\/posts\/389841\/revisions\/389845"}],"wp:featuredmedia":[{"embeddable":true,"href":"https:\/\/notinor.com\/jujuy\/wp-json\/wp\/v2\/media\/386116"}],"wp:attachment":[{"href":"https:\/\/notinor.com\/jujuy\/wp-json\/wp\/v2\/media?parent=389841"}],"wp:term":[{"taxonomy":"category","embeddable":true,"href":"https:\/\/notinor.com\/jujuy\/wp-json\/wp\/v2\/categories?post=389841"},{"taxonomy":"post_tag","embeddable":true,"href":"https:\/\/notinor.com\/jujuy\/wp-json\/wp\/v2\/tags?post=389841"}],"curies":[{"name":"wp","href":"https:\/\/api.w.org\/{rel}","templated":true}]}}