{"id":389832,"date":"2023-09-06T09:38:43","date_gmt":"2023-09-06T12:38:43","guid":{"rendered":"https:\/\/notinor.com\/jujuy\/?p=389832"},"modified":"2023-09-06T09:38:45","modified_gmt":"2023-09-06T12:38:45","slug":"ejesa-realizara-tareas-de-mejora-y-mantenimiento-de-redes-electricas-este-jueves-en-barrios-de-la-capital-2","status":"publish","type":"post","link":"https:\/\/notinor.com\/jujuy\/ejesa-realizara-tareas-de-mejora-y-mantenimiento-de-redes-electricas-este-jueves-en-barrios-de-la-capital-2\/","title":{"rendered":"EJESA realizar\u00e1 tareas de mejora y mantenimiento de redes el\u00e9ctricas este jueves en barrios de la Capital"},"content":{"rendered":"\n<p class=\"has-medium-font-size\"><strong><em>\u00a0Informamos\u00a0que, con el objeto de\u00a0elevar la calidad de nuestro servicio,\u00a0se realizar\u00e1n tareas de\u00a0mantenimiento y renovaci\u00f3n\u00a0en las instalaciones de nuestro sistema.\u00a0<\/em><\/strong><\/p>\n\n\n<div class=\"wp-block-image\">\n<figure class=\"aligncenter size-full\"><img decoding=\"async\" loading=\"lazy\" width=\"800\" height=\"330\" src=\"https:\/\/notinor.com\/jujuy\/wp-content\/uploads\/2023\/09\/SAN-FCO-DE-ALAVA.jpg\" alt=\"\" class=\"wp-image-389836\" srcset=\"https:\/\/notinor.com\/jujuy\/wp-content\/uploads\/2023\/09\/SAN-FCO-DE-ALAVA.jpg 800w, https:\/\/notinor.com\/jujuy\/wp-content\/uploads\/2023\/09\/SAN-FCO-DE-ALAVA-660x272.jpg 660w, https:\/\/notinor.com\/jujuy\/wp-content\/uploads\/2023\/09\/SAN-FCO-DE-ALAVA-768x317.jpg 768w, https:\/\/notinor.com\/jujuy\/wp-content\/uploads\/2023\/09\/SAN-FCO-DE-ALAVA-750x309.jpg 750w\" sizes=\"(max-width: 800px) 100vw, 800px\" \/><\/figure><\/div>\n\n\n<p>Con este fin, ser\u00e1 necesario efectuar una&nbsp;interrupci\u00f3n programada en las siguientes zonas y horarios:&nbsp;<\/p>\n\n\n\n<p>Localidad:<strong>&nbsp;S. S.&nbsp;<\/strong><strong>&nbsp;<\/strong><strong>DE JUJUY<\/strong><strong>&nbsp;<\/strong><\/p>\n\n\n\n<p>D\u00eda:<strong>&nbsp;Jueves 07-09-2023<\/strong><strong>&nbsp;<\/strong><\/p>\n\n\n\n<p>Hora:<strong>&nbsp;07:30 a 13:30 Hs. aprox.<\/strong><strong>&nbsp;<\/strong><\/p>\n\n\n\n<p>Zonas:<strong>&nbsp;B\u00b0 San Francisco de \u00c1lava, B\u00b0 Alto La Vi\u00f1a (entre Hugo Wast, Ruta 56, Portugal) y zonas aleda\u00f1as<\/strong><strong>&nbsp;.&nbsp;<\/strong><\/p>\n\n\n\n<p>Agradecemos tomar las precauciones necesarias durante la duraci\u00f3n de dicha interrupci\u00f3n a fin de evitar mayores inconvenientes.\u00a0<\/p>\n\n\n\n<p>Por consultas y\/o requerimientos te recordamos nuestros canales de contacto disponibles las 24hs.:&nbsp;<\/p>\n\n\n\n<p>Nuestra Web&nbsp;<a href=\"https:\/\/www.ejesa.com.ar\/?fbclid=IwAR14rGgcVsKFtRmA2NmOFOPT8Zh7bN3g9FbnACLbH6gDSZ1s2OvPXPuyvMI\" target=\"_blank\" rel=\"noreferrer noopener\"><strong>https:\/\/www.ejesa.com.ar<\/strong><\/a><strong>&nbsp; &gt;&nbsp;&nbsp;<\/strong><a href=\"https:\/\/www.ejesa.com.ar\/gestion\/pwa\/tareasprogramadas\/cortes-de-luz\" target=\"_blank\" rel=\"noreferrer noopener\"><strong><\/strong><\/a><strong>Tareas Programadas<\/strong>&nbsp;<\/p>\n\n\n\n<p>VOLT, nuestro Asistente virtual&nbsp;<\/p>\n\n\n\n<p>WhatsApp&nbsp;<strong>3884613738&nbsp;<\/strong><a href=\"https:\/\/wa.me\/543884613738?fbclid=IwAR30VgYAEKWAQcLcxjdHjF5jGp891rlLdKEEpF_y3CJrpxc_nkfd01quSIs\" target=\"_blank\" rel=\"noreferrer noopener\"><strong>https:\/\/wa.me\/543884613738<\/strong><\/a>&nbsp;<\/p>\n","protected":false},"excerpt":{"rendered":"<p>\u00a0Informamos\u00a0que, con el objeto de\u00a0elevar la calidad de nuestro servicio,\u00a0se realizar\u00e1n tareas de\u00a0mantenimiento y renovaci\u00f3n\u00a0en las instalaciones de nuestro sistema.\u00a0 Con este fin, ser\u00e1 necesario efectuar una&nbsp;interrupci\u00f3n programada en las siguientes zonas y horarios:&nbsp; Localidad:&nbsp;S. S.&nbsp;&nbsp;DE JUJUY&nbsp; D\u00eda:&nbsp;Jueves 07-09-2023&nbsp; Hora:&nbsp;07:30 a 13:30 Hs. aprox.&nbsp; Zonas:&nbsp;B\u00b0 San Francisco de \u00c1lava, B\u00b0 Alto La Vi\u00f1a (entre Hugo [&hellip;]<\/p>\n","protected":false},"author":5,"featured_media":389838,"comment_status":"open","ping_status":"open","sticky":false,"template":"","format":"standard","meta":{"_stopmodifiedupdate":false,"_modified_date":"","inline_featured_image":false,"spay_email":"","jetpack_publicize_message":""},"categories":[514],"tags":[],"jetpack_featured_media_url":"https:\/\/notinor.com\/jujuy\/wp-content\/uploads\/2023\/09\/CALLE-PORTUGAL-ALTO-LA-VINA.jpg","jetpack_publicize_connections":[],"_links":{"self":[{"href":"https:\/\/notinor.com\/jujuy\/wp-json\/wp\/v2\/posts\/389832"}],"collection":[{"href":"https:\/\/notinor.com\/jujuy\/wp-json\/wp\/v2\/posts"}],"about":[{"href":"https:\/\/notinor.com\/jujuy\/wp-json\/wp\/v2\/types\/post"}],"author":[{"embeddable":true,"href":"https:\/\/notinor.com\/jujuy\/wp-json\/wp\/v2\/users\/5"}],"replies":[{"embeddable":true,"href":"https:\/\/notinor.com\/jujuy\/wp-json\/wp\/v2\/comments?post=389832"}],"version-history":[{"count":1,"href":"https:\/\/notinor.com\/jujuy\/wp-json\/wp\/v2\/posts\/389832\/revisions"}],"predecessor-version":[{"id":389839,"href":"https:\/\/notinor.com\/jujuy\/wp-json\/wp\/v2\/posts\/389832\/revisions\/389839"}],"wp:featuredmedia":[{"embeddable":true,"href":"https:\/\/notinor.com\/jujuy\/wp-json\/wp\/v2\/media\/389838"}],"wp:attachment":[{"href":"https:\/\/notinor.com\/jujuy\/wp-json\/wp\/v2\/media?parent=389832"}],"wp:term":[{"taxonomy":"category","embeddable":true,"href":"https:\/\/notinor.com\/jujuy\/wp-json\/wp\/v2\/categories?post=389832"},{"taxonomy":"post_tag","embeddable":true,"href":"https:\/\/notinor.com\/jujuy\/wp-json\/wp\/v2\/tags?post=389832"}],"curies":[{"name":"wp","href":"https:\/\/api.w.org\/{rel}","templated":true}]}}