{"id":388824,"date":"2023-08-24T12:15:34","date_gmt":"2023-08-24T15:15:34","guid":{"rendered":"https:\/\/notinor.com\/jujuy\/?p=388824"},"modified":"2023-08-24T12:21:03","modified_gmt":"2023-08-24T15:21:03","slug":"el-exodo-jujeno-segun-el-historiador-vicente-cicarelli","status":"publish","type":"post","link":"https:\/\/notinor.com\/jujuy\/el-exodo-jujeno-segun-el-historiador-vicente-cicarelli\/","title":{"rendered":"El \u00c9xodo Juje\u00f1o seg\u00fan el historiador Vicente Cicarelli"},"content":{"rendered":"\n<p class=\"has-medium-font-size\"><strong><em>Vicente Cicarelli fue un apasionado de las letras, pionero y defensor del paso de Jama, ejerci\u00f3 la abogac\u00eda y fue un excelente historiador.<\/em><\/strong><\/p>\n\n\n<div class=\"wp-block-image\">\n<figure class=\"aligncenter size-large\"><img decoding=\"async\" loading=\"lazy\" width=\"840\" height=\"473\" src=\"https:\/\/notinor.com\/jujuy\/wp-content\/uploads\/2023\/08\/vicente-cicarelli-840x473.webp\" alt=\"\" class=\"wp-image-388825\" srcset=\"https:\/\/notinor.com\/jujuy\/wp-content\/uploads\/2023\/08\/vicente-cicarelli-840x473.webp 840w, https:\/\/notinor.com\/jujuy\/wp-content\/uploads\/2023\/08\/vicente-cicarelli-648x365.webp 648w, https:\/\/notinor.com\/jujuy\/wp-content\/uploads\/2023\/08\/vicente-cicarelli-768x432.webp 768w, https:\/\/notinor.com\/jujuy\/wp-content\/uploads\/2023\/08\/vicente-cicarelli-750x422.webp 750w, https:\/\/notinor.com\/jujuy\/wp-content\/uploads\/2023\/08\/vicente-cicarelli.webp 970w\" sizes=\"(max-width: 840px) 100vw, 840px\" \/><\/figure><\/div>\n\n\n<p><\/p>\n\n\n\n<p>El destacado historiador juje\u00f1o afirm\u00f3 que <strong> \"El 23 de Agosto de 1812, es la fecha elegida para conmemorar el sacrificio del pueblo juje\u00f1o en la causa de la guerra durante 15 a\u00f1os. Fue un apoyo de Jujuy hacia un gran argentino, ni a este hecho hist\u00f3rico, ni al aporte de Jujuy se le ha dado todav\u00eda el lugar que le corresponde en la historia nacional\"<\/strong>.<\/p>\n\n\n\n<p><strong>Una de sus obras m\u00e1s destacadas, casualmente estuvo enmarcada a la historia del \u00c9xodo<\/strong> y especialmente con la fundaci\u00f3n de Jujuy, donde consideraba que no hubo tres fundaciones como dice la historia juje\u00f1a, y que en realidad fueron dos las realizadas por \u201cSan Francisco de Alava en 1577 en el Barrio El Chingo y confluencias de los R\u00edos Grande y Chico, y la definitiva fundaci\u00f3n, por Francisco de Arga\u00f1araz, en el Valle de Jujuy en 1593. <\/p>\n\n\n\n<p><strong>Fue uno de los miembros fundadores del Instituto Belgraniano de Jujuy,<\/strong> que naci\u00f3 un 11 de diciembre de 1957, cuya Comisi\u00f3n Directiva designada en la primera asamblea estaba integrada por Filiberto Carrizo como presidente, H\u00e9ctor Carrillo como vicepresidente, Jorge Bidondo, Luis Mar\u00eda Garc\u00eda y Ofelia M\u00edcolo de Sugra\u00f1es como vocales. Entre los socios invitados figuran los historiadores F\u00e9lix Infante y Vicente Cicarelli.<\/p>\n\n\n\n<blockquote class=\"wp-block-quote\">\n<p>Falleci\u00f3 el 23 de diciembre de 2012 , fecha que ser\u00e1 recordada por muchos juje\u00f1os, por todo lo que aport\u00f3 Cicarelli a nuestra Cultura<\/p>\n<\/blockquote>\n\n\n\n<p><br><strong>Don Vicente viv\u00eda en el Barrio Ciudad de Nieva, y estuvo casado con do\u00f1a Martha Reimund\u00edn con quien tuvo cinco hijos<\/strong>, y desde este ambiente llev\u00f3 a cabo una gran labor de investigaci\u00f3n y difusi\u00f3n de la historia juje\u00f1a en relaci\u00f3n al General Manuel Belgrano y su tiempo de realizaciones junto al pueblo de Jujuy.<\/p>\n\n\n\n<p><\/p>\n","protected":false},"excerpt":{"rendered":"<p>Vicente Cicarelli fue un apasionado de las letras, pionero y defensor del paso de Jama, ejerci\u00f3 la abogac\u00eda y fue un excelente historiador. El destacado historiador juje\u00f1o afirm\u00f3 que \"El 23 de Agosto de 1812, es la fecha elegida para conmemorar el sacrificio del pueblo juje\u00f1o en la causa de la guerra durante 15 a\u00f1os. [&hellip;]<\/p>\n","protected":false},"author":53,"featured_media":388825,"comment_status":"open","ping_status":"open","sticky":false,"template":"","format":"standard","meta":{"_stopmodifiedupdate":false,"_modified_date":"","inline_featured_image":false,"spay_email":"","jetpack_publicize_message":""},"categories":[17],"tags":[573,1772,19],"jetpack_featured_media_url":"https:\/\/notinor.com\/jujuy\/wp-content\/uploads\/2023\/08\/vicente-cicarelli.webp","jetpack_publicize_connections":[],"_links":{"self":[{"href":"https:\/\/notinor.com\/jujuy\/wp-json\/wp\/v2\/posts\/388824"}],"collection":[{"href":"https:\/\/notinor.com\/jujuy\/wp-json\/wp\/v2\/posts"}],"about":[{"href":"https:\/\/notinor.com\/jujuy\/wp-json\/wp\/v2\/types\/post"}],"author":[{"embeddable":true,"href":"https:\/\/notinor.com\/jujuy\/wp-json\/wp\/v2\/users\/53"}],"replies":[{"embeddable":true,"href":"https:\/\/notinor.com\/jujuy\/wp-json\/wp\/v2\/comments?post=388824"}],"version-history":[{"count":2,"href":"https:\/\/notinor.com\/jujuy\/wp-json\/wp\/v2\/posts\/388824\/revisions"}],"predecessor-version":[{"id":388828,"href":"https:\/\/notinor.com\/jujuy\/wp-json\/wp\/v2\/posts\/388824\/revisions\/388828"}],"wp:featuredmedia":[{"embeddable":true,"href":"https:\/\/notinor.com\/jujuy\/wp-json\/wp\/v2\/media\/388825"}],"wp:attachment":[{"href":"https:\/\/notinor.com\/jujuy\/wp-json\/wp\/v2\/media?parent=388824"}],"wp:term":[{"taxonomy":"category","embeddable":true,"href":"https:\/\/notinor.com\/jujuy\/wp-json\/wp\/v2\/categories?post=388824"},{"taxonomy":"post_tag","embeddable":true,"href":"https:\/\/notinor.com\/jujuy\/wp-json\/wp\/v2\/tags?post=388824"}],"curies":[{"name":"wp","href":"https:\/\/api.w.org\/{rel}","templated":true}]}}