{"id":387380,"date":"2023-08-12T15:00:36","date_gmt":"2023-08-12T18:00:36","guid":{"rendered":"https:\/\/notinor.com\/jujuy\/?p=387380"},"modified":"2023-08-12T15:00:38","modified_gmt":"2023-08-12T18:00:38","slug":"internaron-a-charly-garcia","status":"publish","type":"post","link":"https:\/\/notinor.com\/jujuy\/internaron-a-charly-garcia\/","title":{"rendered":"Internaron a Charly Garc\u00eda"},"content":{"rendered":"\n<p class=\"has-medium-font-size\"><strong><em>Fue a hacerse un chequeo al Instituto Argentino de Diagn\u00f3stico y Tratamiento y los m\u00e9dicos decidieron profundizar los estudios.<\/em><\/strong><\/p>\n\n\n<div class=\"wp-block-image\">\n<figure class=\"aligncenter size-large\"><img decoding=\"async\" loading=\"lazy\" width=\"713\" height=\"480\" src=\"https:\/\/notinor.com\/jujuy\/wp-content\/uploads\/2023\/08\/CHARLY-713x480.jpg\" alt=\"\" class=\"wp-image-387381\" srcset=\"https:\/\/notinor.com\/jujuy\/wp-content\/uploads\/2023\/08\/CHARLY-713x480.jpg 713w, https:\/\/notinor.com\/jujuy\/wp-content\/uploads\/2023\/08\/CHARLY-542x365.jpg 542w, https:\/\/notinor.com\/jujuy\/wp-content\/uploads\/2023\/08\/CHARLY-768x517.jpg 768w, https:\/\/notinor.com\/jujuy\/wp-content\/uploads\/2023\/08\/CHARLY-750x505.jpg 750w, https:\/\/notinor.com\/jujuy\/wp-content\/uploads\/2023\/08\/CHARLY.jpg 948w\" sizes=\"(max-width: 713px) 100vw, 713px\" \/><\/figure><\/div>\n\n\n<p>Charly Garc\u00eda qued\u00f3 internado la ma\u00f1ana de este s\u00e1bado. El m\u00edtico cantante fue a hacerse unos chequeos al Instituto Argentino de Diagn\u00f3stico y Tratamiento, pero m\u00e9dicos decidieron que se quedara para profundizar los estudios.<\/p>\n\n\n\n<p>De acuerdo con las primeras informaciones<strong>, los profesionales detectaron ciertas irregularidades en el estado de salud del reconocido m\u00fasico, pero su vida no corre peligro<\/strong>.<\/p>\n","protected":false},"excerpt":{"rendered":"<p>Fue a hacerse un chequeo al Instituto Argentino de Diagn\u00f3stico y Tratamiento y los m\u00e9dicos decidieron profundizar los estudios. Charly Garc\u00eda qued\u00f3 internado la ma\u00f1ana de este s\u00e1bado. El m\u00edtico cantante fue a hacerse unos chequeos al Instituto Argentino de Diagn\u00f3stico y Tratamiento, pero m\u00e9dicos decidieron que se quedara para profundizar los estudios. De acuerdo [&hellip;]<\/p>\n","protected":false},"author":5,"featured_media":387381,"comment_status":"open","ping_status":"open","sticky":false,"template":"","format":"standard","meta":{"_stopmodifiedupdate":false,"_modified_date":"","inline_featured_image":false,"spay_email":"","jetpack_publicize_message":""},"categories":[21],"tags":[],"jetpack_featured_media_url":"https:\/\/notinor.com\/jujuy\/wp-content\/uploads\/2023\/08\/CHARLY.jpg","jetpack_publicize_connections":[],"_links":{"self":[{"href":"https:\/\/notinor.com\/jujuy\/wp-json\/wp\/v2\/posts\/387380"}],"collection":[{"href":"https:\/\/notinor.com\/jujuy\/wp-json\/wp\/v2\/posts"}],"about":[{"href":"https:\/\/notinor.com\/jujuy\/wp-json\/wp\/v2\/types\/post"}],"author":[{"embeddable":true,"href":"https:\/\/notinor.com\/jujuy\/wp-json\/wp\/v2\/users\/5"}],"replies":[{"embeddable":true,"href":"https:\/\/notinor.com\/jujuy\/wp-json\/wp\/v2\/comments?post=387380"}],"version-history":[{"count":1,"href":"https:\/\/notinor.com\/jujuy\/wp-json\/wp\/v2\/posts\/387380\/revisions"}],"predecessor-version":[{"id":387382,"href":"https:\/\/notinor.com\/jujuy\/wp-json\/wp\/v2\/posts\/387380\/revisions\/387382"}],"wp:featuredmedia":[{"embeddable":true,"href":"https:\/\/notinor.com\/jujuy\/wp-json\/wp\/v2\/media\/387381"}],"wp:attachment":[{"href":"https:\/\/notinor.com\/jujuy\/wp-json\/wp\/v2\/media?parent=387380"}],"wp:term":[{"taxonomy":"category","embeddable":true,"href":"https:\/\/notinor.com\/jujuy\/wp-json\/wp\/v2\/categories?post=387380"},{"taxonomy":"post_tag","embeddable":true,"href":"https:\/\/notinor.com\/jujuy\/wp-json\/wp\/v2\/tags?post=387380"}],"curies":[{"name":"wp","href":"https:\/\/api.w.org\/{rel}","templated":true}]}}