{"id":387374,"date":"2023-08-12T13:35:22","date_gmt":"2023-08-12T16:35:22","guid":{"rendered":"https:\/\/notinor.com\/jujuy\/?p=387374"},"modified":"2023-08-12T13:35:24","modified_gmt":"2023-08-12T16:35:24","slug":"abordaje-interseccional-en-el-ramal-jujeno","status":"publish","type":"post","link":"https:\/\/notinor.com\/jujuy\/abordaje-interseccional-en-el-ramal-jujeno\/","title":{"rendered":"Abordaje interseccional en el Ramal juje\u00f1o"},"content":{"rendered":"\n<p class=\"has-medium-font-size\"><strong><em>La Ministra de Desarrollo Humano, Alejandra Mart\u00ednez, visit\u00f3 Caimancito y Libertador General San Mart\u00edn, junto a la Secretaria de Pol\u00edticas Socioculturales y Abordaje Interseccional, Rebeca Chambi.<\/em><\/strong><\/p>\n\n\n<div class=\"wp-block-image\">\n<figure class=\"aligncenter size-large\"><img decoding=\"async\" loading=\"lazy\" width=\"662\" height=\"480\" src=\"https:\/\/notinor.com\/jujuy\/wp-content\/uploads\/2023\/08\/RAMAL-1-662x480.jpg\" alt=\"\" class=\"wp-image-387376\" srcset=\"https:\/\/notinor.com\/jujuy\/wp-content\/uploads\/2023\/08\/RAMAL-1-662x480.jpg 662w, https:\/\/notinor.com\/jujuy\/wp-content\/uploads\/2023\/08\/RAMAL-1-503x365.jpg 503w, https:\/\/notinor.com\/jujuy\/wp-content\/uploads\/2023\/08\/RAMAL-1-768x557.jpg 768w, https:\/\/notinor.com\/jujuy\/wp-content\/uploads\/2023\/08\/RAMAL-1-120x86.jpg 120w, https:\/\/notinor.com\/jujuy\/wp-content\/uploads\/2023\/08\/RAMAL-1-750x544.jpg 750w, https:\/\/notinor.com\/jujuy\/wp-content\/uploads\/2023\/08\/RAMAL-1.jpg 900w\" sizes=\"(max-width: 662px) 100vw, 662px\" \/><\/figure><\/div>\n\n\n<p>La Ministra expres\u00f3: \"estamos trabajando, como nos ordena nuestro gobernador, <strong>Gerardo Morales<\/strong>, de manera articulada con los gobiernos locales en las pol\u00edticas p\u00fablicas para las mejoras edilicias y para mejorar la calidad de vida de las personas, muy especialmente las PCD\".<\/p>\n\n\n\n<p>Por su parte, Chambi se refiri\u00f3 a dos familias que requer\u00edan la intervenci\u00f3n del \u00e1rea espec\u00edfica, para brindar recursos de suma utilidad funcionales a la mejora de las condiciones de vida diaria.<\/p>\n\n\n\n<p>La Directora de Inclusi\u00f3n de PCD, <strong>Claudia Choque<\/strong>, quien realiz\u00f3 la gestiones de los recursos necesarios, realizar\u00e1 el seguimiento con los equipos t\u00e9cnicos del \u00e1rea y el acompa\u00f1amiento de ambos casos. Acompa\u00f1aron la actividad, el Director Provincial de Protecci\u00f3n Integral de personas adultas mayores, <strong>Nicol\u00e1s Ruiz<\/strong>; y <strong>Eliseo Hibarra<\/strong>, equipo t\u00e9cnico del MDH.<\/p>\n","protected":false},"excerpt":{"rendered":"<p>La Ministra de Desarrollo Humano, Alejandra Mart\u00ednez, visit\u00f3 Caimancito y Libertador General San Mart\u00edn, junto a la Secretaria de Pol\u00edticas Socioculturales y Abordaje Interseccional, Rebeca Chambi. La Ministra expres\u00f3: \"estamos trabajando, como nos ordena nuestro gobernador, Gerardo Morales, de manera articulada con los gobiernos locales en las pol\u00edticas p\u00fablicas para las mejoras edilicias y para [&hellip;]<\/p>\n","protected":false},"author":5,"featured_media":387375,"comment_status":"open","ping_status":"open","sticky":false,"template":"","format":"standard","meta":{"_stopmodifiedupdate":false,"_modified_date":"","inline_featured_image":false,"spay_email":"","jetpack_publicize_message":""},"categories":[4],"tags":[],"jetpack_featured_media_url":"https:\/\/notinor.com\/jujuy\/wp-content\/uploads\/2023\/08\/RAMAL.jpg","jetpack_publicize_connections":[],"_links":{"self":[{"href":"https:\/\/notinor.com\/jujuy\/wp-json\/wp\/v2\/posts\/387374"}],"collection":[{"href":"https:\/\/notinor.com\/jujuy\/wp-json\/wp\/v2\/posts"}],"about":[{"href":"https:\/\/notinor.com\/jujuy\/wp-json\/wp\/v2\/types\/post"}],"author":[{"embeddable":true,"href":"https:\/\/notinor.com\/jujuy\/wp-json\/wp\/v2\/users\/5"}],"replies":[{"embeddable":true,"href":"https:\/\/notinor.com\/jujuy\/wp-json\/wp\/v2\/comments?post=387374"}],"version-history":[{"count":1,"href":"https:\/\/notinor.com\/jujuy\/wp-json\/wp\/v2\/posts\/387374\/revisions"}],"predecessor-version":[{"id":387377,"href":"https:\/\/notinor.com\/jujuy\/wp-json\/wp\/v2\/posts\/387374\/revisions\/387377"}],"wp:featuredmedia":[{"embeddable":true,"href":"https:\/\/notinor.com\/jujuy\/wp-json\/wp\/v2\/media\/387375"}],"wp:attachment":[{"href":"https:\/\/notinor.com\/jujuy\/wp-json\/wp\/v2\/media?parent=387374"}],"wp:term":[{"taxonomy":"category","embeddable":true,"href":"https:\/\/notinor.com\/jujuy\/wp-json\/wp\/v2\/categories?post=387374"},{"taxonomy":"post_tag","embeddable":true,"href":"https:\/\/notinor.com\/jujuy\/wp-json\/wp\/v2\/tags?post=387374"}],"curies":[{"name":"wp","href":"https:\/\/api.w.org\/{rel}","templated":true}]}}