{"id":387371,"date":"2023-08-12T13:19:11","date_gmt":"2023-08-12T16:19:11","guid":{"rendered":"https:\/\/notinor.com\/jujuy\/?p=387371"},"modified":"2023-08-12T13:19:12","modified_gmt":"2023-08-12T16:19:12","slug":"elecciones-transporte-de-media-distancia-gratuito-para-electores","status":"publish","type":"post","link":"https:\/\/notinor.com\/jujuy\/elecciones-transporte-de-media-distancia-gratuito-para-electores\/","title":{"rendered":"Elecciones: Transporte de media distancia, gratuito para electores"},"content":{"rendered":"\n<p class=\"has-medium-font-size\"><strong><em>El servicio de \u00f3mnibus para electores\u00a0 que deben trasladarse a distancias medias se dar\u00e1 desde las 8.30hs. del domingo, partiendo de la Terminal Gral. Arias<\/em><\/strong><\/p>\n\n\n<div class=\"wp-block-image\">\n<figure class=\"aligncenter size-large\"><img decoding=\"async\" loading=\"lazy\" width=\"695\" height=\"480\" src=\"https:\/\/notinor.com\/jujuy\/wp-content\/uploads\/2023\/08\/TERMINAL-NUEVA-695x480.jpg\" alt=\"\" class=\"wp-image-387372\" srcset=\"https:\/\/notinor.com\/jujuy\/wp-content\/uploads\/2023\/08\/TERMINAL-NUEVA-695x480.jpg 695w, https:\/\/notinor.com\/jujuy\/wp-content\/uploads\/2023\/08\/TERMINAL-NUEVA-528x365.jpg 528w, https:\/\/notinor.com\/jujuy\/wp-content\/uploads\/2023\/08\/TERMINAL-NUEVA.jpg 750w\" sizes=\"(max-width: 695px) 100vw, 695px\" \/><\/figure><\/div>\n\n\n<p>La Secretar\u00eda de Transporte informa que el servicio de \u00f3mnibus gratuito <strong>para quienes deban trasladarse a jurisdicciones del interior de la provincia<\/strong> se dar\u00e1 <strong>desde las 8.30hs del domingo 13<\/strong>, con partida desde la Terminal de \u00d3mnibus Gral. Manuel Eduardo Arias.<\/p>\n\n\n\n<p>Para hacer uso de tal servicio de media distancia, las personas deber\u00e1n presentar su <strong>documento nacional de identidad (DNI)<\/strong>, y tener en cuenta que los \u00f3mnibus realizar\u00e1n los recorridos en torno a la Ruta Nacional (RN) 9 y RN 34. Asimismo, que los colectivos partir\u00e1n y retornar\u00e1n una vez se complete el cupo por unidad en la demanda, no teniendo horarios fijos.<\/p>\n\n\n\n<p>La Provincia de Jujuy brinda este servicio de <strong>transporte gratuito<\/strong> para personas que deben votar en ciudades del interior en el entendimiento de que debe propiciar la mayor participaci\u00f3n ciudadana posible, y, a la vez en un marco adverso, en el que los subsidios que deben llegar desde Naci\u00f3n no est\u00e1n seguros ni claros.<\/p>\n","protected":false},"excerpt":{"rendered":"<p>El servicio de \u00f3mnibus para electores\u00a0 que deben trasladarse a distancias medias se dar\u00e1 desde las 8.30hs. del domingo, partiendo de la Terminal Gral. Arias La Secretar\u00eda de Transporte informa que el servicio de \u00f3mnibus gratuito para quienes deban trasladarse a jurisdicciones del interior de la provincia se dar\u00e1 desde las 8.30hs del domingo 13, [&hellip;]<\/p>\n","protected":false},"author":5,"featured_media":217621,"comment_status":"open","ping_status":"open","sticky":false,"template":"","format":"standard","meta":{"_stopmodifiedupdate":false,"_modified_date":"","inline_featured_image":false,"spay_email":"","jetpack_publicize_message":""},"categories":[2,514],"tags":[],"jetpack_featured_media_url":"https:\/\/notinor.com\/jujuy\/wp-content\/uploads\/2019\/07\/NVA-TERMINAL.jpg","jetpack_publicize_connections":[],"_links":{"self":[{"href":"https:\/\/notinor.com\/jujuy\/wp-json\/wp\/v2\/posts\/387371"}],"collection":[{"href":"https:\/\/notinor.com\/jujuy\/wp-json\/wp\/v2\/posts"}],"about":[{"href":"https:\/\/notinor.com\/jujuy\/wp-json\/wp\/v2\/types\/post"}],"author":[{"embeddable":true,"href":"https:\/\/notinor.com\/jujuy\/wp-json\/wp\/v2\/users\/5"}],"replies":[{"embeddable":true,"href":"https:\/\/notinor.com\/jujuy\/wp-json\/wp\/v2\/comments?post=387371"}],"version-history":[{"count":1,"href":"https:\/\/notinor.com\/jujuy\/wp-json\/wp\/v2\/posts\/387371\/revisions"}],"predecessor-version":[{"id":387373,"href":"https:\/\/notinor.com\/jujuy\/wp-json\/wp\/v2\/posts\/387371\/revisions\/387373"}],"wp:featuredmedia":[{"embeddable":true,"href":"https:\/\/notinor.com\/jujuy\/wp-json\/wp\/v2\/media\/217621"}],"wp:attachment":[{"href":"https:\/\/notinor.com\/jujuy\/wp-json\/wp\/v2\/media?parent=387371"}],"wp:term":[{"taxonomy":"category","embeddable":true,"href":"https:\/\/notinor.com\/jujuy\/wp-json\/wp\/v2\/categories?post=387371"},{"taxonomy":"post_tag","embeddable":true,"href":"https:\/\/notinor.com\/jujuy\/wp-json\/wp\/v2\/tags?post=387371"}],"curies":[{"name":"wp","href":"https:\/\/api.w.org\/{rel}","templated":true}]}}