{"id":387317,"date":"2023-08-11T11:36:28","date_gmt":"2023-08-11T14:36:28","guid":{"rendered":"https:\/\/notinor.com\/jujuy\/?p=387317"},"modified":"2023-08-11T11:37:11","modified_gmt":"2023-08-11T14:37:11","slug":"entrega-de-los-premios-storni-de-poesia","status":"publish","type":"post","link":"https:\/\/notinor.com\/jujuy\/entrega-de-los-premios-storni-de-poesia\/","title":{"rendered":"Entrega de los Premios Storni de poes\u00eda"},"content":{"rendered":"\n<p><strong><em>Este a\u00f1o se presentaron m\u00e1s de 1.400 obras. Fue galardonado con el primer lugar \"Libro de nubes\" de Gabriel Cardirola, seguido por \"Monte camina\", de Juan Pablo Hidalgo y \"Lugar de agua\", de Mar\u00eda Cecilia Perna, quien se llev\u00f3 el tercer puesto.<\/em><\/strong><\/p>\n\n\n<div class=\"wp-block-image\">\n<figure class=\"aligncenter size-large\"><img decoding=\"async\" loading=\"lazy\" width=\"719\" height=\"480\" src=\"https:\/\/notinor.com\/jujuy\/wp-content\/uploads\/2023\/08\/fachada-cck-719x480.jpg\" alt=\"\" class=\"wp-image-387318\" srcset=\"https:\/\/notinor.com\/jujuy\/wp-content\/uploads\/2023\/08\/fachada-cck-719x480.jpg 719w, https:\/\/notinor.com\/jujuy\/wp-content\/uploads\/2023\/08\/fachada-cck-547x365.jpg 547w, https:\/\/notinor.com\/jujuy\/wp-content\/uploads\/2023\/08\/fachada-cck-768x513.jpg 768w, https:\/\/notinor.com\/jujuy\/wp-content\/uploads\/2023\/08\/fachada-cck-750x501.jpg 750w, https:\/\/notinor.com\/jujuy\/wp-content\/uploads\/2023\/08\/fachada-cck.jpg 800w\" sizes=\"(max-width: 719px) 100vw, 719px\" \/><\/figure><\/div>\n\n\n<p>Con la presencia y la lectura de obras de las y los autores ganadores del Premio Storni de Poes\u00eda 2023, - el 16 de  agosto a las 18 se llevar\u00e1 a cabo el acto de premiaci\u00f3n en el Sal\u00f3n de Honor del porte\u00f1o Centro Cultural Kirchner (CCK), ubicado en Sarmiento 151, informaron los organizadores.<\/p>\n\n\n\n<p><strong>Se trata de Gabriel Caldirola, quien gan\u00f3 el primer premio, de 400 mil pesos, con el \"Libro de nubes\"<\/strong>; Juan Pablo Hidalgo, quien result\u00f3 en segundo lugar con \"Monte camina\"; y Mar\u00eda Cecilia Perna, quien se adjudic\u00f3 el tercer puesto con \"Lugar de agua\". Ambos premios, segundo y tercero, dotados de 200 mil pesos.<\/p>\n\n\n\n<blockquote class=\"wp-block-quote\">\n<p>Este a\u00f1o se presentaron m\u00e1s de 1.400 obras y el jurado estuvo conformado por la reconocida escritora Mar\u00eda Teresa Andruetto, por Carlos Battilana y por Silvio Mattoni.<\/p>\n<\/blockquote>\n\n\n\n<p>\"Debido al gran nivel de las obras recibidas, el jurado destac\u00f3 y otorg\u00f3 tres menciones honor\u00edficas a 'lxs' poetas Mar\u00eda de los Milagros Torres por su obra 'Las se\u00f1oras que amaban a se\u00f1oras', a Florencia Bellucci por 'Sustrato ut\u00f3pico' y a Mar\u00eda Paula Zacharias por 'Itat\u00ed, reina de mi amor'\", informaron los organizadores.<\/p>\n\n\n\n<p><strong>El Premio Storni de Poes\u00eda, una iniciativa conjunta del Ministerio de Cultura de la Naci\u00f3n y el Centro Cultural Kirchner que distingue una obra in\u00e9dita de poes\u00eda<\/strong>, tiene por objetivo \"reconocer y fomentar la producci\u00f3n po\u00e9tica argentina y colaborar con el creciente inter\u00e9s general en la poes\u00eda por parte de la sociedad y el mundo editorial\".<\/p>\n\n\n\n<p>El ingreso al acto de premiaci\u00f3n -del que participar\u00e1n poetas, autoridades, jurados y ganadores de ediciones anteriores- \"no requiere reserva de entradas, el ingreso es por orden de llegada hasta agotar la capacidad de la sala\", agregaron desde el CCK.<\/p>\n","protected":false},"excerpt":{"rendered":"<p>Este a\u00f1o se presentaron m\u00e1s de 1.400 obras. Fue galardonado con el primer lugar \"Libro de nubes\" de Gabriel Cardirola, seguido por \"Monte camina\", de Juan Pablo Hidalgo y \"Lugar de agua\", de Mar\u00eda Cecilia Perna, quien se llev\u00f3 el tercer puesto. Con la presencia y la lectura de obras de las y los autores [&hellip;]<\/p>\n","protected":false},"author":53,"featured_media":387318,"comment_status":"open","ping_status":"open","sticky":false,"template":"","format":"standard","meta":{"_stopmodifiedupdate":false,"_modified_date":"","inline_featured_image":false,"spay_email":"","jetpack_publicize_message":""},"categories":[17],"tags":[573,223],"jetpack_featured_media_url":"https:\/\/notinor.com\/jujuy\/wp-content\/uploads\/2023\/08\/fachada-cck.jpg","jetpack_publicize_connections":[],"_links":{"self":[{"href":"https:\/\/notinor.com\/jujuy\/wp-json\/wp\/v2\/posts\/387317"}],"collection":[{"href":"https:\/\/notinor.com\/jujuy\/wp-json\/wp\/v2\/posts"}],"about":[{"href":"https:\/\/notinor.com\/jujuy\/wp-json\/wp\/v2\/types\/post"}],"author":[{"embeddable":true,"href":"https:\/\/notinor.com\/jujuy\/wp-json\/wp\/v2\/users\/53"}],"replies":[{"embeddable":true,"href":"https:\/\/notinor.com\/jujuy\/wp-json\/wp\/v2\/comments?post=387317"}],"version-history":[{"count":1,"href":"https:\/\/notinor.com\/jujuy\/wp-json\/wp\/v2\/posts\/387317\/revisions"}],"predecessor-version":[{"id":387319,"href":"https:\/\/notinor.com\/jujuy\/wp-json\/wp\/v2\/posts\/387317\/revisions\/387319"}],"wp:featuredmedia":[{"embeddable":true,"href":"https:\/\/notinor.com\/jujuy\/wp-json\/wp\/v2\/media\/387318"}],"wp:attachment":[{"href":"https:\/\/notinor.com\/jujuy\/wp-json\/wp\/v2\/media?parent=387317"}],"wp:term":[{"taxonomy":"category","embeddable":true,"href":"https:\/\/notinor.com\/jujuy\/wp-json\/wp\/v2\/categories?post=387317"},{"taxonomy":"post_tag","embeddable":true,"href":"https:\/\/notinor.com\/jujuy\/wp-json\/wp\/v2\/tags?post=387317"}],"curies":[{"name":"wp","href":"https:\/\/api.w.org\/{rel}","templated":true}]}}