{"id":386512,"date":"2023-07-29T08:50:33","date_gmt":"2023-07-29T11:50:33","guid":{"rendered":"https:\/\/notinor.com\/jujuy\/?p=386512"},"modified":"2023-07-29T08:18:00","modified_gmt":"2023-07-29T08:18:00","slug":"386512-2","status":"publish","type":"post","link":"https:\/\/notinor.com\/jujuy\/386512-2\/","title":{"rendered":"Este domingo EJESA realizar\u00e1 tareas de mejora y mantenimiento de redes el\u00e9ctricas en barrio Luj\u00e1n"},"content":{"rendered":"\n<p class=\"has-medium-font-size\"><strong><em>&nbsp;Informamos&nbsp;que, con el objeto de&nbsp;elevar la calidad de nuestro servicio,&nbsp;se realizar\u00e1n tareas de&nbsp;mantenimiento y renovaci\u00f3n&nbsp;en las instalaciones de nuestro sistema.&nbsp;<\/em><\/strong><\/p>\n\n\n<div class=\"wp-block-image\">\n<figure class=\"aligncenter size-full\"><img decoding=\"async\" loading=\"lazy\" width=\"750\" height=\"262\" src=\"https:\/\/notinor.com\/jujuy\/wp-content\/uploads\/2023\/07\/LUJAN1.jpg\" alt=\"\" class=\"wp-image-386514\" srcset=\"https:\/\/notinor.com\/jujuy\/wp-content\/uploads\/2023\/07\/LUJAN1.jpg 750w, https:\/\/notinor.com\/jujuy\/wp-content\/uploads\/2023\/07\/LUJAN1-660x231.jpg 660w\" sizes=\"(max-width: 750px) 100vw, 750px\" \/><\/figure><\/div>\n\n\n<p>Con este fin, ser\u00e1 necesario efectuar una&nbsp;interrupci\u00f3n programada en las siguientes zonas y horarios:&nbsp;<\/p>\n\n\n\n<p>Localidad:<strong>&nbsp;S. S. DE JUJUY<\/strong><strong>&nbsp;<\/strong><\/p>\n\n\n\n<p>D\u00eda:<strong>&nbsp;Domingo 30-07-2023<\/strong><strong>&nbsp;<\/strong><\/p>\n\n\n\n<p>Hora:<strong>&nbsp;08:00 a 11:00 Hs. aprox.<\/strong><strong>&nbsp;<\/strong><\/p>\n\n\n\n<p>Zonas:<strong>&nbsp;B\u00b0 Lujan (entre Avda. \u00c9xodo, Tumusla, Humahuaca, Cerro Aguilar) y zonas aleda\u00f1as<\/strong><strong>.&nbsp;<\/strong><\/p>\n\n\n\n<p>Localidad:<strong>&nbsp;S. S. DE JUJUY<\/strong><strong>&nbsp;<\/strong><\/p>\n\n\n\n<p><\/p>\n\n\n<div class=\"wp-block-image\">\n<figure class=\"aligncenter size-full\"><img decoding=\"async\" loading=\"lazy\" width=\"750\" height=\"301\" src=\"https:\/\/notinor.com\/jujuy\/wp-content\/uploads\/2023\/07\/AV-BALBIN-Y-ZAINO.jpg\" alt=\"\" class=\"wp-image-386517\" srcset=\"https:\/\/notinor.com\/jujuy\/wp-content\/uploads\/2023\/07\/AV-BALBIN-Y-ZAINO.jpg 750w, https:\/\/notinor.com\/jujuy\/wp-content\/uploads\/2023\/07\/AV-BALBIN-Y-ZAINO-660x265.jpg 660w\" sizes=\"(max-width: 750px) 100vw, 750px\" \/><\/figure><\/div>\n\n\n<p>D\u00eda:<strong>&nbsp;Domingo 30-07-2023<\/strong><strong>&nbsp;<\/strong><\/p>\n\n\n\n<p>Hora:<strong>&nbsp;12:00 a 14:00 Hs. aprox.<\/strong><strong>&nbsp;<\/strong><\/p>\n\n\n\n<p>Zonas:<strong>&nbsp;B\u00b0 Bajo La Vi\u00f1a (Avda. Balb\u00edn entre El Zaino y Palma Carrillo) y zonas aleda\u00f1as<\/strong><strong>&nbsp;<\/strong>&nbsp;<\/p>\n\n\n\n<p>Agradecemos tomar las precauciones necesarias durante la duraci\u00f3n de dicha interrupci\u00f3n a fin de evitar mayores inconvenientes.&nbsp;<\/p>\n\n\n\n<p>Por consultas y\/o requerimientos te recordamos nuestros canales de contacto disponibles las 24hs.:&nbsp;<\/p>\n\n\n\n<p>Nuestra Web&nbsp;<a href=\"https:\/\/www.ejesa.com.ar\/?fbclid=IwAR14rGgcVsKFtRmA2NmOFOPT8Zh7bN3g9FbnACLbH6gDSZ1s2OvPXPuyvMI\" target=\"_blank\" rel=\"noreferrer noopener\"><strong>https:\/\/www.ejesa.com.ar<\/strong><\/a><strong>&nbsp; &gt;&nbsp;&nbsp;<\/strong><a href=\"https:\/\/www.ejesa.com.ar\/gestion\/pwa\/tareasprogramadas\/cortes-de-luz\" target=\"_blank\" rel=\"noreferrer noopener\"><strong><\/strong><\/a><strong>Tareas Programadas<\/strong>&nbsp;<\/p>\n\n\n\n<p>VOLT, nuestro Asistente virtual&nbsp;<\/p>\n\n\n\n<p>WhatsApp&nbsp;<strong>3884613738&nbsp;<\/strong><a href=\"https:\/\/wa.me\/543884613738?fbclid=IwAR30VgYAEKWAQcLcxjdHjF5jGp891rlLdKEEpF_y3CJrpxc_nkfd01quSIs\" target=\"_blank\" rel=\"noreferrer noopener\"><strong>https:\/\/wa.me\/543884613738<\/strong><\/a>&nbsp;<\/p>\n","protected":false},"excerpt":{"rendered":"<p>&nbsp;Informamos&nbsp;que, con el objeto de&nbsp;elevar la calidad de nuestro servicio,&nbsp;se realizar\u00e1n tareas de&nbsp;mantenimiento y renovaci\u00f3n&nbsp;en las instalaciones de nuestro sistema.&nbsp; Con este fin, ser\u00e1 necesario efectuar una&nbsp;interrupci\u00f3n programada en las siguientes zonas y horarios:&nbsp; Localidad:&nbsp;S. S. DE JUJUY&nbsp; D\u00eda:&nbsp;Domingo 30-07-2023&nbsp; Hora:&nbsp;08:00 a 11:00 Hs. aprox.&nbsp; Zonas:&nbsp;B\u00b0 Lujan (entre Avda. \u00c9xodo, Tumusla, Humahuaca, Cerro Aguilar) y [&hellip;]<\/p>\n","protected":false},"author":5,"featured_media":386116,"comment_status":"open","ping_status":"open","sticky":false,"template":"","format":"standard","meta":{"_stopmodifiedupdate":false,"_modified_date":"","inline_featured_image":false,"spay_email":"","jetpack_publicize_message":""},"categories":[514],"tags":[],"jetpack_featured_media_url":"https:\/\/notinor.com\/jujuy\/wp-content\/uploads\/2023\/07\/corte-de-luz-1.jpeg","jetpack_publicize_connections":[],"_links":{"self":[{"href":"https:\/\/notinor.com\/jujuy\/wp-json\/wp\/v2\/posts\/386512"}],"collection":[{"href":"https:\/\/notinor.com\/jujuy\/wp-json\/wp\/v2\/posts"}],"about":[{"href":"https:\/\/notinor.com\/jujuy\/wp-json\/wp\/v2\/types\/post"}],"author":[{"embeddable":true,"href":"https:\/\/notinor.com\/jujuy\/wp-json\/wp\/v2\/users\/5"}],"replies":[{"embeddable":true,"href":"https:\/\/notinor.com\/jujuy\/wp-json\/wp\/v2\/comments?post=386512"}],"version-history":[{"count":2,"href":"https:\/\/notinor.com\/jujuy\/wp-json\/wp\/v2\/posts\/386512\/revisions"}],"predecessor-version":[{"id":386710,"href":"https:\/\/notinor.com\/jujuy\/wp-json\/wp\/v2\/posts\/386512\/revisions\/386710"}],"wp:featuredmedia":[{"embeddable":true,"href":"https:\/\/notinor.com\/jujuy\/wp-json\/wp\/v2\/media\/386116"}],"wp:attachment":[{"href":"https:\/\/notinor.com\/jujuy\/wp-json\/wp\/v2\/media?parent=386512"}],"wp:term":[{"taxonomy":"category","embeddable":true,"href":"https:\/\/notinor.com\/jujuy\/wp-json\/wp\/v2\/categories?post=386512"},{"taxonomy":"post_tag","embeddable":true,"href":"https:\/\/notinor.com\/jujuy\/wp-json\/wp\/v2\/tags?post=386512"}],"curies":[{"name":"wp","href":"https:\/\/api.w.org\/{rel}","templated":true}]}}