{"id":386185,"date":"2023-07-28T22:15:32","date_gmt":"2023-07-29T01:15:32","guid":{"rendered":"https:\/\/notinor.com\/jujuy\/?p=386185"},"modified":"2023-07-28T22:15:34","modified_gmt":"2023-07-29T01:15:34","slug":"bouhid-despedimos-a-yolanda-canchi-luchadora-incansable-del-gremio-de-atsa","status":"publish","type":"post","link":"https:\/\/notinor.com\/jujuy\/bouhid-despedimos-a-yolanda-canchi-luchadora-incansable-del-gremio-de-atsa\/","title":{"rendered":"Bouhid: \"Despedimos a Yolanda Canchi, luchadora incansable del gremio de ATSA\""},"content":{"rendered":"\n<p class=\"has-medium-font-size\"><strong><em>Este viernes 28 de julio en horas de la tarde falleci\u00f3 la Secretaria General de ATSA Jujuy, Yolanda Canchi; reconocida y destacada gremialista que siempre particip\u00f3 activamente en defensa de los derechos de los trabajadores del \u00e1mbito de la Salud.<\/em><\/strong><\/p>\n\n\n\n<p><\/p>\n\n\n<div class=\"wp-block-image\">\n<figure class=\"aligncenter size-full\"><img decoding=\"async\" loading=\"lazy\" width=\"800\" height=\"450\" src=\"https:\/\/notinor.com\/jujuy\/wp-content\/uploads\/2023\/07\/cartera-sanitaria.jpg\" alt=\"\" class=\"wp-image-386186\" srcset=\"https:\/\/notinor.com\/jujuy\/wp-content\/uploads\/2023\/07\/cartera-sanitaria.jpg 800w, https:\/\/notinor.com\/jujuy\/wp-content\/uploads\/2023\/07\/cartera-sanitaria-649x365.jpg 649w, https:\/\/notinor.com\/jujuy\/wp-content\/uploads\/2023\/07\/cartera-sanitaria-500x280.jpg 500w, https:\/\/notinor.com\/jujuy\/wp-content\/uploads\/2023\/07\/cartera-sanitaria-768x432.jpg 768w, https:\/\/notinor.com\/jujuy\/wp-content\/uploads\/2023\/07\/cartera-sanitaria-750x422.jpg 750w\" sizes=\"(max-width: 800px) 100vw, 800px\" \/><\/figure><\/div>\n\n\n<p><\/p>\n\n\n\n<p><strong>\u201cDespedimos a Yolanda Canchi, luchadora incansable del gremio de ATSA durante muchos a\u00f1os. Defendiendo a los trabajadores de la salud, en especial la Enfermer\u00eda. Fue destacada y reconocida su labor durante la pandemia. Sobresali\u00f3 como gremialista, con reconocimiento a nivel nacional por sus pares\u201d, <\/strong>expres\u00f3 el Ministro de Salud de Jujuy, Gustavo Bouhid y agreg\u00f3: \u201cMis condolencias a su familia. Dios le permita ver su rostro. Que en paz descanse\u201d.<\/p>\n\n\n\n<p>Desde la cartera sanitaria provincial lamentamos la irreparable p\u00e9rdida de la hist\u00f3rica dirigente. Q.E.P.D.<\/p>\n\n\n\n<p><strong>La Confederaci\u00f3n General del Trabajo (CGT Jujuy) tambi\u00e9n emiti\u00f3 un sentido comunicado por el fallecimiento de Yolanda Canchi,<\/strong> en el cual recuerdan sus virtudes como sindicalista en una tarea que desarroll\u00f3 por muchos a\u00f1os.<\/p>\n\n\n\n<p><\/p>\n\n\n<div class=\"wp-block-image\">\n<figure class=\"aligncenter size-large\"><img decoding=\"async\" loading=\"lazy\" width=\"339\" height=\"480\" src=\"https:\/\/notinor.com\/jujuy\/wp-content\/uploads\/2023\/07\/cgt-yolanda-canchi-339x480.jpg\" alt=\"\" class=\"wp-image-386187\" srcset=\"https:\/\/notinor.com\/jujuy\/wp-content\/uploads\/2023\/07\/cgt-yolanda-canchi-339x480.jpg 339w, https:\/\/notinor.com\/jujuy\/wp-content\/uploads\/2023\/07\/cgt-yolanda-canchi-258x365.jpg 258w, https:\/\/notinor.com\/jujuy\/wp-content\/uploads\/2023\/07\/cgt-yolanda-canchi.jpg 600w\" sizes=\"(max-width: 339px) 100vw, 339px\" \/><\/figure><\/div>","protected":false},"excerpt":{"rendered":"<p>Este viernes 28 de julio en horas de la tarde falleci\u00f3 la Secretaria General de ATSA Jujuy, Yolanda Canchi; reconocida y destacada gremialista que siempre particip\u00f3 activamente en defensa de los derechos de los trabajadores del \u00e1mbito de la Salud. \u201cDespedimos a Yolanda Canchi, luchadora incansable del gremio de ATSA durante muchos a\u00f1os. Defendiendo a [&hellip;]<\/p>\n","protected":false},"author":49,"featured_media":386186,"comment_status":"open","ping_status":"open","sticky":false,"template":"","format":"standard","meta":{"_stopmodifiedupdate":false,"_modified_date":"","inline_featured_image":false,"spay_email":"","jetpack_publicize_message":""},"categories":[2,514],"tags":[],"jetpack_featured_media_url":"https:\/\/notinor.com\/jujuy\/wp-content\/uploads\/2023\/07\/cartera-sanitaria.jpg","jetpack_publicize_connections":[],"_links":{"self":[{"href":"https:\/\/notinor.com\/jujuy\/wp-json\/wp\/v2\/posts\/386185"}],"collection":[{"href":"https:\/\/notinor.com\/jujuy\/wp-json\/wp\/v2\/posts"}],"about":[{"href":"https:\/\/notinor.com\/jujuy\/wp-json\/wp\/v2\/types\/post"}],"author":[{"embeddable":true,"href":"https:\/\/notinor.com\/jujuy\/wp-json\/wp\/v2\/users\/49"}],"replies":[{"embeddable":true,"href":"https:\/\/notinor.com\/jujuy\/wp-json\/wp\/v2\/comments?post=386185"}],"version-history":[{"count":1,"href":"https:\/\/notinor.com\/jujuy\/wp-json\/wp\/v2\/posts\/386185\/revisions"}],"predecessor-version":[{"id":386188,"href":"https:\/\/notinor.com\/jujuy\/wp-json\/wp\/v2\/posts\/386185\/revisions\/386188"}],"wp:featuredmedia":[{"embeddable":true,"href":"https:\/\/notinor.com\/jujuy\/wp-json\/wp\/v2\/media\/386186"}],"wp:attachment":[{"href":"https:\/\/notinor.com\/jujuy\/wp-json\/wp\/v2\/media?parent=386185"}],"wp:term":[{"taxonomy":"category","embeddable":true,"href":"https:\/\/notinor.com\/jujuy\/wp-json\/wp\/v2\/categories?post=386185"},{"taxonomy":"post_tag","embeddable":true,"href":"https:\/\/notinor.com\/jujuy\/wp-json\/wp\/v2\/tags?post=386185"}],"curies":[{"name":"wp","href":"https:\/\/api.w.org\/{rel}","templated":true}]}}