{"id":385891,"date":"2023-07-25T09:03:26","date_gmt":"2023-07-25T12:03:26","guid":{"rendered":"https:\/\/notinor.com\/jujuy\/?p=385891"},"modified":"2023-07-25T09:03:27","modified_gmt":"2023-07-25T12:03:27","slug":"actividades-recreativas-para-la-segunda-semana-de-vacaciones","status":"publish","type":"post","link":"https:\/\/notinor.com\/jujuy\/actividades-recreativas-para-la-segunda-semana-de-vacaciones\/","title":{"rendered":"Actividades recreativas para la segunda semana de vacaciones"},"content":{"rendered":"\n<p class=\"has-medium-font-size\"><strong><em>Continua el programa de actividades culturales, art\u00edsticas y musicales planificado para la segunda semana de vacaciones de invierno en Jujuy. Plaza Espa\u00f1a y Casa de Gobierno, epicentros de los eventos.<\/em><\/strong><\/p>\n\n\n<div class=\"wp-block-image\">\n<figure class=\"aligncenter size-large\"><img decoding=\"async\" loading=\"lazy\" width=\"720\" height=\"480\" src=\"https:\/\/notinor.com\/jujuy\/wp-content\/uploads\/2023\/07\/feria-plaza-espana-720x480.webp\" alt=\"\" class=\"wp-image-385894\" srcset=\"https:\/\/notinor.com\/jujuy\/wp-content\/uploads\/2023\/07\/feria-plaza-espana-720x480.webp 720w, https:\/\/notinor.com\/jujuy\/wp-content\/uploads\/2023\/07\/feria-plaza-espana-547x365.webp 547w, https:\/\/notinor.com\/jujuy\/wp-content\/uploads\/2023\/07\/feria-plaza-espana-768x512.webp 768w, https:\/\/notinor.com\/jujuy\/wp-content\/uploads\/2023\/07\/feria-plaza-espana-750x500.webp 750w, https:\/\/notinor.com\/jujuy\/wp-content\/uploads\/2023\/07\/feria-plaza-espana.webp 1012w\" sizes=\"(max-width: 720px) 100vw, 720px\" \/><\/figure><\/div>\n\n\n<p><strong>MARTES 25 DE JULIO<\/strong> Plaza Espa\u00f1a - Casa de Gobierno: II Feria Provincial del Invierno del Mercado Artesanal en plaza Espa\u00f1a y Feria de Industrias Culturales. (10.00 hs. a 21.00 hs) Centro de Interpretaci\u00f3n de la Bandera Nacional de la Libertad Civil: Visitas guiadas 1\u00b0piso - Casa de Gobierno. (9.00 a 20.00 hs) Museo Hist\u00f3rico Provincial Juan Galo Lavalle: Lavalle 256 San Salvador de Jujuy. (8.00 a 19.00 hs) CAJA: Taller de Hip-Hop para las infancias dictado por Mauro Sulca. (10:00 hs a 11:00 hs.) <\/p>\n\n\n\n<p><strong>MI\u00c9RCOLES 26 DE JULI<\/strong>O Plaza Espa\u00f1a - Casa de Gobierno: II Feria Provincial del Invierno del Mercado Artesanal en plaza Espa\u00f1a y Feria de Industrias Culturales. (10.00 hs. a 21.00 hs) Centro de Interpretaci\u00f3n de la Bandera Nacional de la Libertad Civil: Visitas guiadas 1\u00b0piso - Casa de Gobierno. (9.00 a 20.00 hs) Museo Hist\u00f3rico Provincial Juan Galo Lavalle: Lavalle 256 San Salvador de Jujuy. (8.00 a 19.00 hs) Macedonio Graz: Taller de arte reciclable infantil. Sonia N\u00fa\u00f1ez. (9:30 a 12:30 hs.) CAJA: Taller de Hip-Hop infantil. Mauro Sulca. (10:00 hs.) Casa de las Letras. Especial infantil: Taller de Pintura para las infancias dictado por Mar\u00eda Luisa Sosa. (16:00hs.) Cuentos del Abuelo Sirulfo. Obra de t\u00edteres infantil (17:00 hs.) Pintacaritas (17:00 hs a 19:00 hs.) Super Nick, Espect\u00e1culo infantil (18:00 hs.) <\/p>\n\n\n\n<p><strong>JUEVES 27 de JULIO<\/strong> Plaza Espa\u00f1a - Casa de Gobierno: II Feria Provincial del Invierno del Mercado Artesanal en plaza Espa\u00f1a y Feria de Industrias Culturales. (10.00 hs. a 22.00 hs) Centro de Interpretaci\u00f3n de la Bandera Nacional de la Libertad Civil: Visitas guiadas 1\u00b0piso - Casa de Gobierno. (9.00 a 20.00 hs) Museo Hist\u00f3rico Provincial Juan Galo Lavalle: Lavalle 256 San Salvador de Jujuy. (8.00 a 19.00 hs) Letras Tejido textil andino para ni\u00f1os de +10 a\u00f1os dictado por Carmen Chauque (17:00 hs.) <\/p>\n\n\n\n<p><strong>VIERNES 28 DE JULIO<\/strong> Plaza Espa\u00f1a - Casa de Gobierno: II Feria Provincial del Invierno del Mercado Artesanal en plaza Espa\u00f1a y Feria de Industrias Culturales. (10.00 hs. a 22.00 hs) Espect\u00e1culos de 19.00 a 21.00 hs. Forita (Grupo Musical) Chilcan (Grupo Musical) Centro de Interpretaci\u00f3n de la Bandera Nacional de la Libertad Civil: Visitas guiadas 1\u00b0piso - Casa de Gobierno. (10.00 a 19.00 hs) Museo Hist\u00f3rico Provincial Juan Galo Lavalle: Lavalle 256 San Salvador de Jujuy. (8.00 a 19.00 hs) CAJA. Especial infantil: Taller de Pintura para las infancias dictado por Mar\u00eda Luis Sosa (16:00 hs.) La ni\u00f1a del cerro, Obra de t\u00edteres infantil (17:00 hs.) Pinta caritas (17:30 hs a 19:00 hs.) La Casa de las Rosas, espect\u00e1culo Circense (18:00 hs.)<\/p>\n\n\n\n<p><strong>S\u00c1BADO 29 de JULI<\/strong>O Plaza Espa\u00f1a - Casa de Gobierno: II Feria Provincial del Invierno del Mercado Artesanal en plaza Espa\u00f1a y Feria de Industrias Culturales. (10.00 hs. a 21.00 hs) Espect\u00e1culos (18.00 a 21.00 hs.) Chocolate con Cuentos, espect\u00e1culo Infantil. D\u00fao Paranoico, espect\u00e1culo infantil. Chakra, grupo musical. Tati Dom\u00ednguez, grupo musical. Centro de Interpretaci\u00f3n de la Bandera Nacional de la Libertad Civil: Visitas guiadas 1\u00b0piso - Casa de Gobierno. (10.00 a 19.00 hs) Museo Hist\u00f3rico Provincial Juan Galo Lavalle: Lavalle 256 San Salvador de Jujuy. (8.00 a 19.00 hs)<\/p>\n","protected":false},"excerpt":{"rendered":"<p>Continua el programa de actividades culturales, art\u00edsticas y musicales planificado para la segunda semana de vacaciones de invierno en Jujuy. Plaza Espa\u00f1a y Casa de Gobierno, epicentros de los eventos. MARTES 25 DE JULIO Plaza Espa\u00f1a - Casa de Gobierno: II Feria Provincial del Invierno del Mercado Artesanal en plaza Espa\u00f1a y Feria de Industrias [&hellip;]<\/p>\n","protected":false},"author":53,"featured_media":385894,"comment_status":"open","ping_status":"open","sticky":false,"template":"","format":"standard","meta":{"_stopmodifiedupdate":false,"_modified_date":"","inline_featured_image":false,"spay_email":"","jetpack_publicize_message":""},"categories":[2,17],"tags":[696,19,1302],"jetpack_featured_media_url":"https:\/\/notinor.com\/jujuy\/wp-content\/uploads\/2023\/07\/feria-plaza-espana.webp","jetpack_publicize_connections":[],"_links":{"self":[{"href":"https:\/\/notinor.com\/jujuy\/wp-json\/wp\/v2\/posts\/385891"}],"collection":[{"href":"https:\/\/notinor.com\/jujuy\/wp-json\/wp\/v2\/posts"}],"about":[{"href":"https:\/\/notinor.com\/jujuy\/wp-json\/wp\/v2\/types\/post"}],"author":[{"embeddable":true,"href":"https:\/\/notinor.com\/jujuy\/wp-json\/wp\/v2\/users\/53"}],"replies":[{"embeddable":true,"href":"https:\/\/notinor.com\/jujuy\/wp-json\/wp\/v2\/comments?post=385891"}],"version-history":[{"count":1,"href":"https:\/\/notinor.com\/jujuy\/wp-json\/wp\/v2\/posts\/385891\/revisions"}],"predecessor-version":[{"id":385896,"href":"https:\/\/notinor.com\/jujuy\/wp-json\/wp\/v2\/posts\/385891\/revisions\/385896"}],"wp:featuredmedia":[{"embeddable":true,"href":"https:\/\/notinor.com\/jujuy\/wp-json\/wp\/v2\/media\/385894"}],"wp:attachment":[{"href":"https:\/\/notinor.com\/jujuy\/wp-json\/wp\/v2\/media?parent=385891"}],"wp:term":[{"taxonomy":"category","embeddable":true,"href":"https:\/\/notinor.com\/jujuy\/wp-json\/wp\/v2\/categories?post=385891"},{"taxonomy":"post_tag","embeddable":true,"href":"https:\/\/notinor.com\/jujuy\/wp-json\/wp\/v2\/tags?post=385891"}],"curies":[{"name":"wp","href":"https:\/\/api.w.org\/{rel}","templated":true}]}}