{"id":385402,"date":"2023-07-19T08:48:26","date_gmt":"2023-07-19T11:48:26","guid":{"rendered":"https:\/\/notinor.com\/jujuy\/?p=385402"},"modified":"2023-07-19T08:55:40","modified_gmt":"2023-07-19T11:55:40","slug":"convocan-a-capacitacion-gratuita-para-actores","status":"publish","type":"post","link":"https:\/\/notinor.com\/jujuy\/convocan-a-capacitacion-gratuita-para-actores\/","title":{"rendered":"Convocan a capacitaci\u00f3n gratuita para actores"},"content":{"rendered":"\n<p class=\"has-medium-font-size\"><strong><em>La convocatoria para participar de esta capacitaci\u00f3n gratuita permanecer\u00e1 abierta hasta el 25 de julio y dar\u00e1 inicio el pr\u00f3ximo 7 de agosto.<\/em><\/strong><\/p>\n\n\n<div class=\"wp-block-image\">\n<figure class=\"aligncenter size-large\"><img decoding=\"async\" loading=\"lazy\" width=\"840\" height=\"473\" src=\"https:\/\/notinor.com\/jujuy\/wp-content\/uploads\/2023\/07\/actuacionfrentecamara_01jpg-840x473.webp\" alt=\"\" class=\"wp-image-385403\" srcset=\"https:\/\/notinor.com\/jujuy\/wp-content\/uploads\/2023\/07\/actuacionfrentecamara_01jpg-840x473.webp 840w, https:\/\/notinor.com\/jujuy\/wp-content\/uploads\/2023\/07\/actuacionfrentecamara_01jpg-649x365.webp 649w, https:\/\/notinor.com\/jujuy\/wp-content\/uploads\/2023\/07\/actuacionfrentecamara_01jpg-768x432.webp 768w, https:\/\/notinor.com\/jujuy\/wp-content\/uploads\/2023\/07\/actuacionfrentecamara_01jpg-750x422.webp 750w, https:\/\/notinor.com\/jujuy\/wp-content\/uploads\/2023\/07\/actuacionfrentecamara_01jpg-1140x641.webp 1140w, https:\/\/notinor.com\/jujuy\/wp-content\/uploads\/2023\/07\/actuacionfrentecamara_01jpg.webp 1200w\" sizes=\"(max-width: 840px) 100vw, 840px\" \/><\/figure><\/div>\n\n\n<p><br>El Instituto de Artes Audiovisuales de Jujuy, a trav\u00e9s de la Direcci\u00f3n de Fomento y Promoci\u00f3n Audiovisual, ofrecer\u00e1 una capacitaci\u00f3n gratuita de \u201cActuaci\u00f3n frente a c\u00e1mara\u201d destinada a actores y actrices del medio.<strong> La misma dar\u00e1 inicio el pr\u00f3ximo 7 de agosto y tendr\u00e1 una duraci\u00f3n de cinco meses<\/strong>.<\/p>\n\n\n\n<blockquote class=\"wp-block-quote\">\n<p>Las inscripciones para las personas interesadas permanecer\u00e1n abiertas hasta el 25 de julio a trav\u00e9s de la p\u00e1gina web: iaaj.jujuy.gob.ar.<\/p>\n<\/blockquote>\n\n\n\n<p><br><strong>El curso se dictar\u00e1 de manera presencial en la sala \u201cRa\u00fal Gal\u00e1n\u201d del Teatro Mitre y ser\u00e1 impartido por Manuel Estopi\u00f1\u00e1n<\/strong>, quien se desempe\u00f1a como actor, director, coach de actores, productor, guionista y docente.<\/p>\n\n\n\n<blockquote class=\"wp-block-quote\">\n<p>La convocatoria para participar de esta capacitaci\u00f3n gratuita permanecer\u00e1 abierta hasta el 25 de julio y dar\u00e1 inicio el pr\u00f3ximo 7 de agosto.<\/p>\n<\/blockquote>\n\n\n\n<p>L<strong>a capacitaci\u00f3n tiene como objetivo brindar una formaci\u00f3n completa, intensiva y pr\u00e1ctica relacionada con el mundo audiovisual.<\/strong> Los encuentros se llevar\u00e1n a cabo mediante clases din\u00e1micas, adaptando distintas t\u00e9cnicas y metodolog\u00edas de estudios personalizadas, donde los estudiantes tendr\u00e1n la oportunidad de transitar diferentes escenas.<\/p>\n\n\n\n<p>Adem\u00e1s, durante el curso se utilizar\u00e1n recursos t\u00e9cnicos y tecnol\u00f3gicos, como equipos de grabaci\u00f3n, equipos de sonidos, software de edici\u00f3n y equipos de iluminaci\u00f3n, para garantizar una experiencia de aprendizaje completa y realista. <strong>Est\u00e1 previsto que la capacitaci\u00f3n se dicte los d\u00edas lunes y mi\u00e9rcoles en el horario de 15.00 a 17.00, en el transcurso de 36 clases, culminando el 6 de diciembre.<\/strong><\/p>\n","protected":false},"excerpt":{"rendered":"<p>La convocatoria para participar de esta capacitaci\u00f3n gratuita permanecer\u00e1 abierta hasta el 25 de julio y dar\u00e1 inicio el pr\u00f3ximo 7 de agosto. El Instituto de Artes Audiovisuales de Jujuy, a trav\u00e9s de la Direcci\u00f3n de Fomento y Promoci\u00f3n Audiovisual, ofrecer\u00e1 una capacitaci\u00f3n gratuita de \u201cActuaci\u00f3n frente a c\u00e1mara\u201d destinada a actores y actrices del [&hellip;]<\/p>\n","protected":false},"author":53,"featured_media":385403,"comment_status":"open","ping_status":"open","sticky":false,"template":"","format":"standard","meta":{"_stopmodifiedupdate":false,"_modified_date":"","inline_featured_image":false,"spay_email":"","jetpack_publicize_message":""},"categories":[17],"tags":[2196,19],"jetpack_featured_media_url":"https:\/\/notinor.com\/jujuy\/wp-content\/uploads\/2023\/07\/actuacionfrentecamara_01jpg.webp","jetpack_publicize_connections":[],"_links":{"self":[{"href":"https:\/\/notinor.com\/jujuy\/wp-json\/wp\/v2\/posts\/385402"}],"collection":[{"href":"https:\/\/notinor.com\/jujuy\/wp-json\/wp\/v2\/posts"}],"about":[{"href":"https:\/\/notinor.com\/jujuy\/wp-json\/wp\/v2\/types\/post"}],"author":[{"embeddable":true,"href":"https:\/\/notinor.com\/jujuy\/wp-json\/wp\/v2\/users\/53"}],"replies":[{"embeddable":true,"href":"https:\/\/notinor.com\/jujuy\/wp-json\/wp\/v2\/comments?post=385402"}],"version-history":[{"count":1,"href":"https:\/\/notinor.com\/jujuy\/wp-json\/wp\/v2\/posts\/385402\/revisions"}],"predecessor-version":[{"id":385404,"href":"https:\/\/notinor.com\/jujuy\/wp-json\/wp\/v2\/posts\/385402\/revisions\/385404"}],"wp:featuredmedia":[{"embeddable":true,"href":"https:\/\/notinor.com\/jujuy\/wp-json\/wp\/v2\/media\/385403"}],"wp:attachment":[{"href":"https:\/\/notinor.com\/jujuy\/wp-json\/wp\/v2\/media?parent=385402"}],"wp:term":[{"taxonomy":"category","embeddable":true,"href":"https:\/\/notinor.com\/jujuy\/wp-json\/wp\/v2\/categories?post=385402"},{"taxonomy":"post_tag","embeddable":true,"href":"https:\/\/notinor.com\/jujuy\/wp-json\/wp\/v2\/tags?post=385402"}],"curies":[{"name":"wp","href":"https:\/\/api.w.org\/{rel}","templated":true}]}}