{"id":385396,"date":"2023-07-19T08:34:30","date_gmt":"2023-07-19T11:34:30","guid":{"rendered":"https:\/\/notinor.com\/jujuy\/?p=385396"},"modified":"2023-07-19T08:34:31","modified_gmt":"2023-07-19T11:34:31","slug":"apertura-de-sobres-para-el-programa-de-mejora-del-acceso-y-la-calidad-educativa","status":"publish","type":"post","link":"https:\/\/notinor.com\/jujuy\/apertura-de-sobres-para-el-programa-de-mejora-del-acceso-y-la-calidad-educativa\/","title":{"rendered":"Apertura de sobres para el Programa de Mejora del Acceso y la Calidad Educativa"},"content":{"rendered":"\n<p class=\"has-medium-font-size\"><strong><em><br>La titular de la cartera educativa, Mar\u00eda Teresa Bovi, encabez\u00f3 la apertura de sobres correspondiente a la Licitaci\u00f3n P\u00fablica Internacional N\u00b08 \u2013Contrato de Pr\u00e9stamo CAF N\u00b011194, que tiene como objetivo la adquisici\u00f3n de equipamiento de servidores, en el marco del Programa de Mejora del Acceso y la Calidad Educativa.<\/em><\/strong><\/p>\n\n\n<div class=\"wp-block-image\">\n<figure class=\"aligncenter size-large\"><img decoding=\"async\" loading=\"lazy\" width=\"779\" height=\"480\" src=\"https:\/\/notinor.com\/jujuy\/wp-content\/uploads\/2023\/07\/6342301a0feb0-779x480.jpg\" alt=\"\" class=\"wp-image-385397\" srcset=\"https:\/\/notinor.com\/jujuy\/wp-content\/uploads\/2023\/07\/6342301a0feb0-779x480.jpg 779w, https:\/\/notinor.com\/jujuy\/wp-content\/uploads\/2023\/07\/6342301a0feb0-592x365.jpg 592w, https:\/\/notinor.com\/jujuy\/wp-content\/uploads\/2023\/07\/6342301a0feb0-768x473.jpg 768w, https:\/\/notinor.com\/jujuy\/wp-content\/uploads\/2023\/07\/6342301a0feb0-750x462.jpg 750w, https:\/\/notinor.com\/jujuy\/wp-content\/uploads\/2023\/07\/6342301a0feb0.jpg 990w\" sizes=\"(max-width: 779px) 100vw, 779px\" \/><\/figure><\/div>\n\n\n<p>La apertura cont\u00f3 con la presencia de la secretaria de Cr\u00e9dito Educativo, Marcela Montiel; la subsecretaria de Coordinaci\u00f3n Educativa, Natalia Garc\u00eda Goyena; la asesora Legal de Fiscal\u00eda de Estado, Adriana Varela; la escribana adscripta al Registro del Estado, Jimena Ellemberg y representantes de empresas oferentes.<\/p>\n\n\n\n<p><strong>La Licitaci\u00f3n P\u00fablica Internacional N\u00b08 cuenta con un presupuesto oficial que asciende a la suma de d\u00f3lares estadounidenses seiscientos setenta y un mil ciento cincuenta y dos con noventa y ocho \/100 centavos ($USD 671.152,98)<\/strong>, mientras que el presupuesto para cada uno de los lotes ser\u00e1: LOTE 1, equivalente a $USD 635.094, 64 y LOTE 2, equivalente a $USD 36.103,34.<\/p>\n\n\n<div class=\"wp-block-image\">\n<figure class=\"aligncenter size-large\"><img decoding=\"async\" loading=\"lazy\" width=\"718\" height=\"480\" src=\"https:\/\/notinor.com\/jujuy\/wp-content\/uploads\/2023\/07\/whatsapp-image-2023-07-18-at-105552jpeg-718x480.webp\" alt=\"\" class=\"wp-image-385398\" srcset=\"https:\/\/notinor.com\/jujuy\/wp-content\/uploads\/2023\/07\/whatsapp-image-2023-07-18-at-105552jpeg-718x480.webp 718w, https:\/\/notinor.com\/jujuy\/wp-content\/uploads\/2023\/07\/whatsapp-image-2023-07-18-at-105552jpeg-546x365.webp 546w, https:\/\/notinor.com\/jujuy\/wp-content\/uploads\/2023\/07\/whatsapp-image-2023-07-18-at-105552jpeg-768x513.webp 768w, https:\/\/notinor.com\/jujuy\/wp-content\/uploads\/2023\/07\/whatsapp-image-2023-07-18-at-105552jpeg-750x501.webp 750w, https:\/\/notinor.com\/jujuy\/wp-content\/uploads\/2023\/07\/whatsapp-image-2023-07-18-at-105552jpeg-1140x762.webp 1140w, https:\/\/notinor.com\/jujuy\/wp-content\/uploads\/2023\/07\/whatsapp-image-2023-07-18-at-105552jpeg.webp 1200w\" sizes=\"(max-width: 718px) 100vw, 718px\" \/><\/figure><\/div>\n\n\n<p>En la oportunidad, <strong>se presentaron dos empresas oferentes: DATASTAR ARGENTINA S.A<\/strong>. con una propuesta econ\u00f3mica que asciende a la suma de d\u00f3lares estadounidenses de novecientos mil doscientos cuarenta y seis con setenta ($USD 900.246,70) con IVA incluido, y <strong>CEDI CONSULTING S.R.L<\/strong>. cuya oferta asciende a la suma de d\u00f3lares estadounidenses de seiscientos treinta y tres mil trescientos noventa y siete con noventa y dos ($USD 633.397,92) con IVA incluido.<\/p>\n\n\n\n<p>Tras la suscripci\u00f3n del Acta correspondiente, la ministra Bovi, agradeci\u00f3 a las empresas por participar en esta instancia \u201cles deseo mucha suerte a todos y gracias por confiar en el Gobierno de la provincia de Jujuy\u201d.<\/p>\n","protected":false},"excerpt":{"rendered":"<p>La titular de la cartera educativa, Mar\u00eda Teresa Bovi, encabez\u00f3 la apertura de sobres correspondiente a la Licitaci\u00f3n P\u00fablica Internacional N\u00b08 \u2013Contrato de Pr\u00e9stamo CAF N\u00b011194, que tiene como objetivo la adquisici\u00f3n de equipamiento de servidores, en el marco del Programa de Mejora del Acceso y la Calidad Educativa. La apertura cont\u00f3 con la presencia [&hellip;]<\/p>\n","protected":false},"author":53,"featured_media":385397,"comment_status":"open","ping_status":"open","sticky":false,"template":"","format":"standard","meta":{"_stopmodifiedupdate":false,"_modified_date":"","inline_featured_image":false,"spay_email":"","jetpack_publicize_message":""},"categories":[2],"tags":[696,1507,19],"jetpack_featured_media_url":"https:\/\/notinor.com\/jujuy\/wp-content\/uploads\/2023\/07\/6342301a0feb0.jpg","jetpack_publicize_connections":[],"_links":{"self":[{"href":"https:\/\/notinor.com\/jujuy\/wp-json\/wp\/v2\/posts\/385396"}],"collection":[{"href":"https:\/\/notinor.com\/jujuy\/wp-json\/wp\/v2\/posts"}],"about":[{"href":"https:\/\/notinor.com\/jujuy\/wp-json\/wp\/v2\/types\/post"}],"author":[{"embeddable":true,"href":"https:\/\/notinor.com\/jujuy\/wp-json\/wp\/v2\/users\/53"}],"replies":[{"embeddable":true,"href":"https:\/\/notinor.com\/jujuy\/wp-json\/wp\/v2\/comments?post=385396"}],"version-history":[{"count":1,"href":"https:\/\/notinor.com\/jujuy\/wp-json\/wp\/v2\/posts\/385396\/revisions"}],"predecessor-version":[{"id":385399,"href":"https:\/\/notinor.com\/jujuy\/wp-json\/wp\/v2\/posts\/385396\/revisions\/385399"}],"wp:featuredmedia":[{"embeddable":true,"href":"https:\/\/notinor.com\/jujuy\/wp-json\/wp\/v2\/media\/385397"}],"wp:attachment":[{"href":"https:\/\/notinor.com\/jujuy\/wp-json\/wp\/v2\/media?parent=385396"}],"wp:term":[{"taxonomy":"category","embeddable":true,"href":"https:\/\/notinor.com\/jujuy\/wp-json\/wp\/v2\/categories?post=385396"},{"taxonomy":"post_tag","embeddable":true,"href":"https:\/\/notinor.com\/jujuy\/wp-json\/wp\/v2\/tags?post=385396"}],"curies":[{"name":"wp","href":"https:\/\/api.w.org\/{rel}","templated":true}]}}