{"id":385299,"date":"2023-07-18T08:33:16","date_gmt":"2023-07-18T11:33:16","guid":{"rendered":"https:\/\/notinor.com\/jujuy\/?p=385299"},"modified":"2023-07-18T08:33:20","modified_gmt":"2023-07-18T11:33:20","slug":"ejesa-informa-que-realizara-tareas-de-mejora-y-mantenimiento-de-redes-electricas-este-miercoles-en-localidades-del-interior","status":"publish","type":"post","link":"https:\/\/notinor.com\/jujuy\/ejesa-informa-que-realizara-tareas-de-mejora-y-mantenimiento-de-redes-electricas-este-miercoles-en-localidades-del-interior\/","title":{"rendered":"EJESA informa que realizar\u00e1 tareas de mejora y mantenimiento de redes el\u00e9ctricas este m\u00edercoles en localidades del interior"},"content":{"rendered":"\n<p class=\"has-medium-font-size\"><strong>I<em>nformamos\u00a0que, con el objeto de\u00a0elevar la calidad de nuestro servicio,\u00a0se realizar\u00e1n tareas de\u00a0mantenimiento y renovaci\u00f3n\u00a0en las instalaciones de nuestro sistema.\u00a0<\/em><\/strong><\/p>\n\n\n<div class=\"wp-block-image\">\n<figure class=\"aligncenter size-large is-resized\"><img decoding=\"async\" loading=\"lazy\" src=\"https:\/\/notinor.com\/jujuy\/wp-content\/uploads\/2023\/03\/libertador-636x480.jpg\" alt=\"\" class=\"wp-image-373704\" width=\"684\" height=\"516\" srcset=\"https:\/\/notinor.com\/jujuy\/wp-content\/uploads\/2023\/03\/libertador-636x480.jpg 636w, https:\/\/notinor.com\/jujuy\/wp-content\/uploads\/2023\/03\/libertador-484x365.jpg 484w, https:\/\/notinor.com\/jujuy\/wp-content\/uploads\/2023\/03\/libertador.jpg 750w\" sizes=\"(max-width: 684px) 100vw, 684px\" \/><\/figure><\/div>\n\n\n<p>Con este fin, ser\u00e1 necesario efectuar una&nbsp;interrupci\u00f3n programada en las siguientes zonas y horarios:&nbsp;<\/p>\n\n\n\n<p>Localidad:<strong>&nbsp;LIBERTADOR<\/strong><strong>&nbsp;<\/strong><\/p>\n\n\n\n<p>D\u00eda:<strong>&nbsp;Mi\u00e9rcoles 19-07-2023<\/strong><strong>&nbsp;<\/strong><\/p>\n\n\n\n<p>Hora:<strong>&nbsp;08:00 a 12:00 Hs. aprox.<\/strong><strong>&nbsp;<\/strong><\/p>\n\n\n\n<p>Zonas:<strong>&nbsp;B\u00b0 Jard\u00edn, B\u00b0 Pomelar y zonas aleda\u00f1as<\/strong><strong>.&nbsp;<\/strong><\/p>\n\n\n<div class=\"wp-block-image\">\n<figure class=\"aligncenter size-large\"><img decoding=\"async\" loading=\"lazy\" width=\"682\" height=\"480\" src=\"https:\/\/notinor.com\/jujuy\/wp-content\/uploads\/2019\/11\/Zona-franca-perico-682x480.jpg\" alt=\"\" class=\"wp-image-225168\" srcset=\"https:\/\/notinor.com\/jujuy\/wp-content\/uploads\/2019\/11\/Zona-franca-perico-682x480.jpg 682w, https:\/\/notinor.com\/jujuy\/wp-content\/uploads\/2019\/11\/Zona-franca-perico-519x365.jpg 519w, https:\/\/notinor.com\/jujuy\/wp-content\/uploads\/2019\/11\/Zona-franca-perico-768x540.jpg 768w, https:\/\/notinor.com\/jujuy\/wp-content\/uploads\/2019\/11\/Zona-franca-perico-300x210.jpg 300w, https:\/\/notinor.com\/jujuy\/wp-content\/uploads\/2019\/11\/Zona-franca-perico.jpg 800w\" sizes=\"(max-width: 682px) 100vw, 682px\" \/><\/figure><\/div>\n\n\n<p>Localidad:<strong>&nbsp;PERICO<\/strong><strong>&nbsp;<\/strong><\/p>\n\n\n\n<p>D\u00eda:<strong>&nbsp;Mi\u00e9rcoles 19-07-2023<\/strong><strong>&nbsp;<\/strong><\/p>\n\n\n\n<p>Hora:<strong>&nbsp;09:00 a 14:00 Hs. aprox.<\/strong><strong>&nbsp;<\/strong><\/p>\n\n\n\n<p>Zonas:<strong>&nbsp;B\u00b0 San Miguel, Los Borditos y zonas aleda\u00f1as<\/strong><strong>&nbsp;<\/strong>&nbsp;<\/p>\n\n\n\n<p>Agradecemos tomar las precauciones necesarias durante la duraci\u00f3n de dicha interrupci\u00f3n a fin de evitar mayores inconvenientes.&nbsp;<\/p>\n\n\n\n<p>Por consultas y\/o requerimientos te recordamos nuestros canales de contacto disponibles las 24hs.:&nbsp;<\/p>\n\n\n\n<p>Nuestra Web&nbsp;<a href=\"https:\/\/www.ejesa.com.ar\/?fbclid=IwAR14rGgcVsKFtRmA2NmOFOPT8Zh7bN3g9FbnACLbH6gDSZ1s2OvPXPuyvMI\" target=\"_blank\" rel=\"noreferrer noopener\"><strong>https:\/\/www.ejesa.com.ar<\/strong><\/a><strong>&nbsp; &gt;&nbsp;&nbsp;<\/strong><a href=\"https:\/\/www.ejesa.com.ar\/gestion\/pwa\/tareasprogramadas\/cortes-de-luz\" target=\"_blank\" rel=\"noreferrer noopener\"><strong><\/strong><\/a><strong>Tareas Programadas<\/strong>&nbsp;<\/p>\n\n\n\n<p>VOLT, nuestro Asistente virtual&nbsp;<\/p>\n\n\n\n<p>WhatsApp&nbsp;<strong>3884613738&nbsp;<\/strong><a href=\"https:\/\/wa.me\/543884613738?fbclid=IwAR30VgYAEKWAQcLcxjdHjF5jGp891rlLdKEEpF_y3CJrpxc_nkfd01quSIs\" target=\"_blank\" rel=\"noreferrer noopener\"><strong>https:\/\/wa.me\/543884613738<\/strong><\/a>&nbsp;<\/p>\n","protected":false},"excerpt":{"rendered":"<p>Informamos\u00a0que, con el objeto de\u00a0elevar la calidad de nuestro servicio,\u00a0se realizar\u00e1n tareas de\u00a0mantenimiento y renovaci\u00f3n\u00a0en las instalaciones de nuestro sistema.\u00a0 Con este fin, ser\u00e1 necesario efectuar una&nbsp;interrupci\u00f3n programada en las siguientes zonas y horarios:&nbsp; Localidad:&nbsp;LIBERTADOR&nbsp; D\u00eda:&nbsp;Mi\u00e9rcoles 19-07-2023&nbsp; Hora:&nbsp;08:00 a 12:00 Hs. aprox.&nbsp; Zonas:&nbsp;B\u00b0 Jard\u00edn, B\u00b0 Pomelar y zonas aleda\u00f1as.&nbsp; Localidad:&nbsp;PERICO&nbsp; D\u00eda:&nbsp;Mi\u00e9rcoles 19-07-2023&nbsp; Hora:&nbsp;09:00 a 14:00 [&hellip;]<\/p>\n","protected":false},"author":5,"featured_media":374751,"comment_status":"open","ping_status":"open","sticky":false,"template":"","format":"standard","meta":{"_stopmodifiedupdate":false,"_modified_date":"","inline_featured_image":false,"spay_email":"","jetpack_publicize_message":""},"categories":[4],"tags":[],"jetpack_featured_media_url":"https:\/\/notinor.com\/jujuy\/wp-content\/uploads\/2023\/03\/corte-de-luz-1.jpeg","jetpack_publicize_connections":[],"_links":{"self":[{"href":"https:\/\/notinor.com\/jujuy\/wp-json\/wp\/v2\/posts\/385299"}],"collection":[{"href":"https:\/\/notinor.com\/jujuy\/wp-json\/wp\/v2\/posts"}],"about":[{"href":"https:\/\/notinor.com\/jujuy\/wp-json\/wp\/v2\/types\/post"}],"author":[{"embeddable":true,"href":"https:\/\/notinor.com\/jujuy\/wp-json\/wp\/v2\/users\/5"}],"replies":[{"embeddable":true,"href":"https:\/\/notinor.com\/jujuy\/wp-json\/wp\/v2\/comments?post=385299"}],"version-history":[{"count":1,"href":"https:\/\/notinor.com\/jujuy\/wp-json\/wp\/v2\/posts\/385299\/revisions"}],"predecessor-version":[{"id":385300,"href":"https:\/\/notinor.com\/jujuy\/wp-json\/wp\/v2\/posts\/385299\/revisions\/385300"}],"wp:featuredmedia":[{"embeddable":true,"href":"https:\/\/notinor.com\/jujuy\/wp-json\/wp\/v2\/media\/374751"}],"wp:attachment":[{"href":"https:\/\/notinor.com\/jujuy\/wp-json\/wp\/v2\/media?parent=385299"}],"wp:term":[{"taxonomy":"category","embeddable":true,"href":"https:\/\/notinor.com\/jujuy\/wp-json\/wp\/v2\/categories?post=385299"},{"taxonomy":"post_tag","embeddable":true,"href":"https:\/\/notinor.com\/jujuy\/wp-json\/wp\/v2\/tags?post=385299"}],"curies":[{"name":"wp","href":"https:\/\/api.w.org\/{rel}","templated":true}]}}