{"id":384164,"date":"2023-07-05T12:34:17","date_gmt":"2023-07-05T15:34:17","guid":{"rendered":"https:\/\/notinor.com\/jujuy\/?p=384164"},"modified":"2023-07-05T12:34:19","modified_gmt":"2023-07-05T15:34:19","slug":"la-camara-de-diputados-vuelve-a-sesionar-despues-de-dos-meses-y-medio","status":"publish","type":"post","link":"https:\/\/notinor.com\/jujuy\/la-camara-de-diputados-vuelve-a-sesionar-despues-de-dos-meses-y-medio\/","title":{"rendered":"La C\u00e1mara de Diputados vuelve a sesionar despu\u00e9s de dos meses y medio"},"content":{"rendered":"\n<p><br><strong>La C\u00e1mara de Diputados sesionar\u00e1 hoy para debatir un conjunto de temas consensuados con otras bancadas, entre los que figuran los proyectos de producci\u00f3n org\u00e1nica, violencia digital, cr\u00e9ditos UVA, acompa\u00f1ante terape\u00fatico, declaraci\u00f3n de un monumento nacional en Santa Fe y regularizaci\u00f3n de deudas de municipios con el Ente Nacional de Obras H\u00eddricas de Saneamiento (Enhosa).<\/strong><\/p>\n\n\n<div class=\"wp-block-image\">\n<figure class=\"aligncenter size-large\"><img decoding=\"async\" loading=\"lazy\" width=\"840\" height=\"473\" src=\"https:\/\/notinor.com\/jujuy\/wp-content\/uploads\/2023\/07\/Sesion-Camara-de-Diputados-de-la-Nacion-9-de-Mayo-de-2018-14-840x473.jpg\" alt=\"\" class=\"wp-image-384165\" srcset=\"https:\/\/notinor.com\/jujuy\/wp-content\/uploads\/2023\/07\/Sesion-Camara-de-Diputados-de-la-Nacion-9-de-Mayo-de-2018-14-840x473.jpg 840w, https:\/\/notinor.com\/jujuy\/wp-content\/uploads\/2023\/07\/Sesion-Camara-de-Diputados-de-la-Nacion-9-de-Mayo-de-2018-14-649x365.jpg 649w, https:\/\/notinor.com\/jujuy\/wp-content\/uploads\/2023\/07\/Sesion-Camara-de-Diputados-de-la-Nacion-9-de-Mayo-de-2018-14-768x432.jpg 768w, https:\/\/notinor.com\/jujuy\/wp-content\/uploads\/2023\/07\/Sesion-Camara-de-Diputados-de-la-Nacion-9-de-Mayo-de-2018-14-1536x864.jpg 1536w, https:\/\/notinor.com\/jujuy\/wp-content\/uploads\/2023\/07\/Sesion-Camara-de-Diputados-de-la-Nacion-9-de-Mayo-de-2018-14-750x422.jpg 750w, https:\/\/notinor.com\/jujuy\/wp-content\/uploads\/2023\/07\/Sesion-Camara-de-Diputados-de-la-Nacion-9-de-Mayo-de-2018-14-1140x641.jpg 1140w, https:\/\/notinor.com\/jujuy\/wp-content\/uploads\/2023\/07\/Sesion-Camara-de-Diputados-de-la-Nacion-9-de-Mayo-de-2018-14.jpg 1920w\" sizes=\"(max-width: 840px) 100vw, 840px\" \/><\/figure><\/div>\n\n\n<p><strong>La sesi\u00f3n fue impulsada por el presidente del bloque de diputados del Frente de Todos (FdT), Germ\u00e1n Mart\u00ednez, tras alcanzar un acuerdo con la oposici\u00f3n sobre los temas a incorporar en el plenario, aunque no todas las bancadas facilitar\u00e1n el qu\u00f3rum.<\/strong> El bloque de Juntos por el Cambio intentar\u00eda colar la reforma de la ley de alquileres, pero no tendr\u00eda los votos para incluirlo en el temario.<\/p>\n\n\n\n<p>En tanto, previamente, est\u00e1 convocada una reuni\u00f3n de la Comisi\u00f3n de Labor Parlamentaria, de la que participan los jefes de todas las bancadas. <strong>El presidente del sector radical en la C\u00e1mara baja, Mario Negri, expres\u00f3: \u201cEl Bloque UCR viene bregando junto a todo el Interbloque Juntos por el Cambio (JxC) por sancionar cambios de ra\u00edz a la Ley de Alquileres<\/strong>. El kirchnerismo volvi\u00f3 a negarse a poner el tema, por eso el Interbloque JxC alzar\u00e1 la voz para que el oficialismo recapacite con su negativa\u201d.<\/p>\n\n\n\n<p>Por su parte, Ricardo L\u00f3pez Murphy, de Republicanos Unidos-JxC, apunt\u00f3 que hoy no dar\u00e1 qu\u00f3rum: \u201cEn un pa\u00eds en el que miles luchan para pagar el alquiler, modificar las condiciones de los cr\u00e9ditos UVA es injusto, y altera la seguridad jur\u00eddica. Para recuperar el futuro, debemos recuperar el orden\u201d, sostuvo.<\/p>\n\n\n\n<p><strong>En la fallida sesi\u00f3n del 21 de diciembre \u00faltimo, el oficialismo le hab\u00eda ofrecido a JxC incluir el proyecto en la sesi\u00f3n y la ampliaci\u00f3n del temario, que originalmente contemplaba la creaci\u00f3n de universidades nacionales, no fue aceptada por la principal bancada opositora.<\/strong><\/p>\n\n\n\n<p>Uno de los temas prioritarios de la sesi\u00f3n especial ser\u00e1 buscar atender la situaci\u00f3n de los tomadores de cr\u00e9ditos hipotecarios UVA, en el que se plantea que la cuota a abonar no debe superar el 30% de los ingresos de los deudores y busca modificar el sistema de actualizaci\u00f3n de los cr\u00e9ditos hipotecarios UVA, definido durante el gobierno de Mauricio Macri, que establece a la evoluci\u00f3n de la inflaci\u00f3n como par\u00e1metro de ajuste de las cuotas.<\/p>\n\n\n\n<p><strong>El temario incluye tambi\u00e9n el dictamen de producci\u00f3n org\u00e1nica, que tuvo un amplio consenso -aunque fue rechazado por el PRO-, y que busca dar estabilidad y previsibilidad al sector por un plazo de 10 a\u00f1os, y contempla diversos beneficios fiscales para emprendimientos de empresas peque\u00f1as y medianas.<\/strong> Se trata de una iniciativa presentada por el diputado del FdT Ramiro Fern\u00e1ndez Patri, que establece que podr\u00e1n ser beneficiarios del plan los productores y elaboradores -alcanzados por la ley de Producci\u00f3n Ecol\u00f3gica, Biol\u00f3gica u Org\u00e1nica- que acrediten al menos un a\u00f1o de permanencia y cuya factura m\u00e1xima se ubique en los par\u00e1metros establecidos para las empresas medianas.<\/p>\n\n\n\n<p><strong>Otra de las iniciativas que se incluy\u00f3 en el temario es un proyecto para combatir la violencia digital denominado \u201cLey Olimpia Argentina\u201d, en reconocimiento a la activista mexicana Olimpia Coral Melo, y que propone reformar la ley de G\u00e9nero.<\/strong><\/p>\n\n\n\n<p><strong>Asimismo, el temario tentativo se completar\u00eda con una iniciativa que establece la refinanciaci\u00f3n de deudas a cargo de provincias, municipios, comunas y entes prestadores de servicios p\u00fablicos con Enohsa.<\/strong> Adem\u00e1s se buscar\u00e1 debatir otro proyecto que regula la actividad del acompa\u00f1ante terap\u00e9utico, que est\u00e1 basado en dos iniciativas presentadas por los diputados Daniel Gollan (FdT), Carla Carrizo (Evoluci\u00f3n Radical) y Virginia Cornejo (Pro).<\/p>\n","protected":false},"excerpt":{"rendered":"<p>La C\u00e1mara de Diputados sesionar\u00e1 hoy para debatir un conjunto de temas consensuados con otras bancadas, entre los que figuran los proyectos de producci\u00f3n org\u00e1nica, violencia digital, cr\u00e9ditos UVA, acompa\u00f1ante terape\u00fatico, declaraci\u00f3n de un monumento nacional en Santa Fe y regularizaci\u00f3n de deudas de municipios con el Ente Nacional de Obras H\u00eddricas de Saneamiento (Enhosa). [&hellip;]<\/p>\n","protected":false},"author":53,"featured_media":384165,"comment_status":"open","ping_status":"open","sticky":false,"template":"","format":"standard","meta":{"_stopmodifiedupdate":false,"_modified_date":"","inline_featured_image":false,"spay_email":"","jetpack_publicize_message":""},"categories":[5],"tags":[573,1302],"jetpack_featured_media_url":"https:\/\/notinor.com\/jujuy\/wp-content\/uploads\/2023\/07\/Sesion-Camara-de-Diputados-de-la-Nacion-9-de-Mayo-de-2018-14.jpg","jetpack_publicize_connections":[],"_links":{"self":[{"href":"https:\/\/notinor.com\/jujuy\/wp-json\/wp\/v2\/posts\/384164"}],"collection":[{"href":"https:\/\/notinor.com\/jujuy\/wp-json\/wp\/v2\/posts"}],"about":[{"href":"https:\/\/notinor.com\/jujuy\/wp-json\/wp\/v2\/types\/post"}],"author":[{"embeddable":true,"href":"https:\/\/notinor.com\/jujuy\/wp-json\/wp\/v2\/users\/53"}],"replies":[{"embeddable":true,"href":"https:\/\/notinor.com\/jujuy\/wp-json\/wp\/v2\/comments?post=384164"}],"version-history":[{"count":1,"href":"https:\/\/notinor.com\/jujuy\/wp-json\/wp\/v2\/posts\/384164\/revisions"}],"predecessor-version":[{"id":384166,"href":"https:\/\/notinor.com\/jujuy\/wp-json\/wp\/v2\/posts\/384164\/revisions\/384166"}],"wp:featuredmedia":[{"embeddable":true,"href":"https:\/\/notinor.com\/jujuy\/wp-json\/wp\/v2\/media\/384165"}],"wp:attachment":[{"href":"https:\/\/notinor.com\/jujuy\/wp-json\/wp\/v2\/media?parent=384164"}],"wp:term":[{"taxonomy":"category","embeddable":true,"href":"https:\/\/notinor.com\/jujuy\/wp-json\/wp\/v2\/categories?post=384164"},{"taxonomy":"post_tag","embeddable":true,"href":"https:\/\/notinor.com\/jujuy\/wp-json\/wp\/v2\/tags?post=384164"}],"curies":[{"name":"wp","href":"https:\/\/api.w.org\/{rel}","templated":true}]}}