{"id":384151,"date":"2023-07-05T09:51:50","date_gmt":"2023-07-05T12:51:50","guid":{"rendered":"https:\/\/notinor.com\/jujuy\/?p=384151"},"modified":"2023-07-05T10:07:18","modified_gmt":"2023-07-05T13:07:18","slug":"comenzo-el-rodaje-de-la-pelicula-de-nahir-galarza","status":"publish","type":"post","link":"https:\/\/notinor.com\/jujuy\/comenzo-el-rodaje-de-la-pelicula-de-nahir-galarza\/","title":{"rendered":"Comenz\u00f3 el rodaje de la pel\u00edcula de Nahir Galarza"},"content":{"rendered":"\n<p><strong>Valentina Zenere, la actriz elegida para interpretar a la mujer m\u00e1s joven en ser condenada a cadena perpetua en Argentina, vive en Madrid (Espa\u00f1a), en donde tambi\u00e9n construy\u00f3 una carrera como modelo, influencer y cantante.<\/strong><\/p>\n\n\n<div class=\"wp-block-image\">\n<figure class=\"aligncenter size-full\"><img decoding=\"async\" loading=\"lazy\" width=\"720\" height=\"405\" src=\"https:\/\/notinor.com\/jujuy\/wp-content\/uploads\/2023\/07\/1680808347057Pelicula-Nahir-Galarza-e1688135668871.jpg\" alt=\"\" class=\"wp-image-384152\" srcset=\"https:\/\/notinor.com\/jujuy\/wp-content\/uploads\/2023\/07\/1680808347057Pelicula-Nahir-Galarza-e1688135668871.jpg 720w, https:\/\/notinor.com\/jujuy\/wp-content\/uploads\/2023\/07\/1680808347057Pelicula-Nahir-Galarza-e1688135668871-649x365.jpg 649w, https:\/\/notinor.com\/jujuy\/wp-content\/uploads\/2023\/07\/1680808347057Pelicula-Nahir-Galarza-e1688135668871-500x280.jpg 500w\" sizes=\"(max-width: 720px) 100vw, 720px\" \/><\/figure><\/div>\n\n\n<p>La actriz, quien el 15 de enero pasado cumpli\u00f3 26 a\u00f1os, cuando ten\u00eda seis, comenz\u00f3 a estudiar teatro sin saber el futuro prometedor que ten\u00eda por delante. Es argentina, tiene 26 a\u00f1os, trabaj\u00f3 en Casi \u00c1ngeles, dio un salto en su carrera internacional con Las chicas del cable y \u00c9lite. Vive en Madrid, tambi\u00e9n es modelo, se lanz\u00f3 como cantante y est\u00e1 de novia con el espa\u00f1ol Jordi Llad\u00f3.<\/p>\n\n\n\n<p><strong>\u201cSoy Nahir Galarza\u201d, se escucha decir en off mientras distintos planos muestran a Valentina Zenere, la actriz argentina elegida para interpretar a la joven condenada a prisi\u00f3n perpetua por matar de dos tiros a su novio Fernando Pastorizzo.<\/strong> \u201cNo quieren saber qu\u00e9 pas\u00f3 esa noche\u201d, agrega sobre el episodio que tuvo lugar la madrugada del 30 de diciembre de 2017.<br>\u201cO s\u00ed\u201d, dice mirando a c\u00e1mara en el teaser que publicaron en las redes de Prime Video anunciando el comienzo del rodaje de la pel\u00edcula cuyo elenco est\u00e1 conformado por M\u00f3nica Anton\u00f3pulos, C\u00e9sar Bord\u00f3n, Nacho Gadano y Sim\u00f3n Hempe, entre otros<\/p>\n\n\n\n<p><strong>Debut\u00f3 como actriz a los 13 de la mano de Cris Morena, quien le dio un personaje en la \u00faltima temporada de Casi \u00c1ngeles: all\u00ed, se puso en la piel de Alai, la hija de Jazm\u00edn (Eugenia China Su\u00e1rez) y Tacho (Nicol\u00e1s Riera).<\/strong> Despu\u00e9s, Adri\u00e1n Suar la convoc\u00f3 para hacer una participaci\u00f3n especial en Los \u00danicos, por El Trece, y m\u00e1s tarde volvi\u00f3 a la factor\u00eda de la productora infantojuvenil e integr\u00f3 el elenco secundario de Aliados, con Oriana Sabatini y Peter Lanzani como protagonistas.<\/p>\n\n\n\n<p><strong>Su carrera dio un salto internacional cuando estuvo en Soy Luna -serie de Disney reconocida en todo el mundo-, en la que interpret\u00f3 a la villana \u00c1mbar Smith, papel que le vali\u00f3 grandes cr\u00edticas y un reconocimiento mayor. <\/strong>Como modelo, adem\u00e1s, muchas marcas comenzaron a buscarla para que sea su cara en distintas campa\u00f1as fotogr\u00e1ficas y acciones comerciales.<br>Mientras sumaba experiencia en el mundo del modelaje y la actuaci\u00f3n, productores internacionales pusieron el foco en su papel de actriz y la convocaron para realizar la serie Las chicas del cable, por Netflix, gracias a la cual comenz\u00f3 a construir su carrera internacional. Y decidi\u00f3 instalarse en Europa, en donde, adem\u00e1s, recorre distintos pa\u00edses por compromisos laborales.<\/p>\n\n\n\n<p><strong>En 2016, fue una de las personalidades argentinas que m\u00e1s seguidores sum\u00f3 en su cuenta de Instagram: alcanz\u00f3 el sexto lugar de las 10 figuras que m\u00e1s crecieron en la red social en la que hoy tiene casi 11 millones y medio de seguidores<\/strong>. All\u00ed, adem\u00e1s de los distintos trabajos que realiza como actriz, modelo, influencer, comparte sus temas y parte de su vida privada con su novio, el espa\u00f1ol Jordi Llad\u00f3, hijo de Jordi Pujol y la dise\u00f1adora de interiores Mar\u00eda Llad\u00f3, exmatrimonio considerado como uno de los m\u00e1s importantes de la burgues\u00eda catalana, seg\u00fan la prensa local. Se conocieron en el a\u00f1o 2020 por amigos en com\u00fan, entre los que se incluye el tambi\u00e9n espa\u00f1ol Pepe Barroso Silva, quiera fuera novio de Tini Stoessel.<\/p>\n","protected":false},"excerpt":{"rendered":"<p>Valentina Zenere, la actriz elegida para interpretar a la mujer m\u00e1s joven en ser condenada a cadena perpetua en Argentina, vive en Madrid (Espa\u00f1a), en donde tambi\u00e9n construy\u00f3 una carrera como modelo, influencer y cantante. La actriz, quien el 15 de enero pasado cumpli\u00f3 26 a\u00f1os, cuando ten\u00eda seis, comenz\u00f3 a estudiar teatro sin saber [&hellip;]<\/p>\n","protected":false},"author":53,"featured_media":384152,"comment_status":"open","ping_status":"open","sticky":false,"template":"","format":"standard","meta":{"_stopmodifiedupdate":false,"_modified_date":"","inline_featured_image":false,"spay_email":"","jetpack_publicize_message":""},"categories":[21],"tags":[573],"jetpack_featured_media_url":"https:\/\/notinor.com\/jujuy\/wp-content\/uploads\/2023\/07\/1680808347057Pelicula-Nahir-Galarza-e1688135668871.jpg","jetpack_publicize_connections":[],"_links":{"self":[{"href":"https:\/\/notinor.com\/jujuy\/wp-json\/wp\/v2\/posts\/384151"}],"collection":[{"href":"https:\/\/notinor.com\/jujuy\/wp-json\/wp\/v2\/posts"}],"about":[{"href":"https:\/\/notinor.com\/jujuy\/wp-json\/wp\/v2\/types\/post"}],"author":[{"embeddable":true,"href":"https:\/\/notinor.com\/jujuy\/wp-json\/wp\/v2\/users\/53"}],"replies":[{"embeddable":true,"href":"https:\/\/notinor.com\/jujuy\/wp-json\/wp\/v2\/comments?post=384151"}],"version-history":[{"count":1,"href":"https:\/\/notinor.com\/jujuy\/wp-json\/wp\/v2\/posts\/384151\/revisions"}],"predecessor-version":[{"id":384153,"href":"https:\/\/notinor.com\/jujuy\/wp-json\/wp\/v2\/posts\/384151\/revisions\/384153"}],"wp:featuredmedia":[{"embeddable":true,"href":"https:\/\/notinor.com\/jujuy\/wp-json\/wp\/v2\/media\/384152"}],"wp:attachment":[{"href":"https:\/\/notinor.com\/jujuy\/wp-json\/wp\/v2\/media?parent=384151"}],"wp:term":[{"taxonomy":"category","embeddable":true,"href":"https:\/\/notinor.com\/jujuy\/wp-json\/wp\/v2\/categories?post=384151"},{"taxonomy":"post_tag","embeddable":true,"href":"https:\/\/notinor.com\/jujuy\/wp-json\/wp\/v2\/tags?post=384151"}],"curies":[{"name":"wp","href":"https:\/\/api.w.org\/{rel}","templated":true}]}}