{"id":384148,"date":"2023-07-05T09:22:35","date_gmt":"2023-07-05T12:22:35","guid":{"rendered":"https:\/\/notinor.com\/jujuy\/?p=384148"},"modified":"2023-07-05T09:22:37","modified_gmt":"2023-07-05T12:22:37","slug":"la-inflacion-semestral-trepo-casi-al-60-y-hay-caidas-significativas-en-los-ingresos","status":"publish","type":"post","link":"https:\/\/notinor.com\/jujuy\/la-inflacion-semestral-trepo-casi-al-60-y-hay-caidas-significativas-en-los-ingresos\/","title":{"rendered":"La inflaci\u00f3n semestral trep\u00f3 casi al 60% y hay ca\u00eddas significativas en los ingresos"},"content":{"rendered":"\n<p><strong>Un trabajo del Instituto de Estudios de Consumo Masivo (INDECOM) revel\u00f3 que el proceso inflacionario promedio ponderado que se registr\u00f3 durante el sexto mes del a\u00f1o ubica a la suba de precios semestral en un 57,8%. Tambi\u00e9n destac\u00f3 que los sectores de bajos recursos y la clase media sufrieron graves p\u00e9rdidas en los ingresos salariales durante los \u00faltimos dos a\u00f1os.<\/strong><\/p>\n\n\n<div class=\"wp-block-image\">\n<figure class=\"aligncenter size-full\"><img decoding=\"async\" loading=\"lazy\" width=\"640\" height=\"360\" src=\"https:\/\/notinor.com\/jujuy\/wp-content\/uploads\/2023\/07\/inversion_inflacion-640x360-1.png\" alt=\"\" class=\"wp-image-384149\" srcset=\"https:\/\/notinor.com\/jujuy\/wp-content\/uploads\/2023\/07\/inversion_inflacion-640x360-1.png 640w, https:\/\/notinor.com\/jujuy\/wp-content\/uploads\/2023\/07\/inversion_inflacion-640x360-1-500x280.png 500w\" sizes=\"(max-width: 640px) 100vw, 640px\" \/><\/figure><\/div>\n\n\n<p>Los datos surgen de un estudio realizado por dicho organismo de estad\u00edsticas de consumo mediante informaci\u00f3n escaneada de mercader\u00eda en el Check Out de 1988 puntos de venta conformados por cadenas de grandes supermercados, almacenes, bocas de proximidad y autoservicios chinos, entre el 1 y el 30 de junio, en el \u00e1mbito geogr\u00e1fico de la Ciudad de Bs As, Gran Buenos Aires, Rosario, Mar del Plata, C\u00f3rdoba, Posadas, Corrientes, Mendoza, Paran\u00e1, Tucum\u00e1n, Neuqu\u00e9n y R\u00edo Negro.<\/p>\n\n\n\n<p><strong>INDECOM inform\u00f3 que el mes de junio registr\u00f3 una inflaci\u00f3n general del 6,9 % y puntualiz\u00f3 que \u201cdesagregando los productos de la canasta b\u00e1sica de alimentos que m\u00e1s se venden, es decir, que tienen una presencia peri\u00f3dica en la mesa de los argentinos de entre tres a cuatro veces semanales, en categor\u00edas como Aguas gaseosas, Desayuno (infusiones, yerba, etc) y Almac\u00e9n (farin\u00e1ceos, aceites, l\u00e1cteos, etc), la medici\u00f3n arroj\u00f3 una suba a\u00fan superior, ubic\u00e1ndose en 7,6 %\u201d.<\/strong><\/p>\n\n\n\n<p>El sondeo detall\u00f3 que el promedio acumulado a nivel general en lo que va del a\u00f1o (primer semestre) se ubica en un 48,2 %, como consecuencia de la suma del nivel general del \u00cdndice de precios al consumidor detallado por INDECOM en los cinco primeros meses del a\u00f1o (7,2 % en enero, 7,8 % en febrero y 8,3 % en marzo, 8,8 % en abril, 9,2 % en mayo) y por los \u00edndices obtenidos durante los \u00faltimos 30 d\u00edas (6.9 % en junio).<\/p>\n\n\n\n<p>Sin embargo, <strong>Miguel Calvete, Director Ejecutivo de INDECOM, explic\u00f3 que la situaci\u00f3n es m\u00e1s compleja desagregando los incrementos en la canasta b\u00e1sica de alimentos. Si se toman las subas de los cinco meses precedentes<\/strong> (10,6 % en enero, 14,4 % en febrero, 13,2 % en marzo, los 10,9 % en abril, los 10.8 de mayo), sumado el 7,6 % de junio, el incremento en los primeros seis meses del a\u00f1o se ubica en un 67,5% %.<\/p>\n\n\n\n<p>En junio los precios mostraron una leve desaceleraci\u00f3n con respecto a los cinco meses precedentes. Sin embargo, Calvete explic\u00f3 que \u201c\u00e9sto no significa una desaceleraci\u00f3n en la inflaci\u00f3n\u201d y lo argument\u00f3 diciendo que \u201cera predecible que en el segundo trimestre del a\u00f1o la estacionalidad de precios juegue a favor, porque el IPC suele registrar variaciones mensuales menores a las de los primeros tres meses\u201d.<\/p>\n\n\n\n<p><strong>As\u00ed las cosas, seg\u00fan INDECOM, el promedio inflacionario registrado a nivel general se ubica en un 57,8 %, proyectando una suba anual por las nubes, en torno a un 120 %.<\/strong><br>En detalle, el informe indic\u00f3 que los \u00edndices obtenidos reflejan claramente el impacto de todas las subas que se aplicaron durante el mes de junio: 4% promedio en las naftas y el gasoil, 8,6% en las tarifas de transporte p\u00fablico en el AMBA, 5,49% en las cuotas de las prepagas, 9 % en las cuotas de los colegios privados (promedio seg\u00fan Capital y GBA) y 6 % en los salarios de las empleadas dom\u00e9sticas.<\/p>\n\n\n\n<p>Por otra parte, el trabajo se\u00f1ala que se observa una ca\u00edda significativa en el nivel de ingresos de los sectores medios y bajos de todo el pa\u00eds, durante los \u00faltimos dos a\u00f1os. Los datos se obtuvieron dividiendo el ingreso total familiar por la totalidad de los componentes del hogar.<\/p>\n\n\n\n<p><strong>Al respecto, Calvete se\u00f1al\u00f3 que \u201cen estos \u00faltimos 24 meses, los ingresos familiares de los segmentos pobres cayeron un 18 %, en promedio, a\u00fan recibiendo alg\u00fan plan asistencial\u201d.<br>Al mismo tiempo, el especialista afirm\u00f3 que \u201cen el caso de la clase media, los salarios cayeron un 16,5%, sin ninguna ayuda asistencial\u201d. Se trata del segmento que m\u00e1s ingresos perdi\u00f3 en estos dos a\u00f1os y su estrato m\u00e1s bajo corre riesgo de caer en la pobreza.<\/strong><\/p>\n\n\n\n<p>Por otra parte, INDECOM destaca que 1 de cada 3 argentinos ocupados formalmente est\u00e1 actualmente por debajo de la l\u00ednea de pobreza, superando el 30% en el \u00faltimo a\u00f1o. Finalmente, Miguel Calvete se\u00f1al\u00f3 que \u201ctodos los \u00edndices muestran que la situaci\u00f3n es peor cada mes, con p\u00e9rdidas notables de poder adquisitivo en los sectores de menores recursos, ampliando cada vez m\u00e1s la brecha social con los estratos m\u00e1s pudientes de la pir\u00e1mide de consumo \u201d.<\/p>\n","protected":false},"excerpt":{"rendered":"<p>Un trabajo del Instituto de Estudios de Consumo Masivo (INDECOM) revel\u00f3 que el proceso inflacionario promedio ponderado que se registr\u00f3 durante el sexto mes del a\u00f1o ubica a la suba de precios semestral en un 57,8%. Tambi\u00e9n destac\u00f3 que los sectores de bajos recursos y la clase media sufrieron graves p\u00e9rdidas en los ingresos salariales [&hellip;]<\/p>\n","protected":false},"author":53,"featured_media":384149,"comment_status":"open","ping_status":"open","sticky":false,"template":"","format":"standard","meta":{"_stopmodifiedupdate":false,"_modified_date":"","inline_featured_image":false,"spay_email":"","jetpack_publicize_message":""},"categories":[676],"tags":[573,696,1302],"jetpack_featured_media_url":"https:\/\/notinor.com\/jujuy\/wp-content\/uploads\/2023\/07\/inversion_inflacion-640x360-1.png","jetpack_publicize_connections":[],"_links":{"self":[{"href":"https:\/\/notinor.com\/jujuy\/wp-json\/wp\/v2\/posts\/384148"}],"collection":[{"href":"https:\/\/notinor.com\/jujuy\/wp-json\/wp\/v2\/posts"}],"about":[{"href":"https:\/\/notinor.com\/jujuy\/wp-json\/wp\/v2\/types\/post"}],"author":[{"embeddable":true,"href":"https:\/\/notinor.com\/jujuy\/wp-json\/wp\/v2\/users\/53"}],"replies":[{"embeddable":true,"href":"https:\/\/notinor.com\/jujuy\/wp-json\/wp\/v2\/comments?post=384148"}],"version-history":[{"count":1,"href":"https:\/\/notinor.com\/jujuy\/wp-json\/wp\/v2\/posts\/384148\/revisions"}],"predecessor-version":[{"id":384150,"href":"https:\/\/notinor.com\/jujuy\/wp-json\/wp\/v2\/posts\/384148\/revisions\/384150"}],"wp:featuredmedia":[{"embeddable":true,"href":"https:\/\/notinor.com\/jujuy\/wp-json\/wp\/v2\/media\/384149"}],"wp:attachment":[{"href":"https:\/\/notinor.com\/jujuy\/wp-json\/wp\/v2\/media?parent=384148"}],"wp:term":[{"taxonomy":"category","embeddable":true,"href":"https:\/\/notinor.com\/jujuy\/wp-json\/wp\/v2\/categories?post=384148"},{"taxonomy":"post_tag","embeddable":true,"href":"https:\/\/notinor.com\/jujuy\/wp-json\/wp\/v2\/tags?post=384148"}],"curies":[{"name":"wp","href":"https:\/\/api.w.org\/{rel}","templated":true}]}}