{"id":384147,"date":"2023-07-05T10:22:46","date_gmt":"2023-07-05T13:22:46","guid":{"rendered":"https:\/\/notinor.com\/jujuy\/?p=384147"},"modified":"2023-07-06T12:01:29","modified_gmt":"2023-07-06T15:01:29","slug":"el-premio-ledesma-entregara-distinciones-a-artistas-ganadores","status":"publish","type":"post","link":"https:\/\/notinor.com\/jujuy\/el-premio-ledesma-entregara-distinciones-a-artistas-ganadores\/","title":{"rendered":"<strong>El Premio Ledesma entregar\u00e1 distinciones a artistas ganadores<\/strong>"},"content":{"rendered":"\n<p class=\"has-medium-font-size\"><strong><em>La empresa Ledesma y la Secretar\u00eda de Cultura de la Provincia realizar\u00e1n la entrega de distinciones a ganadores de las categor\u00edas de Adultos del Premio Ledesma de Artes Visuales 2023 este jueves a las 19 horas. La premiaci\u00f3n de la categor\u00eda de Estudiantes se realizar\u00e1 en una fecha a confirmar.<\/em><\/strong><\/p>\n\n\n<div class=\"wp-block-image\">\n<figure class=\"aligncenter size-large\"><img decoding=\"async\" loading=\"lazy\" width=\"671\" height=\"480\" src=\"https:\/\/notinor.com\/jujuy\/wp-content\/uploads\/2023\/07\/mencio-n-nin-os-noche-colorida-en-el-abra-a-mbar-gisel-yevara-1-1024x732-1-671x480.jpg\" alt=\"\" class=\"wp-image-384225\" srcset=\"https:\/\/notinor.com\/jujuy\/wp-content\/uploads\/2023\/07\/mencio-n-nin-os-noche-colorida-en-el-abra-a-mbar-gisel-yevara-1-1024x732-1-671x480.jpg 671w, https:\/\/notinor.com\/jujuy\/wp-content\/uploads\/2023\/07\/mencio-n-nin-os-noche-colorida-en-el-abra-a-mbar-gisel-yevara-1-1024x732-1-511x365.jpg 511w, https:\/\/notinor.com\/jujuy\/wp-content\/uploads\/2023\/07\/mencio-n-nin-os-noche-colorida-en-el-abra-a-mbar-gisel-yevara-1-1024x732-1-768x549.jpg 768w, https:\/\/notinor.com\/jujuy\/wp-content\/uploads\/2023\/07\/mencio-n-nin-os-noche-colorida-en-el-abra-a-mbar-gisel-yevara-1-1024x732-1-120x86.jpg 120w, https:\/\/notinor.com\/jujuy\/wp-content\/uploads\/2023\/07\/mencio-n-nin-os-noche-colorida-en-el-abra-a-mbar-gisel-yevara-1-1024x732-1-350x250.jpg 350w, https:\/\/notinor.com\/jujuy\/wp-content\/uploads\/2023\/07\/mencio-n-nin-os-noche-colorida-en-el-abra-a-mbar-gisel-yevara-1-1024x732-1-750x536.jpg 750w, https:\/\/notinor.com\/jujuy\/wp-content\/uploads\/2023\/07\/mencio-n-nin-os-noche-colorida-en-el-abra-a-mbar-gisel-yevara-1-1024x732-1.jpg 1024w\" sizes=\"(max-width: 671px) 100vw, 671px\" \/><\/figure><\/div>\n\n\n<p><\/p>\n\n\n\n<p><strong>La empresa Ledesma y la Secretar\u00eda de Cultura de la Provincia realizar\u00e1n la entrega de distinciones a ganadores de las categor\u00edas de Adultos del Premio Ledesma de Artes Visuales 2023 este jueves a las 19 horas.<\/strong> La premiaci\u00f3n de la categor\u00eda de Estudiantes se realizar\u00e1 en una fecha a confirmar.<\/p>\n\n\n\n<p><strong>Para esta oportunidad se propuso un circuito de exhibici\u00f3n en la ciudad de San Salvador de Jujuy,<\/strong> que contar\u00e1 con cinco salas de exhibici\u00f3n gratuita y simult\u00e1nea hasta el 2 de agosto:<strong> 63 obras de las categor\u00edas generales de adultos estar\u00e1n distribuidas en los centros culturales Culturarte<\/strong>, <strong>Centro de Arte Joven Andino CAJA<\/strong> (Alvear 534) y <strong>Casa Museo Macedonio Graz<\/strong> (Lamadrid esquina G\u00fcemes).<\/p>\n\n\n\n<p><\/p>\n\n\n<div class=\"wp-block-image\">\n<figure class=\"aligncenter size-large\"><img decoding=\"async\" loading=\"lazy\" width=\"384\" height=\"480\" src=\"https:\/\/notinor.com\/jujuy\/wp-content\/uploads\/2023\/07\/circuito1-384x480.jpeg\" alt=\"\" class=\"wp-image-384155\" srcset=\"https:\/\/notinor.com\/jujuy\/wp-content\/uploads\/2023\/07\/circuito1-384x480.jpeg 384w, https:\/\/notinor.com\/jujuy\/wp-content\/uploads\/2023\/07\/circuito1-292x365.jpeg 292w, https:\/\/notinor.com\/jujuy\/wp-content\/uploads\/2023\/07\/circuito1-768x960.jpeg 768w, https:\/\/notinor.com\/jujuy\/wp-content\/uploads\/2023\/07\/circuito1-1229x1536.jpeg 1229w, https:\/\/notinor.com\/jujuy\/wp-content\/uploads\/2023\/07\/circuito1-750x938.jpeg 750w, https:\/\/notinor.com\/jujuy\/wp-content\/uploads\/2023\/07\/circuito1-1140x1425.jpeg 1140w, https:\/\/notinor.com\/jujuy\/wp-content\/uploads\/2023\/07\/circuito1.jpeg 1280w\" sizes=\"(max-width: 384px) 100vw, 384px\" \/><\/figure><\/div>\n\n\n<p><\/p>\n\n\n\n<p>En tanto,<strong> las 40 obras de la categor\u00eda Estudiantes se expondr\u00e1n en el Centro Cultural H\u00e9ctor Tiz\u00f3n<\/strong> (Hip\u00f3lito Irigoyen esquina Junin) y <strong>en el Centro Cultural \u00c9xodo Juje\u00f1o<\/strong> (Bah\u00eda Blanca 59), donde <strong>se podr\u00e1 ver la Colecci\u00f3n Premio Ledesma 2005-2021<\/strong>.<\/p>\n\n\n\n<p><strong>En esta d\u00e9cima edici\u00f3n, el Premio Ledesma cumpli\u00f3 20 a\u00f1os de trayectoria al mismo tiempo que la empresa Ledesma celebra 115 a\u00f1os<\/strong>. Es por ello que<strong> se abri\u00f3 la categor\u00eda Gran Premio NOA, <\/strong>que invit\u00f3 a participar a artistas del noroeste argentino (NOA). Con ello el premio <strong>aporta fortalecimiento a la escena art\u00edstica regional<\/strong>, al igual que en el \u00e1mbito productivo tiene mucho valor que agregar al panorama nacional.<\/p>\n\n\n\n<p>Al respecto de esta nueva edici\u00f3n, el director de Asuntos Institucionales y Legales de Ledesma,<strong> <\/strong>Eduardo Nougu\u00e9s, consider\u00f3: <strong>\u201cLa mirada sensible del arte nos muestra que, al apostar a la innovaci\u00f3n y la sostenibilidad del ambiente y la comunidad, avanzamos en el sentido correcto\u201d<\/strong>. Por ello el jurado de la edici\u00f3n 2023 del Premio Ledesma de Artes Visuales <strong>\u201cdestac\u00f3 a artistas que, a trav\u00e9s de su obra, trabajan tambi\u00e9n para promover procesos productivos sostenibles\u201d. <\/strong><\/p>\n\n\n\n<p><strong>As\u00ed es el caso del ganador del Gran Premio NOA, Gustavo Escalante, con su obra \u201cOda a las socas\u201d, <\/strong>realizada en un papel libre de \u00e1cidos. Del mismo modo, el directivo afirm\u00f3 que<strong> la pintura \u201cCajones Encontrados\u201d, del juje\u00f1o ganador de la categor\u00eda general, H\u00e9ctor Alem\u00e1n, \u201cpoetiza una imagen tan propia de nuestro norte productivo<\/strong>: esos cajones que, apilados a la vera de las calles de tierra, esperan el tiempo de cosecha para ser portadores del alimento producido en suelo argentino\u201d.<\/p>\n\n\n<div class=\"wp-block-image\">\n<figure class=\"aligncenter size-large\"><img decoding=\"async\" loading=\"lazy\" width=\"320\" height=\"480\" src=\"https:\/\/notinor.com\/jujuy\/wp-content\/uploads\/2023\/07\/circuito-1-320x480.jpeg\" alt=\"\" class=\"wp-image-384156\" srcset=\"https:\/\/notinor.com\/jujuy\/wp-content\/uploads\/2023\/07\/circuito-1-320x480.jpeg 320w, https:\/\/notinor.com\/jujuy\/wp-content\/uploads\/2023\/07\/circuito-1-243x365.jpeg 243w, https:\/\/notinor.com\/jujuy\/wp-content\/uploads\/2023\/07\/circuito-1-768x1153.jpeg 768w, https:\/\/notinor.com\/jujuy\/wp-content\/uploads\/2023\/07\/circuito-1-1023x1536.jpeg 1023w, https:\/\/notinor.com\/jujuy\/wp-content\/uploads\/2023\/07\/circuito-1-750x1126.jpeg 750w, https:\/\/notinor.com\/jujuy\/wp-content\/uploads\/2023\/07\/circuito-1.jpeg 1066w\" sizes=\"(max-width: 320px) 100vw, 320px\" \/><\/figure><\/div>\n\n\n<p><\/p>\n","protected":false},"excerpt":{"rendered":"<p>La empresa Ledesma y la Secretar\u00eda de Cultura de la Provincia realizar\u00e1n la entrega de distinciones a ganadores de las categor\u00edas de Adultos del Premio Ledesma de Artes Visuales 2023 este jueves a las 19 horas. La premiaci\u00f3n de la categor\u00eda de Estudiantes se realizar\u00e1 en una fecha a confirmar. La empresa Ledesma y la [&hellip;]<\/p>\n","protected":false},"author":5,"featured_media":384225,"comment_status":"open","ping_status":"open","sticky":false,"template":"","format":"standard","meta":{"_stopmodifiedupdate":false,"_modified_date":"","inline_featured_image":false,"spay_email":"","jetpack_publicize_message":""},"categories":[4],"tags":[],"jetpack_featured_media_url":"https:\/\/notinor.com\/jujuy\/wp-content\/uploads\/2023\/07\/mencio-n-nin-os-noche-colorida-en-el-abra-a-mbar-gisel-yevara-1-1024x732-1.jpg","jetpack_publicize_connections":[],"_links":{"self":[{"href":"https:\/\/notinor.com\/jujuy\/wp-json\/wp\/v2\/posts\/384147"}],"collection":[{"href":"https:\/\/notinor.com\/jujuy\/wp-json\/wp\/v2\/posts"}],"about":[{"href":"https:\/\/notinor.com\/jujuy\/wp-json\/wp\/v2\/types\/post"}],"author":[{"embeddable":true,"href":"https:\/\/notinor.com\/jujuy\/wp-json\/wp\/v2\/users\/5"}],"replies":[{"embeddable":true,"href":"https:\/\/notinor.com\/jujuy\/wp-json\/wp\/v2\/comments?post=384147"}],"version-history":[{"count":6,"href":"https:\/\/notinor.com\/jujuy\/wp-json\/wp\/v2\/posts\/384147\/revisions"}],"predecessor-version":[{"id":384234,"href":"https:\/\/notinor.com\/jujuy\/wp-json\/wp\/v2\/posts\/384147\/revisions\/384234"}],"wp:featuredmedia":[{"embeddable":true,"href":"https:\/\/notinor.com\/jujuy\/wp-json\/wp\/v2\/media\/384225"}],"wp:attachment":[{"href":"https:\/\/notinor.com\/jujuy\/wp-json\/wp\/v2\/media?parent=384147"}],"wp:term":[{"taxonomy":"category","embeddable":true,"href":"https:\/\/notinor.com\/jujuy\/wp-json\/wp\/v2\/categories?post=384147"},{"taxonomy":"post_tag","embeddable":true,"href":"https:\/\/notinor.com\/jujuy\/wp-json\/wp\/v2\/tags?post=384147"}],"curies":[{"name":"wp","href":"https:\/\/api.w.org\/{rel}","templated":true}]}}