{"id":384142,"date":"2023-07-05T08:42:16","date_gmt":"2023-07-05T11:42:16","guid":{"rendered":"https:\/\/notinor.com\/jujuy\/?p=384142"},"modified":"2023-07-05T08:42:18","modified_gmt":"2023-07-05T11:42:18","slug":"este-jueves-ejesa-realizara-tareas-de-mejora-y-mantenimiento-de-redes-electricas-en-barrios-de-caimancito","status":"publish","type":"post","link":"https:\/\/notinor.com\/jujuy\/este-jueves-ejesa-realizara-tareas-de-mejora-y-mantenimiento-de-redes-electricas-en-barrios-de-caimancito\/","title":{"rendered":"Este jueves EJESA realizar\u00e1 tareas de mejora y mantenimiento de redes el\u00e9ctricas en barrios de Caimancito"},"content":{"rendered":"\n<p class=\"has-medium-font-size\"><strong>Informamos\u00a0que, con el objeto de\u00a0elevar la calidad de nuestro servicio,\u00a0se realizar\u00e1n tareas de\u00a0mantenimiento y renovaci\u00f3n\u00a0en las instalaciones de nuestro sistema.\u00a0<\/strong><\/p>\n\n\n<div class=\"wp-block-image\">\n<figure class=\"aligncenter size-full\"><img decoding=\"async\" loading=\"lazy\" width=\"856\" height=\"513\" src=\"https:\/\/notinor.com\/jujuy\/wp-content\/uploads\/2017\/07\/caimancito.jpg\" alt=\"\" class=\"wp-image-124468\" srcset=\"https:\/\/notinor.com\/jujuy\/wp-content\/uploads\/2017\/07\/caimancito.jpg 856w, https:\/\/notinor.com\/jujuy\/wp-content\/uploads\/2017\/07\/caimancito-300x180.jpg 300w, https:\/\/notinor.com\/jujuy\/wp-content\/uploads\/2017\/07\/caimancito-416x250.jpg 416w\" sizes=\"(max-width: 856px) 100vw, 856px\" \/><\/figure><\/div>\n\n\n<p>Con este fin, ser\u00e1 necesario efectuar una&nbsp;interrupci\u00f3n programada en las siguientes zonas y horarios:&nbsp;<\/p>\n\n\n\n<p>Localidad:<strong>&nbsp;CAIMANCITO<\/strong><strong>&nbsp;<\/strong><\/p>\n\n\n\n<p>D\u00eda:<strong>&nbsp;Jueves 06-07-2023<\/strong><strong>&nbsp;<\/strong><\/p>\n\n\n\n<p>Hora:<strong>&nbsp;08:00 a 11:00 Hs. aprox.<\/strong><strong>&nbsp;<\/strong><\/p>\n\n\n\n<p>Zonas:<strong>&nbsp;B\u00b0 Centro y zonas aleda\u00f1as<\/strong><strong>.&nbsp;<\/strong><\/p>\n\n\n\n<p>Localidad:<strong>&nbsp;CAIMANCITO<\/strong><strong>&nbsp;<\/strong><\/p>\n\n\n\n<p>D\u00eda:<strong>&nbsp;Jueves 06-07-2023<\/strong><strong>&nbsp;<\/strong><\/p>\n\n\n\n<p>Hora:<strong>&nbsp;11:00 a 14:30 Hs. aprox.<\/strong><strong>&nbsp;<\/strong><\/p>\n\n\n\n<p>Zonas:<strong>&nbsp;B\u00b0 Evita, 40 viviendas, 5 Hect\u00e1reas y zonas aleda\u00f1as<\/strong><strong>&nbsp;<\/strong>&nbsp;<\/p>\n\n\n\n<p>Agradecemos tomar las precauciones necesarias durante la duraci\u00f3n de dicha interrupci\u00f3n a fin de evitar mayores inconvenientes.&nbsp;<\/p>\n\n\n\n<p>Por consultas y\/o requerimientos te recordamos nuestros canales de contacto disponibles las 24hs.:&nbsp;<\/p>\n\n\n\n<p>Nuestra Web&nbsp;<a href=\"https:\/\/www.ejesa.com.ar\/?fbclid=IwAR14rGgcVsKFtRmA2NmOFOPT8Zh7bN3g9FbnACLbH6gDSZ1s2OvPXPuyvMI\" target=\"_blank\" rel=\"noreferrer noopener\"><strong>https:\/\/www.ejesa.com.ar<\/strong><\/a><strong>&nbsp; &gt;&nbsp;&nbsp;<\/strong><a href=\"https:\/\/www.ejesa.com.ar\/gestion\/pwa\/tareasprogramadas\/cortes-de-luz\" target=\"_blank\" rel=\"noreferrer noopener\"><strong><\/strong><\/a><strong>Tareas Programadas<\/strong>&nbsp;<\/p>\n\n\n\n<p>VOLT, nuestro Asistente virtual&nbsp;<\/p>\n\n\n\n<p>WhatsApp&nbsp;<strong>3884613738&nbsp;<\/strong><a href=\"https:\/\/wa.me\/543884613738?fbclid=IwAR30VgYAEKWAQcLcxjdHjF5jGp891rlLdKEEpF_y3CJrpxc_nkfd01quSIs\" target=\"_blank\" rel=\"noreferrer noopener\"><strong>https:\/\/wa.me\/543884613738<\/strong><\/a>&nbsp;<\/p>\n","protected":false},"excerpt":{"rendered":"<p>Informamos\u00a0que, con el objeto de\u00a0elevar la calidad de nuestro servicio,\u00a0se realizar\u00e1n tareas de\u00a0mantenimiento y renovaci\u00f3n\u00a0en las instalaciones de nuestro sistema.\u00a0 Con este fin, ser\u00e1 necesario efectuar una&nbsp;interrupci\u00f3n programada en las siguientes zonas y horarios:&nbsp; Localidad:&nbsp;CAIMANCITO&nbsp; D\u00eda:&nbsp;Jueves 06-07-2023&nbsp; Hora:&nbsp;08:00 a 11:00 Hs. aprox.&nbsp; Zonas:&nbsp;B\u00b0 Centro y zonas aleda\u00f1as.&nbsp; Localidad:&nbsp;CAIMANCITO&nbsp; D\u00eda:&nbsp;Jueves 06-07-2023&nbsp; Hora:&nbsp;11:00 a 14:30 Hs. aprox.&nbsp; [&hellip;]<\/p>\n","protected":false},"author":5,"featured_media":124468,"comment_status":"open","ping_status":"open","sticky":false,"template":"","format":"standard","meta":{"_stopmodifiedupdate":false,"_modified_date":"","inline_featured_image":false,"spay_email":"","jetpack_publicize_message":""},"categories":[4],"tags":[],"jetpack_featured_media_url":"https:\/\/notinor.com\/jujuy\/wp-content\/uploads\/2017\/07\/caimancito.jpg","jetpack_publicize_connections":[],"_links":{"self":[{"href":"https:\/\/notinor.com\/jujuy\/wp-json\/wp\/v2\/posts\/384142"}],"collection":[{"href":"https:\/\/notinor.com\/jujuy\/wp-json\/wp\/v2\/posts"}],"about":[{"href":"https:\/\/notinor.com\/jujuy\/wp-json\/wp\/v2\/types\/post"}],"author":[{"embeddable":true,"href":"https:\/\/notinor.com\/jujuy\/wp-json\/wp\/v2\/users\/5"}],"replies":[{"embeddable":true,"href":"https:\/\/notinor.com\/jujuy\/wp-json\/wp\/v2\/comments?post=384142"}],"version-history":[{"count":1,"href":"https:\/\/notinor.com\/jujuy\/wp-json\/wp\/v2\/posts\/384142\/revisions"}],"predecessor-version":[{"id":384143,"href":"https:\/\/notinor.com\/jujuy\/wp-json\/wp\/v2\/posts\/384142\/revisions\/384143"}],"wp:featuredmedia":[{"embeddable":true,"href":"https:\/\/notinor.com\/jujuy\/wp-json\/wp\/v2\/media\/124468"}],"wp:attachment":[{"href":"https:\/\/notinor.com\/jujuy\/wp-json\/wp\/v2\/media?parent=384142"}],"wp:term":[{"taxonomy":"category","embeddable":true,"href":"https:\/\/notinor.com\/jujuy\/wp-json\/wp\/v2\/categories?post=384142"},{"taxonomy":"post_tag","embeddable":true,"href":"https:\/\/notinor.com\/jujuy\/wp-json\/wp\/v2\/tags?post=384142"}],"curies":[{"name":"wp","href":"https:\/\/api.w.org\/{rel}","templated":true}]}}