{"id":383241,"date":"2023-06-24T19:28:46","date_gmt":"2023-06-24T22:28:46","guid":{"rendered":"https:\/\/notinor.com\/jujuy\/?p=383241"},"modified":"2023-06-24T19:40:01","modified_gmt":"2023-06-24T22:40:01","slug":"horacio-rodriguez-larreta-oficializo-a-los-precandidatos-a-diputados-nacionales-por-la-ciudad","status":"publish","type":"post","link":"https:\/\/notinor.com\/jujuy\/horacio-rodriguez-larreta-oficializo-a-los-precandidatos-a-diputados-nacionales-por-la-ciudad\/","title":{"rendered":"Horacio Rodr\u00edguez Larreta oficializ\u00f3 a los precandidatos a diputados nacionales por la Ciudad"},"content":{"rendered":"\n<p class=\"has-medium-font-size\"><strong><em>El jefe de Gobierno porte\u00f1o confirm\u00f3 la lista de integrantes que lo acompa\u00f1ar\u00e1n en las PASO. C\u00f3mo queda el armado.<\/em><\/strong><\/p>\n\n\n<div class=\"wp-block-image\">\n<figure class=\"aligncenter size-large is-resized\"><img decoding=\"async\" loading=\"lazy\" src=\"https:\/\/notinor.com\/jujuy\/wp-content\/uploads\/2023\/06\/image-140-720x480.png\" alt=\"\" class=\"wp-image-383249\" width=\"809\" height=\"539\" srcset=\"https:\/\/notinor.com\/jujuy\/wp-content\/uploads\/2023\/06\/image-140-720x480.png 720w, https:\/\/notinor.com\/jujuy\/wp-content\/uploads\/2023\/06\/image-140-548x365.png 548w, https:\/\/notinor.com\/jujuy\/wp-content\/uploads\/2023\/06\/image-140-768x512.png 768w, https:\/\/notinor.com\/jujuy\/wp-content\/uploads\/2023\/06\/image-140-1536x1023.png 1536w, https:\/\/notinor.com\/jujuy\/wp-content\/uploads\/2023\/06\/image-140-750x500.png 750w, https:\/\/notinor.com\/jujuy\/wp-content\/uploads\/2023\/06\/image-140-1140x760.png 1140w, https:\/\/notinor.com\/jujuy\/wp-content\/uploads\/2023\/06\/image-140.png 1600w\" sizes=\"(max-width: 809px) 100vw, 809px\" \/><\/figure><\/div>\n\n\n<p><\/p>\n\n\n\n<p><strong>Horacio Rodr\u00edguez Larreta oficializ\u00f3 a los precandidatos a diputados nacionales por la Ciudad<\/strong> <strong>de<\/strong> <strong>Buenos Aires.<\/strong> \"El equipo que va a defender a los porte\u00f1os. <strong>Qu\u00e9 orgullo presentar este equipo de personas con garra, con experiencia y con una capacidad de laburo inigualable<\/strong>\", tuite\u00f3.<\/p>\n\n\n\n<p>El jefe de Gobierno porte\u00f1o confirm\u00f3 que <strong>Maximiliano Ferraro, titular de la Coalici\u00f3n C\u00edvica ARI, encabezar\u00e1 la lista como precandidato a diputado nacional<\/strong> en representaci\u00f3n de Capital Federal y acompa\u00f1ar\u00e1 la f\u00f3rmula de Larreta con Gerardo Morales, en el marco de las PASO el 13 de agosto.<\/p>\n\n\n\n<p>\"Como Presidente de la Coalici\u00f3n C\u00edvica,<strong> hace a\u00f1os que Maxi defiende los valores de la honestidad y la transparencia y tiene un compromiso inquebrantable<\/strong> con la educaci\u00f3n y con la Rep\u00fablica, como lo tenemos todos en Juntos por el Cambio\", defini\u00f3.<\/p>\n\n\n\n<p><strong>Lo secundar\u00e1n Mariela Coletta<\/strong>, presidenta de la Uni\u00f3n C\u00edvica Radical porte\u00f1a. \"<strong>Viene a aportar toda su convicci\u00f3n democr\u00e1tica<\/strong> y la historia y el futuro que tiene el radicalismo\", la present\u00f3 Larreta.<\/p>\n\n\n\n<p><strong>En tercer lugar, figura \u00c1lvaro Gonz\u00e1lez<\/strong>, legislador del PRO y Consejero de la Magistratura de la Naci\u00f3n. En tanto, <strong>Soledad Acu\u00f1a, actual ministra de Educaci\u00f3n porte\u00f1a, liderar\u00e1 la boleta de Parlasur Distrital CABA.<\/strong><\/p>\n\n\n\n<p><strong>El precandidato a presidente de JxC ya hab\u00eda anunciado junto a Morales a Miguel Pichetto<\/strong>, dirigente del Peronismo Republicano, <strong>como primer precandidato a diputado nacional por la provincia de Buenos Aires<\/strong>, quien estar\u00e1 acompa\u00f1ado por Silvia Lospennato, del PRO; y M\u00f3nica Frade y Mariana Stilman, de la Coalici\u00f3n C\u00edvica.<\/p>\n\n\n\n<figure class=\"wp-block-embed is-type-rich is-provider-twitter wp-block-embed-twitter\"><div class=\"wp-block-embed__wrapper\">\n<blockquote class=\"twitter-tweet\" data-width=\"500\" data-dnt=\"true\"><p lang=\"es\" dir=\"ltr\">EL EQUIPO QUE VA A DEFENDER A LOS PORTE\u00d1OS<br><br>Qu\u00e9 orgullo presentar este equipo de personas con garra, con experiencia y con una capacidad de laburo inigualable.<a href=\"https:\/\/twitter.com\/Maxiferraro?ref_src=twsrc%5Etfw\">@Maxiferraro<\/a> va a encabezar la lista a Diputados Nacionales. Como Presidente de la Coalici\u00f3n C\u00edvica, hace a\u00f1os que Maxi\u2026 <a href=\"https:\/\/t.co\/NtrUPlZMsw\">pic.twitter.com\/NtrUPlZMsw<\/a><\/p>&mdash; Horacio Rodr\u00edguez Larreta (@horaciorlarreta) <a href=\"https:\/\/twitter.com\/horaciorlarreta\/status\/1672652105025290241?ref_src=twsrc%5Etfw\">June 24, 2023<\/a><\/blockquote><script async src=\"https:\/\/platform.twitter.com\/widgets.js\" charset=\"utf-8\"><\/script>\n<\/div><\/figure>\n\n\n\n<p><\/p>\n\n\n\n<p>Este s\u00e1bado en Acassuso, <strong>Rodr\u00edguez Larreta tambi\u00e9n confirm\u00f3 la n\u00f3mina de senadores porte\u00f1os con Jos\u00e9 Luis Espert,<\/strong> de Avanza Libertad;<strong> y Cynthia Hotton, <\/strong>de M\u00e1s Valores. <strong>Y la de senadores por la provincia de Buenos Aires,<\/strong> con Florencia Arietto en la tercera secci\u00f3n, y Claudia Rucci, en tercer lugar.<\/p>\n\n\n\n<p>Consultado por la prensa,<strong> el dirigente se refiri\u00f3 a la postulaci\u00f3n del actual ministro de Econom\u00eda de la Naci\u00f3n: \u201cA nosotros no nos cambia que vaya Massa como presidente<\/strong>, es el kirchnerismo con la careta que se pongan. No cambia nuestra convicci\u00f3n\u201d.<\/p>\n\n\n\n<p>\u201cMassa es el candidato del kirchnerismo, es el candidato de Alberto Fern\u00e1ndez y de Cristina Kirchner. <strong>Todos ellos representan a un gobierno que fracas\u00f3. Son todos lo mismo.<\/strong> Un gobierno con m\u00e1s de 100% de inflaci\u00f3n que sufrimos todos los argentinos\u201d, agreg\u00f3.<\/p>\n\n\n\n<p><\/p>\n","protected":false},"excerpt":{"rendered":"<p>El jefe de Gobierno porte\u00f1o confirm\u00f3 la lista de integrantes que lo acompa\u00f1ar\u00e1n en las PASO. C\u00f3mo queda el armado. Horacio Rodr\u00edguez Larreta oficializ\u00f3 a los precandidatos a diputados nacionales por la Ciudad de Buenos Aires. \"El equipo que va a defender a los porte\u00f1os. Qu\u00e9 orgullo presentar este equipo de personas con garra, con [&hellip;]<\/p>\n","protected":false},"author":51,"featured_media":383249,"comment_status":"open","ping_status":"open","sticky":false,"template":"","format":"standard","meta":{"_stopmodifiedupdate":false,"_modified_date":"","inline_featured_image":false,"spay_email":"","jetpack_publicize_message":""},"categories":[501],"tags":[],"jetpack_featured_media_url":"https:\/\/notinor.com\/jujuy\/wp-content\/uploads\/2023\/06\/image-140.png","jetpack_publicize_connections":[],"_links":{"self":[{"href":"https:\/\/notinor.com\/jujuy\/wp-json\/wp\/v2\/posts\/383241"}],"collection":[{"href":"https:\/\/notinor.com\/jujuy\/wp-json\/wp\/v2\/posts"}],"about":[{"href":"https:\/\/notinor.com\/jujuy\/wp-json\/wp\/v2\/types\/post"}],"author":[{"embeddable":true,"href":"https:\/\/notinor.com\/jujuy\/wp-json\/wp\/v2\/users\/51"}],"replies":[{"embeddable":true,"href":"https:\/\/notinor.com\/jujuy\/wp-json\/wp\/v2\/comments?post=383241"}],"version-history":[{"count":6,"href":"https:\/\/notinor.com\/jujuy\/wp-json\/wp\/v2\/posts\/383241\/revisions"}],"predecessor-version":[{"id":383254,"href":"https:\/\/notinor.com\/jujuy\/wp-json\/wp\/v2\/posts\/383241\/revisions\/383254"}],"wp:featuredmedia":[{"embeddable":true,"href":"https:\/\/notinor.com\/jujuy\/wp-json\/wp\/v2\/media\/383249"}],"wp:attachment":[{"href":"https:\/\/notinor.com\/jujuy\/wp-json\/wp\/v2\/media?parent=383241"}],"wp:term":[{"taxonomy":"category","embeddable":true,"href":"https:\/\/notinor.com\/jujuy\/wp-json\/wp\/v2\/categories?post=383241"},{"taxonomy":"post_tag","embeddable":true,"href":"https:\/\/notinor.com\/jujuy\/wp-json\/wp\/v2\/tags?post=383241"}],"curies":[{"name":"wp","href":"https:\/\/api.w.org\/{rel}","templated":true}]}}