{"id":383228,"date":"2023-06-24T13:53:52","date_gmt":"2023-06-24T16:53:52","guid":{"rendered":"https:\/\/notinor.com\/jujuy\/?p=383228"},"modified":"2023-06-24T13:53:56","modified_gmt":"2023-06-24T16:53:56","slug":"jxc-se-ilusiona-con-dar-el-batacazo-en-cordoba-los-candidatos-que-competiran-este-domingo","status":"publish","type":"post","link":"https:\/\/notinor.com\/jujuy\/jxc-se-ilusiona-con-dar-el-batacazo-en-cordoba-los-candidatos-que-competiran-este-domingo\/","title":{"rendered":"JxC se ilusiona con dar el batacazo en C\u00f3rdoba: los candidatos que competir\u00e1n este domingo"},"content":{"rendered":"\n<p class=\"has-medium-font-size\"><strong><em>Es la segunda provincia m\u00e1s importante en t\u00e9rminos de participantes habilitados a votar en el padr\u00f3n, despu\u00e9s de Buenos Aires. La oposici\u00f3n, que pretende arrebatarle el poder al peronismo tras 24 a\u00f1os, aspira a ganar el apoyo del interior, con triunfos en departamentos clave como\u00a0R\u00edo Tercero\u00a0y\u00a0Marcos Ju\u00e1rez.<\/em><\/strong><\/p>\n\n\n<div class=\"wp-block-image\">\n<figure class=\"aligncenter size-large is-resized\"><img decoding=\"async\" loading=\"lazy\" src=\"https:\/\/notinor.com\/jujuy\/wp-content\/uploads\/2023\/06\/image-135-720x480.png\" alt=\"\" class=\"wp-image-383230\" width=\"760\" height=\"507\" srcset=\"https:\/\/notinor.com\/jujuy\/wp-content\/uploads\/2023\/06\/image-135-720x480.png 720w, https:\/\/notinor.com\/jujuy\/wp-content\/uploads\/2023\/06\/image-135-548x365.png 548w, https:\/\/notinor.com\/jujuy\/wp-content\/uploads\/2023\/06\/image-135-750x500.png 750w, https:\/\/notinor.com\/jujuy\/wp-content\/uploads\/2023\/06\/image-135.png 768w\" sizes=\"(max-width: 760px) 100vw, 760px\" \/><\/figure><\/div>\n\n\n<p><\/p>\n\n\n\n<p><strong>C\u00f3rdoba ser\u00e1 este domingo el primer distrito de los cuatro de mayor peso electoral del pa\u00eds donde se votar\u00e1 candidato a gobernador y vice<\/strong>, adem\u00e1s de legisladores provinciales y autoridades del Tribunal de Cuentas provincial. <\/p>\n\n\n\n<p><strong>En esta provincia, no hay PASO, por lo que ya se conocer\u00e1 qui\u00e9n gobernar\u00e1 la provincia los pr\u00f3ximos cuatro a\u00f1os<\/strong>. En paralelo, tambi\u00e9n se elegir\u00e1n intendentes en 227 municipios. <strong>Hay 2.984.631 cordobeses habilitados para votar, un 8,7% del padr\u00f3n de todo el pa\u00eds<\/strong>, un caudal de electores solo superado por la provincia de Buenos Aires. <\/p>\n\n\n\n<p><strong>Se usar\u00e1 el sistema de Boleta \u00danica de Sufragio (BUS) vigente desde 2011 en la provincia<\/strong>. Consiste en una sola boleta de papel con toda la oferta de candidatos, en la que la preferencia del elector se tilda con una lapicera en las categor\u00edas de manera individual o lista completa.<\/p>\n\n\n\n<p><strong>En total, son 11 los candidatos que competir\u00e1n para llegar a la gobernaci\u00f3n de la provincia mediterr\u00e1nea<\/strong>. La disputa est\u00e1 centrada entre\u00a0Mart\u00edn Llaryora, el postulante del gobernador peronista\u00a0Juan Schiaretti\u00a0- que no puede ir por una segunda reelecci\u00f3n y decidi\u00f3 jugar en el escenario nacional-, y\u00a0Lu<strong>is Juez, el candidato de consenso de Juntos por el Cambio (JxC) que apuesta a dar un batacazo y arrebatarle el poder al peronismo despu\u00e9s de 24 a\u00f1os.<\/strong> <\/p>\n\n\n\n<p><\/p>\n\n\n<div class=\"wp-block-image\">\n<figure class=\"aligncenter size-large\"><img decoding=\"async\" loading=\"lazy\" width=\"735\" height=\"480\" src=\"https:\/\/notinor.com\/jujuy\/wp-content\/uploads\/2023\/06\/image-136-735x480.png\" alt=\"\" class=\"wp-image-383231\" srcset=\"https:\/\/notinor.com\/jujuy\/wp-content\/uploads\/2023\/06\/image-136-735x480.png 735w, https:\/\/notinor.com\/jujuy\/wp-content\/uploads\/2023\/06\/image-136-559x365.png 559w, https:\/\/notinor.com\/jujuy\/wp-content\/uploads\/2023\/06\/image-136-768x502.png 768w, https:\/\/notinor.com\/jujuy\/wp-content\/uploads\/2023\/06\/image-136-750x490.png 750w, https:\/\/notinor.com\/jujuy\/wp-content\/uploads\/2023\/06\/image-136.png 980w\" sizes=\"(max-width: 735px) 100vw, 735px\" \/><\/figure><\/div>\n\n\n<p><\/p>\n\n\n\n<p><strong>Llaryora es el intendente de la capital provincial y corre como favorito<\/strong>, acompa\u00f1ado en la f\u00f3rmula con\u00a0Myrian Prunotto, intendenta radical de\u00a0Ju\u00e1rez Celman. Se postular\u00e1 por el espacio\u00a0Hacemos Juntos por C\u00f3rdoba, la fuerza del gobernador cordob\u00e9s que sum\u00f3 a sectores de la UCR y el PRO, y es cr\u00edtica del gobierno nacional.  <\/p>\n\n\n\n<p><strong>Schiaretti, por su parte, competir\u00e1 en las PASO como candidato a presidente por el frente\u00a0Hacemos por nuestro pa\u00eds<\/strong>\u00a0que incluye, adem\u00e1s de a su espacio, al Partido Socialista, el Partido Dem\u00f3crata Cristiano, el Partido Autonomista y otras fuerzas provinciales menores. Tiene como compa\u00f1ero de ruta al ex funcionario\u00a0Florencio Randazzo, alianza que se oficializ\u00f3 este s\u00e1bado.<\/p>\n\n\n\n<p><strong>C\u00f3rdoba es uno de los pocos distritos en los que Juntos por el Cambio logr\u00f3 ordenar la interna y resolver mediante un acuerdo sin grandes heridos que Juez fuera por la gobernaci\u00f3n<\/strong> y\u00a0Rodrigo De Loredo, diputado nacional de Evoluci\u00f3n radical, por la intendencia de C\u00f3rdoba capital, referenciado en\u00a0Mart\u00edn Lousteau, alineado con el titular de la Uni\u00f3n C\u00edvica Radical (UCR) y gobernador de Jujuy,\u00a0Gerardo Morales, ahora candidato a vicepresidente de Horacio Rodr\u00edguez Larreta. <\/p>\n\n\n\n<p><strong>En esta provincia, el lanzamiento de la candidatura de Juez logr\u00f3 algo casi imposible<\/strong>: la participaci\u00f3n en un mismo acto de Bullrich y Larreta. Qued\u00f3 plasmada en la foto del beso del jefe de Gobierno porte\u00f1o a la ex ministra de Seguridad.<\/p>\n\n\n\n<blockquote class=\"wp-block-quote\">\n<p><strong>Juez cree que la tercera es la vencida. Tiene a su favor que tanto la UCR como el PRO lo apoyan<\/strong>.<\/p>\n<\/blockquote>\n\n\n\n<p><strong>Juez ya fue dos veces antes candidato a gobernador:<\/strong> en 2007, cuando perdi\u00f3 frente a Schiaretti por un punto y denunci\u00f3 que hubo fraude, lo que fue rechazado por la Justicia; y en 2011, cuando sali\u00f3 segundo detr\u00e1s de Juan Manuel de la Sota. <\/p>\n\n\n\n<p><strong>En esta oportunidad lleva como compa\u00f1ero de f\u00f3rmula a<\/strong>\u00a0<strong>Marcos Carasso<\/strong>, presidente de la UCR cordobesa e intendente en uso de licencia de la localidad de General Cabrera. <strong>La f\u00f3rmula aspira a hacer una diferencia en su favor con el apoyo del interior de la provincia<\/strong>, con triunfos en departamentos clave como<strong>\u00a0<\/strong>R\u00edo Tercero\u00a0y\u00a0Marcos Ju\u00e1rez.<\/p>\n\n\n\n<p><strong>Juez cree que la tercera es la vencida. Tiene a su favor que tanto la UCR como el PRO lo apoyan,<\/strong> y que sus principales dirigentes desfilaron por la provincia para respaldarlo: adem\u00e1s de Larreta y Bullrich, desde Mauricio Macri, quien lo resisti\u00f3 en un primer momento, y\u00a0Mar\u00eda Eugenia Vidal. <\/p>\n","protected":false},"excerpt":{"rendered":"<p>Es la segunda provincia m\u00e1s importante en t\u00e9rminos de participantes habilitados a votar en el padr\u00f3n, despu\u00e9s de Buenos Aires. La oposici\u00f3n, que pretende arrebatarle el poder al peronismo tras 24 a\u00f1os, aspira a ganar el apoyo del interior, con triunfos en departamentos clave como\u00a0R\u00edo Tercero\u00a0y\u00a0Marcos Ju\u00e1rez. C\u00f3rdoba ser\u00e1 este domingo el primer distrito de [&hellip;]<\/p>\n","protected":false},"author":51,"featured_media":383230,"comment_status":"open","ping_status":"open","sticky":false,"template":"","format":"standard","meta":{"_stopmodifiedupdate":false,"_modified_date":"","inline_featured_image":false,"spay_email":"","jetpack_publicize_message":""},"categories":[5],"tags":[],"jetpack_featured_media_url":"https:\/\/notinor.com\/jujuy\/wp-content\/uploads\/2023\/06\/image-135.png","jetpack_publicize_connections":[],"_links":{"self":[{"href":"https:\/\/notinor.com\/jujuy\/wp-json\/wp\/v2\/posts\/383228"}],"collection":[{"href":"https:\/\/notinor.com\/jujuy\/wp-json\/wp\/v2\/posts"}],"about":[{"href":"https:\/\/notinor.com\/jujuy\/wp-json\/wp\/v2\/types\/post"}],"author":[{"embeddable":true,"href":"https:\/\/notinor.com\/jujuy\/wp-json\/wp\/v2\/users\/51"}],"replies":[{"embeddable":true,"href":"https:\/\/notinor.com\/jujuy\/wp-json\/wp\/v2\/comments?post=383228"}],"version-history":[{"count":2,"href":"https:\/\/notinor.com\/jujuy\/wp-json\/wp\/v2\/posts\/383228\/revisions"}],"predecessor-version":[{"id":383232,"href":"https:\/\/notinor.com\/jujuy\/wp-json\/wp\/v2\/posts\/383228\/revisions\/383232"}],"wp:featuredmedia":[{"embeddable":true,"href":"https:\/\/notinor.com\/jujuy\/wp-json\/wp\/v2\/media\/383230"}],"wp:attachment":[{"href":"https:\/\/notinor.com\/jujuy\/wp-json\/wp\/v2\/media?parent=383228"}],"wp:term":[{"taxonomy":"category","embeddable":true,"href":"https:\/\/notinor.com\/jujuy\/wp-json\/wp\/v2\/categories?post=383228"},{"taxonomy":"post_tag","embeddable":true,"href":"https:\/\/notinor.com\/jujuy\/wp-json\/wp\/v2\/tags?post=383228"}],"curies":[{"name":"wp","href":"https:\/\/api.w.org\/{rel}","templated":true}]}}