{"id":381012,"date":"2023-05-30T22:44:00","date_gmt":"2023-05-31T01:44:00","guid":{"rendered":"https:\/\/notinor.com\/jujuy\/?p=381012"},"modified":"2023-05-31T11:00:41","modified_gmt":"2023-05-31T14:00:41","slug":"el-movil-odontologico-llego-al-barrio-los-huaicos","status":"publish","type":"post","link":"https:\/\/notinor.com\/jujuy\/el-movil-odontologico-llego-al-barrio-los-huaicos\/","title":{"rendered":"El m\u00f3vil odontol\u00f3gico lleg\u00f3 al barrio Los Huaicos"},"content":{"rendered":"\n<p class=\"has-medium-font-size\"><strong><em>Desde la Secretar\u00eda de Desarrollo Humano, el Ministerio de Salud y el Concejo Deliberante organizaron una nueva locaci\u00f3n del M\u00f3vil Odontol\u00f3gico en el barrio Los Huaico en doble turno, realizando tareas de: prevenci\u00f3n de salud bucal, arreglos, extracciones y limpieza de forma gratuita a los vecinos del sector. La pr\u00f3xima visita ser\u00e1 el jueves 1 de junio en la plaza La Tortuguita del sector B 3 en Alto Comedero.<\/em><\/strong><\/p>\n\n\n<div class=\"wp-block-image\">\n<figure class=\"aligncenter size-large is-resized\"><img decoding=\"async\" loading=\"lazy\" src=\"https:\/\/notinor.com\/jujuy\/wp-content\/uploads\/2023\/05\/MOVIL-1-840x473.jpeg\" alt=\"\" class=\"wp-image-381016\" width=\"723\" height=\"407\" srcset=\"https:\/\/notinor.com\/jujuy\/wp-content\/uploads\/2023\/05\/MOVIL-1-840x473.jpeg 840w, https:\/\/notinor.com\/jujuy\/wp-content\/uploads\/2023\/05\/MOVIL-1-649x365.jpeg 649w, https:\/\/notinor.com\/jujuy\/wp-content\/uploads\/2023\/05\/MOVIL-1-500x280.jpeg 500w, https:\/\/notinor.com\/jujuy\/wp-content\/uploads\/2023\/05\/MOVIL-1-768x432.jpeg 768w, https:\/\/notinor.com\/jujuy\/wp-content\/uploads\/2023\/05\/MOVIL-1-750x422.jpeg 750w, https:\/\/notinor.com\/jujuy\/wp-content\/uploads\/2023\/05\/MOVIL-1.jpeg 1024w\" sizes=\"(max-width: 723px) 100vw, 723px\" \/><\/figure><\/div>\n\n\n<p>Sobre este tema, la Coordinadora de Salud P\u00fablica y Atenciones Promocionales, Daniela Alba, inform\u00f3 que el M\u00f3vil Odontol\u00f3gico recibir\u00e1 a los vecinos, \u201c<em>comenzaremos con las atenciones la \u00faltima semana de cada mes, en estos momentos estamos en el asentamiento del barrio Los Huaicos trabajando con 20 turnos por la ma\u00f1ana y otros 20 turnos por la tarde, e invitamos a todos los vecinos de todas las edades a que se acerquen para recibir estos servicios de forma gratuita<\/em>\u201d.<\/p>\n","protected":false},"excerpt":{"rendered":"<p>Desde la Secretar\u00eda de Desarrollo Humano, el Ministerio de Salud y el Concejo Deliberante organizaron una nueva locaci\u00f3n del M\u00f3vil Odontol\u00f3gico en el barrio Los Huaico en doble turno, realizando tareas de: prevenci\u00f3n de salud bucal, arreglos, extracciones y limpieza de forma gratuita a los vecinos del sector. La pr\u00f3xima visita ser\u00e1 el jueves 1 [&hellip;]<\/p>\n","protected":false},"author":5,"featured_media":381014,"comment_status":"open","ping_status":"open","sticky":false,"template":"","format":"standard","meta":{"_stopmodifiedupdate":false,"_modified_date":"","inline_featured_image":false,"spay_email":"","jetpack_publicize_message":""},"categories":[13],"tags":[],"jetpack_featured_media_url":"https:\/\/notinor.com\/jujuy\/wp-content\/uploads\/2023\/05\/MOVIL.jpeg","jetpack_publicize_connections":[],"_links":{"self":[{"href":"https:\/\/notinor.com\/jujuy\/wp-json\/wp\/v2\/posts\/381012"}],"collection":[{"href":"https:\/\/notinor.com\/jujuy\/wp-json\/wp\/v2\/posts"}],"about":[{"href":"https:\/\/notinor.com\/jujuy\/wp-json\/wp\/v2\/types\/post"}],"author":[{"embeddable":true,"href":"https:\/\/notinor.com\/jujuy\/wp-json\/wp\/v2\/users\/5"}],"replies":[{"embeddable":true,"href":"https:\/\/notinor.com\/jujuy\/wp-json\/wp\/v2\/comments?post=381012"}],"version-history":[{"count":2,"href":"https:\/\/notinor.com\/jujuy\/wp-json\/wp\/v2\/posts\/381012\/revisions"}],"predecessor-version":[{"id":381017,"href":"https:\/\/notinor.com\/jujuy\/wp-json\/wp\/v2\/posts\/381012\/revisions\/381017"}],"wp:featuredmedia":[{"embeddable":true,"href":"https:\/\/notinor.com\/jujuy\/wp-json\/wp\/v2\/media\/381014"}],"wp:attachment":[{"href":"https:\/\/notinor.com\/jujuy\/wp-json\/wp\/v2\/media?parent=381012"}],"wp:term":[{"taxonomy":"category","embeddable":true,"href":"https:\/\/notinor.com\/jujuy\/wp-json\/wp\/v2\/categories?post=381012"},{"taxonomy":"post_tag","embeddable":true,"href":"https:\/\/notinor.com\/jujuy\/wp-json\/wp\/v2\/tags?post=381012"}],"curies":[{"name":"wp","href":"https:\/\/api.w.org\/{rel}","templated":true}]}}