{"id":380948,"date":"2023-05-30T23:00:16","date_gmt":"2023-05-31T02:00:16","guid":{"rendered":"https:\/\/notinor.com\/jujuy\/?p=380948"},"modified":"2023-05-30T23:00:17","modified_gmt":"2023-05-31T02:00:17","slug":"realizan-acciones-para-el-aprovechamiento-sustentable-de-la-fibra-de-vicuna","status":"publish","type":"post","link":"https:\/\/notinor.com\/jujuy\/realizan-acciones-para-el-aprovechamiento-sustentable-de-la-fibra-de-vicuna\/","title":{"rendered":"Realizan acciones para el aprovechamiento sustentable de la fibra de vicu\u00f1a"},"content":{"rendered":"\n<p class=\"has-medium-font-size\"><strong><em>Jujuy, Salta, Catamarca, La Rioja y San Juan actualizaron agenda y acciones para seguir desarrollando la esquila sustentable de fibra de vicu\u00f1a.<\/em><\/strong><\/p>\n\n\n\n<p><\/p>\n\n\n<div class=\"wp-block-image\">\n<figure class=\"aligncenter size-full\"><img decoding=\"async\" loading=\"lazy\" width=\"800\" height=\"450\" src=\"https:\/\/notinor.com\/jujuy\/wp-content\/uploads\/2023\/05\/vicunas.jpg\" alt=\"\" class=\"wp-image-380950\" srcset=\"https:\/\/notinor.com\/jujuy\/wp-content\/uploads\/2023\/05\/vicunas.jpg 800w, https:\/\/notinor.com\/jujuy\/wp-content\/uploads\/2023\/05\/vicunas-649x365.jpg 649w, https:\/\/notinor.com\/jujuy\/wp-content\/uploads\/2023\/05\/vicunas-500x280.jpg 500w, https:\/\/notinor.com\/jujuy\/wp-content\/uploads\/2023\/05\/vicunas-768x432.jpg 768w, https:\/\/notinor.com\/jujuy\/wp-content\/uploads\/2023\/05\/vicunas-750x422.jpg 750w\" sizes=\"(max-width: 800px) 100vw, 800px\" \/><\/figure><\/div>\n\n\n<p><\/p>\n\n\n\n<p>En el marco del Convenio de la Vicu\u00f1a y de la Convenci\u00f3n sobre el Comercio Internacional de Especies Amenazadas de Fauna y Flora Silvestres (CITES), <strong>el Ministerio de Ambiente y Cambio Clim\u00e1tico fue anfitri\u00f3n de este Encuentro de provincias que explotan la fibra de vicu\u00f1a en el que representantes de Jujuy, Salta, Catamarca, La Rioja y San Juan presentaron sus progresos y avances para incorporar al Informe Nacional de Vicu\u00f1a.<\/strong><\/p>\n\n\n\n<p>Luego de dos d\u00edas de intensos debates, los talleres obtuvieron enriquecedoras conclusiones respecto de comercio ilegal y la ocurrencia de sarna en la especie.<\/p>\n\n\n\n<p>Por un lado, respecto del comercio ilegal, <strong>el grupo conformado por integrantes de la cartera ambiental, de Salta, La Rioja, Catamarca, San Juan, el INTA, CITES y Fuerzas de seguridad, concluyeron en la necesidad de coordinar reuniones interinstitucionales de los actores de influencia, como las fuerzas de seguridad y organismos de aplicaci\u00f3n, de forma regular a nivel provincial y entre las provincias vicu\u00f1eras.<\/strong><\/p>\n\n\n\n<p>Adem\u00e1s se pidi\u00f3 la inclusi\u00f3n en la tecnicatura para la Direcci\u00f3n de la Polic\u00eda tur\u00edstica, capacitaci\u00f3n en el reconocimiento de los recursos naturales y la normativa que los protege. <strong>Se recalc\u00f3 la necesidad de contar con la difusi\u00f3n de la normativa y los casos en los medios de comunicaci\u00f3n masivos,<\/strong> reforzar la legislaci\u00f3n vigente, capacitar a las fuerzas de seguridad para tener una mayor presencia en los pasos fronterizos.<\/p>\n\n\n\n<p><strong>Tambi\u00e9n se acord\u00f3 la necesidad de continuar con el acompa\u00f1amiento t\u00e9cnico, la consulta y la interacci\u00f3n con las comunidades manejadoras de vicu\u00f1as; generar una articulaci\u00f3n en instancias internacionales (Convenio de la Vicu\u00f1a, Canciller\u00eda y otros) respecto de la actuaci\u00f3n de Bolivia, <\/strong>generar recursos t\u00e9cnicos para reconocimiento de diferentes tipos de fibras de dom\u00e9sticos y silvestres y capacitar desde INTA a las fuerzas de seguridad.<\/p>\n\n\n\n<p>En ese marco, la mesa de trabajo que abord\u00f3 la problem\u00e1tica de la sarna en la especie, llegaron a las siguientes conclusiones: <strong>solicitar a cada jurisdicci\u00f3n un informe con la Caracterizaci\u00f3n de la situaci\u00f3n con respecto a la sarna en cada provincia,<\/strong> que ser\u00e1 recibido por la Direcci\u00f3n Nacional de Biodiversidad y autoridad CITES (MAyDS Naci\u00f3n) para fines del mes de julio del corriente a\u00f1o y que el punteo contemple todos los actores, acciones, diagn\u00f3sticos y temas que sean espec\u00edficos para cada provincia. Jujuy tiene una m\u00ednima incidencia al respecto.<\/p>\n\n\n\n<p><strong>Adem\u00e1s, se conformar\u00e1 una Red Interprovincial - Mesa T\u00e9cnica Nacional de Sarna en Vicu\u00f1a para mantener contacto e intercambio de informaci\u00f3n, que incluir\u00e1 a SENASA, <\/strong>Ministerio de Producci\u00f3n de cada provincia, Grupos de investigaci\u00f3n de diferentes universidades, Administraci\u00f3n de Parques Nacionales, Zoonosis Naci\u00f3n, Grupos de trabajo en diferentes instituciones nacionales, Ministerio de Econom\u00eda.<\/p>\n\n\n\n<p><\/p>\n\n\n<div class=\"wp-block-image\">\n<figure class=\"aligncenter size-full\"><img decoding=\"async\" loading=\"lazy\" width=\"800\" height=\"450\" src=\"https:\/\/notinor.com\/jujuy\/wp-content\/uploads\/2023\/05\/fibra-de-vicuna.jpg\" alt=\"\" class=\"wp-image-380949\" srcset=\"https:\/\/notinor.com\/jujuy\/wp-content\/uploads\/2023\/05\/fibra-de-vicuna.jpg 800w, https:\/\/notinor.com\/jujuy\/wp-content\/uploads\/2023\/05\/fibra-de-vicuna-649x365.jpg 649w, https:\/\/notinor.com\/jujuy\/wp-content\/uploads\/2023\/05\/fibra-de-vicuna-500x280.jpg 500w, https:\/\/notinor.com\/jujuy\/wp-content\/uploads\/2023\/05\/fibra-de-vicuna-768x432.jpg 768w, https:\/\/notinor.com\/jujuy\/wp-content\/uploads\/2023\/05\/fibra-de-vicuna-750x422.jpg 750w\" sizes=\"(max-width: 800px) 100vw, 800px\" \/><\/figure><\/div>\n\n\n<p><\/p>\n\n\n\n<p><strong>Tambi\u00e9n se utilizar\u00e1 de base el informe del GECS para realizar un informe unificado sobre la enfermedad y que se incluya en el Informe pa\u00eds para Convenio de la Vicu\u00f1a; <\/strong>solicitar una reuni\u00f3n de la Mesa T\u00e9cnica Nacional de Sarna en Vicu\u00f1a con todos los actores a nivel nacional en el corto plazo, en lugar a definir, de acuerdo a las posibilidades de financiaci\u00f3n, y reactivar la formulaci\u00f3n del Plan Nacional de Manejo de la Vicu\u00f1a.<\/p>\n\n\n\n<p>La ministra de Ambiente y Cambio Clim\u00e1tico Mar\u00eda In\u00e9s Zigar\u00e1n, hizo hincapi\u00e9 a la oportunidad que signific\u00f3 este encuentro para \u201cintercambiar las experiencias que se llevan adelante en las diferentes provincias, para fortalecer los procesos que cada uno en su territorio lleva adelante y para <strong>ratificar un compromiso frente a la sexta p\u00e9rdida de extinci\u00f3n masiva de especies que representa un desaf\u00edo tambi\u00e9n para quienes somos decisores y estamos al frente de las pol\u00edticas p\u00fablicas\u201d.<\/strong><\/p>\n","protected":false},"excerpt":{"rendered":"<p>Jujuy, Salta, Catamarca, La Rioja y San Juan actualizaron agenda y acciones para seguir desarrollando la esquila sustentable de fibra de vicu\u00f1a. En el marco del Convenio de la Vicu\u00f1a y de la Convenci\u00f3n sobre el Comercio Internacional de Especies Amenazadas de Fauna y Flora Silvestres (CITES), el Ministerio de Ambiente y Cambio Clim\u00e1tico fue [&hellip;]<\/p>\n","protected":false},"author":49,"featured_media":380950,"comment_status":"open","ping_status":"open","sticky":false,"template":"","format":"standard","meta":{"_stopmodifiedupdate":false,"_modified_date":"","inline_featured_image":false,"spay_email":"","jetpack_publicize_message":""},"categories":[2,514],"tags":[],"jetpack_featured_media_url":"https:\/\/notinor.com\/jujuy\/wp-content\/uploads\/2023\/05\/vicunas.jpg","jetpack_publicize_connections":[],"_links":{"self":[{"href":"https:\/\/notinor.com\/jujuy\/wp-json\/wp\/v2\/posts\/380948"}],"collection":[{"href":"https:\/\/notinor.com\/jujuy\/wp-json\/wp\/v2\/posts"}],"about":[{"href":"https:\/\/notinor.com\/jujuy\/wp-json\/wp\/v2\/types\/post"}],"author":[{"embeddable":true,"href":"https:\/\/notinor.com\/jujuy\/wp-json\/wp\/v2\/users\/49"}],"replies":[{"embeddable":true,"href":"https:\/\/notinor.com\/jujuy\/wp-json\/wp\/v2\/comments?post=380948"}],"version-history":[{"count":1,"href":"https:\/\/notinor.com\/jujuy\/wp-json\/wp\/v2\/posts\/380948\/revisions"}],"predecessor-version":[{"id":380951,"href":"https:\/\/notinor.com\/jujuy\/wp-json\/wp\/v2\/posts\/380948\/revisions\/380951"}],"wp:featuredmedia":[{"embeddable":true,"href":"https:\/\/notinor.com\/jujuy\/wp-json\/wp\/v2\/media\/380950"}],"wp:attachment":[{"href":"https:\/\/notinor.com\/jujuy\/wp-json\/wp\/v2\/media?parent=380948"}],"wp:term":[{"taxonomy":"category","embeddable":true,"href":"https:\/\/notinor.com\/jujuy\/wp-json\/wp\/v2\/categories?post=380948"},{"taxonomy":"post_tag","embeddable":true,"href":"https:\/\/notinor.com\/jujuy\/wp-json\/wp\/v2\/tags?post=380948"}],"curies":[{"name":"wp","href":"https:\/\/api.w.org\/{rel}","templated":true}]}}