{"id":380138,"date":"2023-05-23T09:12:06","date_gmt":"2023-05-23T12:12:06","guid":{"rendered":"https:\/\/notinor.com\/jujuy\/?p=380138"},"modified":"2023-05-23T09:12:08","modified_gmt":"2023-05-23T12:12:08","slug":"este-miercoles-ejesa-realizara-tareas-de-mantenimiento-en-localidades-del-interior","status":"publish","type":"post","link":"https:\/\/notinor.com\/jujuy\/este-miercoles-ejesa-realizara-tareas-de-mantenimiento-en-localidades-del-interior\/","title":{"rendered":"Este miercoles EJESA realizar\u00e1 tareas de mantenimiento en localidades del interior"},"content":{"rendered":"\n<p class=\"has-medium-font-size\"><strong><em>Informamos\u00a0que, con el objeto de\u00a0elevar la calidad de nuestro servicio,\u00a0se realizar\u00e1n tareas de\u00a0mantenimiento y renovaci\u00f3n\u00a0en las instalaciones de nuestro sistema.\u00a0<\/em><\/strong><\/p>\n\n\n<div class=\"wp-block-image\">\n<figure class=\"aligncenter size-large is-resized\"><img decoding=\"async\" loading=\"lazy\" src=\"https:\/\/notinor.com\/jujuy\/wp-content\/uploads\/2022\/08\/YUTO-840x480.jpg\" alt=\"\" class=\"wp-image-350361\" width=\"691\" height=\"395\" srcset=\"https:\/\/notinor.com\/jujuy\/wp-content\/uploads\/2022\/08\/YUTO-840x480.jpg 840w, https:\/\/notinor.com\/jujuy\/wp-content\/uploads\/2022\/08\/YUTO-641x365.jpg 641w, https:\/\/notinor.com\/jujuy\/wp-content\/uploads\/2022\/08\/YUTO-768x438.jpg 768w, https:\/\/notinor.com\/jujuy\/wp-content\/uploads\/2022\/08\/YUTO.jpg 881w\" sizes=\"(max-width: 691px) 100vw, 691px\" \/><\/figure><\/div>\n\n\n<p>Con este fin, ser\u00e1 necesario efectuar una&nbsp;interrupci\u00f3n programada en las siguientes zonas y horarios:&nbsp;<\/p>\n\n\n\n<p>Localidad:<strong>\u00a0YUTO\u00a0<\/strong><\/p>\n\n\n\n<p>D\u00eda:<strong>&nbsp;Mi\u00e9rcoles 24-05-2023<\/strong><strong>&nbsp;<\/strong><\/p>\n\n\n\n<p>Hora:<strong>&nbsp;10:00 a 14:00 Hs. aprox.<\/strong><strong>&nbsp;<\/strong><\/p>\n\n\n\n<p>Zonas:<strong>&nbsp;Fincas sobre Ruta N\u00b0 34 y zonas aleda\u00f1as.<\/strong><strong>&nbsp;&nbsp;<\/strong><\/p>\n\n\n<div class=\"wp-block-image\">\n<figure class=\"aligncenter size-full is-resized\"><img decoding=\"async\" loading=\"lazy\" src=\"https:\/\/notinor.com\/jujuy\/wp-content\/uploads\/2022\/07\/HUMAHUACA.jpg\" alt=\"\" class=\"wp-image-346509\" width=\"624\" height=\"365\"\/><\/figure><\/div>\n\n\n<p>&nbsp;Localidad:<strong>&nbsp;HUMAHUACA<\/strong><strong>&nbsp;<\/strong><\/p>\n\n\n\n<p>D\u00eda:<strong>&nbsp;Mi\u00e9rcoles 24-05-2023<\/strong><strong>&nbsp;<\/strong><\/p>\n\n\n\n<p>Hora:<strong>&nbsp;17:00 a 19:00 Hs. aprox.<\/strong><strong>&nbsp;<\/strong><\/p>\n\n\n\n<p>Zonas:<strong>&nbsp;B\u00b0 Medalla Milagrosa, B\u00b0 La Merced, Tilcahuayoc, Pe\u00f1as Blancas y zonas aleda\u00f1as.<\/strong><strong>&nbsp;<\/strong>&nbsp;<strong>&nbsp;<\/strong><\/p>\n\n\n\n<p>Agradecemos tomar las precauciones necesarias durante la duraci\u00f3n de dicha interrupci\u00f3n a fin de evitar mayores inconvenientes.&nbsp;<\/p>\n\n\n\n<p>Por consultas y\/o requerimientos te recordamos nuestros canales de contacto disponibles las 24hs.:&nbsp;<\/p>\n\n\n\n<p>Nuestra Web&nbsp;<a href=\"https:\/\/www.ejesa.com.ar\/?fbclid=IwAR14rGgcVsKFtRmA2NmOFOPT8Zh7bN3g9FbnACLbH6gDSZ1s2OvPXPuyvMI\" target=\"_blank\" rel=\"noreferrer noopener\"><strong>https:\/\/www.ejesa.com.ar<\/strong><\/a><strong>&nbsp; &gt;&nbsp;&nbsp;<\/strong><a href=\"https:\/\/www.ejesa.com.ar\/gestion\/pwa\/tareasprogramadas\/cortes-de-luz\" target=\"_blank\" rel=\"noreferrer noopener\"><strong><\/strong><\/a><strong>Tareas Programadas<\/strong>&nbsp;<\/p>\n\n\n\n<p>VOLT, nuestro Asistente virtual&nbsp;<\/p>\n\n\n\n<p>WhatsApp&nbsp;<strong>3884613738&nbsp;<\/strong><a href=\"https:\/\/wa.me\/543884613738?fbclid=IwAR30VgYAEKWAQcLcxjdHjF5jGp891rlLdKEEpF_y3CJrpxc_nkfd01quSIs\" target=\"_blank\" rel=\"noreferrer noopener\"><strong>https:\/\/wa.me\/543884613738<\/strong><\/a>&nbsp;<\/p>\n","protected":false},"excerpt":{"rendered":"<p>Informamos\u00a0que, con el objeto de\u00a0elevar la calidad de nuestro servicio,\u00a0se realizar\u00e1n tareas de\u00a0mantenimiento y renovaci\u00f3n\u00a0en las instalaciones de nuestro sistema.\u00a0 Con este fin, ser\u00e1 necesario efectuar una&nbsp;interrupci\u00f3n programada en las siguientes zonas y horarios:&nbsp; Localidad:\u00a0YUTO\u00a0 D\u00eda:&nbsp;Mi\u00e9rcoles 24-05-2023&nbsp; Hora:&nbsp;10:00 a 14:00 Hs. aprox.&nbsp; Zonas:&nbsp;Fincas sobre Ruta N\u00b0 34 y zonas aleda\u00f1as.&nbsp;&nbsp; &nbsp;Localidad:&nbsp;HUMAHUACA&nbsp; D\u00eda:&nbsp;Mi\u00e9rcoles 24-05-2023&nbsp; Hora:&nbsp;17:00 a [&hellip;]<\/p>\n","protected":false},"author":5,"featured_media":374751,"comment_status":"open","ping_status":"open","sticky":false,"template":"","format":"standard","meta":{"_stopmodifiedupdate":false,"_modified_date":"","inline_featured_image":false,"spay_email":"","jetpack_publicize_message":""},"categories":[4],"tags":[],"jetpack_featured_media_url":"https:\/\/notinor.com\/jujuy\/wp-content\/uploads\/2023\/03\/corte-de-luz-1.jpeg","jetpack_publicize_connections":[],"_links":{"self":[{"href":"https:\/\/notinor.com\/jujuy\/wp-json\/wp\/v2\/posts\/380138"}],"collection":[{"href":"https:\/\/notinor.com\/jujuy\/wp-json\/wp\/v2\/posts"}],"about":[{"href":"https:\/\/notinor.com\/jujuy\/wp-json\/wp\/v2\/types\/post"}],"author":[{"embeddable":true,"href":"https:\/\/notinor.com\/jujuy\/wp-json\/wp\/v2\/users\/5"}],"replies":[{"embeddable":true,"href":"https:\/\/notinor.com\/jujuy\/wp-json\/wp\/v2\/comments?post=380138"}],"version-history":[{"count":1,"href":"https:\/\/notinor.com\/jujuy\/wp-json\/wp\/v2\/posts\/380138\/revisions"}],"predecessor-version":[{"id":380139,"href":"https:\/\/notinor.com\/jujuy\/wp-json\/wp\/v2\/posts\/380138\/revisions\/380139"}],"wp:featuredmedia":[{"embeddable":true,"href":"https:\/\/notinor.com\/jujuy\/wp-json\/wp\/v2\/media\/374751"}],"wp:attachment":[{"href":"https:\/\/notinor.com\/jujuy\/wp-json\/wp\/v2\/media?parent=380138"}],"wp:term":[{"taxonomy":"category","embeddable":true,"href":"https:\/\/notinor.com\/jujuy\/wp-json\/wp\/v2\/categories?post=380138"},{"taxonomy":"post_tag","embeddable":true,"href":"https:\/\/notinor.com\/jujuy\/wp-json\/wp\/v2\/tags?post=380138"}],"curies":[{"name":"wp","href":"https:\/\/api.w.org\/{rel}","templated":true}]}}