{"id":379865,"date":"2023-05-19T20:10:00","date_gmt":"2023-05-19T23:10:00","guid":{"rendered":"https:\/\/notinor.com\/jujuy\/?p=379865"},"modified":"2023-05-19T21:15:25","modified_gmt":"2023-05-20T00:15:25","slug":"se-efectuaron-dos-cirugias-laparoscopicas-en-el-hospital-de-la-quiaca","status":"publish","type":"post","link":"https:\/\/notinor.com\/jujuy\/se-efectuaron-dos-cirugias-laparoscopicas-en-el-hospital-de-la-quiaca\/","title":{"rendered":"Se efectuaron dos cirug\u00edas laparosc\u00f3picas en el Hospital de La Quiaca"},"content":{"rendered":"\n<p class=\"has-medium-font-size\"><strong><em>Las intervenciones programadas se realizaron a personas con residencia en la zona.<\/em><\/strong><\/p>\n\n\n\n<p><\/p>\n\n\n<div class=\"wp-block-image\">\n<figure class=\"aligncenter size-full\"><img decoding=\"async\" loading=\"lazy\" width=\"800\" height=\"450\" src=\"https:\/\/notinor.com\/jujuy\/wp-content\/uploads\/2023\/05\/cirugia-laparoscopica.jpg\" alt=\"\" class=\"wp-image-379866\" srcset=\"https:\/\/notinor.com\/jujuy\/wp-content\/uploads\/2023\/05\/cirugia-laparoscopica.jpg 800w, https:\/\/notinor.com\/jujuy\/wp-content\/uploads\/2023\/05\/cirugia-laparoscopica-649x365.jpg 649w, https:\/\/notinor.com\/jujuy\/wp-content\/uploads\/2023\/05\/cirugia-laparoscopica-500x280.jpg 500w, https:\/\/notinor.com\/jujuy\/wp-content\/uploads\/2023\/05\/cirugia-laparoscopica-768x432.jpg 768w, https:\/\/notinor.com\/jujuy\/wp-content\/uploads\/2023\/05\/cirugia-laparoscopica-750x422.jpg 750w\" sizes=\"(max-width: 800px) 100vw, 800px\" \/><\/figure><\/div>\n\n\n<p><\/p>\n\n\n\n<p><strong>El Ministerio de Salud de Jujuy destac\u00f3 este viernes que se realizaron las primeras dos cirug\u00edas laparosc\u00f3picas con equipamiento propio en el Hospital \u201cDr. Jorge Uro\u201d de La Quiaca, <\/strong>haciendo efectiva la pol\u00edtica provincial de descentralizaci\u00f3n de los servicios del sistema p\u00fablico, favoreciendo accesibilidad de la comunidad.<\/p>\n\n\n\n<p>Cumplidos los procedimientos, <strong>las personas usuarias intervenidas en la presente semana se recuperan de manera satisfactoria, con seguimiento de los equipos profesionales.<\/strong><\/p>\n\n\n\n<p><strong>El Servicio de Cirug\u00eda del Hospital de La Quiaca cuenta con capacidad instalada para procedimientos convencionales y sum\u00f3 este a\u00f1o la torre de laparoscop\u00eda adquirida por el Gobierno de Jujuy de modo de ofrecer respuesta a los casos que requieren intervenciones quir\u00fargicas m\u00ednimamente invasivas, <\/strong>evitando el desarraigo, los traslados, acortando tiempos de espera y reduciendo el periodo de recuperaci\u00f3n en el postoperatorio.<\/p>\n","protected":false},"excerpt":{"rendered":"<p>Las intervenciones programadas se realizaron a personas con residencia en la zona. El Ministerio de Salud de Jujuy destac\u00f3 este viernes que se realizaron las primeras dos cirug\u00edas laparosc\u00f3picas con equipamiento propio en el Hospital \u201cDr. Jorge Uro\u201d de La Quiaca, haciendo efectiva la pol\u00edtica provincial de descentralizaci\u00f3n de los servicios del sistema p\u00fablico, favoreciendo [&hellip;]<\/p>\n","protected":false},"author":49,"featured_media":379866,"comment_status":"open","ping_status":"open","sticky":false,"template":"","format":"standard","meta":{"_stopmodifiedupdate":false,"_modified_date":"","inline_featured_image":false,"spay_email":"","jetpack_publicize_message":""},"categories":[4],"tags":[],"jetpack_featured_media_url":"https:\/\/notinor.com\/jujuy\/wp-content\/uploads\/2023\/05\/cirugia-laparoscopica.jpg","jetpack_publicize_connections":[],"_links":{"self":[{"href":"https:\/\/notinor.com\/jujuy\/wp-json\/wp\/v2\/posts\/379865"}],"collection":[{"href":"https:\/\/notinor.com\/jujuy\/wp-json\/wp\/v2\/posts"}],"about":[{"href":"https:\/\/notinor.com\/jujuy\/wp-json\/wp\/v2\/types\/post"}],"author":[{"embeddable":true,"href":"https:\/\/notinor.com\/jujuy\/wp-json\/wp\/v2\/users\/49"}],"replies":[{"embeddable":true,"href":"https:\/\/notinor.com\/jujuy\/wp-json\/wp\/v2\/comments?post=379865"}],"version-history":[{"count":1,"href":"https:\/\/notinor.com\/jujuy\/wp-json\/wp\/v2\/posts\/379865\/revisions"}],"predecessor-version":[{"id":379867,"href":"https:\/\/notinor.com\/jujuy\/wp-json\/wp\/v2\/posts\/379865\/revisions\/379867"}],"wp:featuredmedia":[{"embeddable":true,"href":"https:\/\/notinor.com\/jujuy\/wp-json\/wp\/v2\/media\/379866"}],"wp:attachment":[{"href":"https:\/\/notinor.com\/jujuy\/wp-json\/wp\/v2\/media?parent=379865"}],"wp:term":[{"taxonomy":"category","embeddable":true,"href":"https:\/\/notinor.com\/jujuy\/wp-json\/wp\/v2\/categories?post=379865"},{"taxonomy":"post_tag","embeddable":true,"href":"https:\/\/notinor.com\/jujuy\/wp-json\/wp\/v2\/tags?post=379865"}],"curies":[{"name":"wp","href":"https:\/\/api.w.org\/{rel}","templated":true}]}}