{"id":379862,"date":"2023-05-19T19:41:00","date_gmt":"2023-05-19T22:41:00","guid":{"rendered":"https:\/\/notinor.com\/jujuy\/?p=379862"},"modified":"2023-05-19T20:49:02","modified_gmt":"2023-05-19T23:49:02","slug":"gerardo-morales-en-cordoba-no-se-si-otros-partidos-pueden-dar-esta-muestra-de-unidad","status":"publish","type":"post","link":"https:\/\/notinor.com\/jujuy\/gerardo-morales-en-cordoba-no-se-si-otros-partidos-pueden-dar-esta-muestra-de-unidad\/","title":{"rendered":"Gerardo Morales en C\u00f3rdoba: \u201cNo s\u00e9 si otros partidos pueden dar esta muestra de unidad\u201d"},"content":{"rendered":"\n<p class=\"has-medium-font-size\"><strong><em>El presidente del Comit\u00e9 Nacional de la Uni\u00f3n C\u00edvica Radical, Gerardo Morales, inaugur\u00f3 en C\u00f3rdoba el Congreso Program\u00e1tico de la UCR, convocado a fin de debatir el borrador del plan de gobierno trazado por los equipos t\u00e9cnicos y expertos de la Fundaci\u00f3n Alem.<\/em><\/strong><\/p>\n\n\n\n<p><\/p>\n\n\n<div class=\"wp-block-image\">\n<figure class=\"aligncenter size-full\"><img decoding=\"async\" loading=\"lazy\" width=\"800\" height=\"450\" src=\"https:\/\/notinor.com\/jujuy\/wp-content\/uploads\/2023\/05\/gerardo-morales-en-cordoba.jpg\" alt=\"\" class=\"wp-image-379863\" srcset=\"https:\/\/notinor.com\/jujuy\/wp-content\/uploads\/2023\/05\/gerardo-morales-en-cordoba.jpg 800w, https:\/\/notinor.com\/jujuy\/wp-content\/uploads\/2023\/05\/gerardo-morales-en-cordoba-649x365.jpg 649w, https:\/\/notinor.com\/jujuy\/wp-content\/uploads\/2023\/05\/gerardo-morales-en-cordoba-500x280.jpg 500w, https:\/\/notinor.com\/jujuy\/wp-content\/uploads\/2023\/05\/gerardo-morales-en-cordoba-768x432.jpg 768w, https:\/\/notinor.com\/jujuy\/wp-content\/uploads\/2023\/05\/gerardo-morales-en-cordoba-750x422.jpg 750w\" sizes=\"(max-width: 800px) 100vw, 800px\" \/><\/figure><\/div>\n\n\n<p><\/p>\n\n\n\n<p>El mismo ser\u00e1 tratado por la Convenci\u00f3n Nacional en el curso de las pr\u00f3ximas semanas, con miras a posicionar con solidez y contundencia la propuesta electoral del centenario partido, como principal componente pol\u00edtico de Juntos por el Cambio. <strong>\u201cLa prioridad es iniciar un camino de orden econ\u00f3mico, sin sacrificar al pueblo argentino\u201d, <\/strong>enfatiz\u00f3.<\/p>\n\n\n\n<p><strong>Casi mil participantes de todas las jurisdicciones del pa\u00eds se reunieron en dependencias de la Universidad Nacional de C\u00f3rdoba, con el objeto de discutir ideas que enriquezcan pol\u00edticas que se traduzcan en el control y la baja de la inflaci\u00f3n;<\/strong> el desarrollo de aparatos productivos regionales para dinamizar la econom\u00eda argentina; revisar el modelo educativo; sentar bases de crecimiento en materia de ciencia, tecnolog\u00eda y econom\u00eda del conocimiento; afianzar la conjunci\u00f3n de miner\u00eda, producci\u00f3n de energ\u00edas renovables y transici\u00f3n energ\u00e9tica; y narcotr\u00e1fico y seguridad, entre otros ejes tem\u00e1ticos.<\/p>\n\n\n\n<p>Bajo el lema \u201cUna Argentina estable, segura y productiva\u201d, <strong>el radicalismo ofrece una contundente muestra de unidad y alineamiento detr\u00e1s del principio paz y orden en todo el pa\u00eds.<\/strong><\/p>\n\n\n\n<p>Morales, tambi\u00e9n precandidato a presidente y gobernador de Jujuy, abri\u00f3 el congreso junto a Facundo Manes, otro presidenciable del radicalismo, destacando: <strong>\u201cNo s\u00e9 si otros partidos pueden dar la misma foto que la UCR\u201d, en alusi\u00f3n a la fuerte se\u00f1al de unidad que proyect\u00f3 hacia adentro y fuera de Juntos por el Cambio.<\/strong><\/p>\n\n\n\n<p><strong>\u201cRealmente somos la \u00fanica fuerza pol\u00edtica que puede hacer un congreso as\u00ed ordenadamente, con sus \u00f3rganos partidarios en pleno funcionamiento y dispuestos a la discusi\u00f3n de proyectos\u201d, <\/strong>sostuvo y asever\u00f3 que esta cualidad \u201caporta pluralismo y estructura territorial a Juntos por el Cambio, desarrollando un programa de gobierno serio para toda la Rep\u00fablica Argentina\u201d.<\/p>\n\n\n\n<p>Asimismo, reivindic\u00f3 la labor que cumple la Fundaci\u00f3n Alem, en coordinaci\u00f3n con otras fundaciones del resto de fuerzas partidarias que dan vida a Juntos por el Cambio, camino a las PASO y las elecciones generales de octubre que definir\u00e1n el nuevo rumbo de la Argentina.<\/p>\n\n\n\n<p>Observ\u00f3 que el encuentro en C\u00f3rdoba se concreta \u201cen el marco de una situaci\u00f3n nacional sumamente compleja, dir\u00eda al l\u00edmite\u201d y apunt\u00f3 que <strong>\u201cla inflaci\u00f3n genera pobres d\u00eda a d\u00eda, resultado de un gobierno que nos hizo retroceder como pa\u00eds y sociedad\u201d, se\u00f1alando a Cristina Fern\u00e1ndez de Kirchner como \u201cresponsable de este engendro\u201d. <\/strong>\u201cSe termin\u00f3 el ciclo kirchnerista y lo tenemos que demostrar ahora\u201d, afirm\u00f3.<\/p>\n\n\n\n<p>En otro tramo de su mensaje, Morales puso el acento en el imprescindible ordenamiento de las cuentas p\u00fablicas, \u201cgastando s\u00f3lo lo que se puede gastar y sin sacrificar al pueblo argentino\u201d.<\/p>\n\n\n\n<p>Puntualiz\u00f3 que \u201ces imposible poner en marcha pol\u00edticas p\u00fablicas\u201d y en este sentido llam\u00f3 a \u201cponer punto final a la anarqu\u00eda econ\u00f3mica para proyectar un programa de gobierno\u201d.<\/p>\n\n\n\n<p>Tambi\u00e9n indic\u00f3 que <strong>\u201ctenemos en claro que los argentinos necesitan Estado presente y eficiente\u201d, <\/strong>advirtiendo que la escalada de violencia narco en Rosario es el producto de un \u201cEstado nacional ausente que no protege al pueblo\u201d.<\/p>\n\n\n\n<p>Dijo que, para ello, <strong>\u201cnos pararnos sobre los valores y principios de la UCR, como as\u00ed tambi\u00e9n sobre una agenda moderna, tal cual lo hacemos en Jujuy, Corrientes y Mendoza, con gestiones de gobierno en l\u00ednea con los grandes cambios del mundo\u201d.<\/strong><\/p>\n\n\n\n<p>Adem\u00e1s, consider\u00f3 que <strong>\u201cno podemos seguir viviendo en un pa\u00eds que mira solamente al puerto, debemos impulsar una concepci\u00f3n federal que establezca justicia\u201d y<\/strong> al mismo tiempo plante\u00f3 el desaf\u00edo de \u201cconsumar un pacto con el conurbano bonaerense que no se puede gobernar solo por parte del gobierno provincial\u201d.<\/p>\n\n\n\n<p>En otro orden, <strong>Morales convoc\u00f3 a advertir a los argentinos sobre la presencia de \u201cpersonajes peligrosos\u201d, en referencia a Javier Milei que \u201ccabalga sobre odio, violencia y venganza, que son los peores sentimientos de la gente que est\u00e1 mal\u201d. <\/strong>\u201cTenemos que correr el velo y dejar expuesta esa farsa perversa que es Milei\u201d, remarc\u00f3 y asegur\u00f3 que \u201csomos la contracara que cabalga sobre la esperanza y la energ\u00eda que hay en el coraz\u00f3n de cada argentino\u201d.<\/p>\n\n\n\n<p><strong>\u201cHace falta decisi\u00f3n y liderazgo con sustento en un equipo con concepci\u00f3n pol\u00edtica, porque necesitamos que gobierne la pol\u00edtica\u201d, <\/strong>finaliz\u00f3.<\/p>\n\n\n\n<p>Tambi\u00e9n estuvieron presentes, Gast\u00f3n Manes, presidente de la Convenci\u00f3n Nacional; Mariela Marchisio, vice rectora de la Universidad Nacional de C\u00f3rdoba; Agust\u00edn Campero, presidente de la Fundaci\u00f3n Alem; ; Alejandra Mart\u00ednez, vicepresidenta de la Fundaci\u00f3n Alem; Facundo Manes, diputado nacional; y Diego Mestre, titular del Comit\u00e9 Ciudad de C\u00f3rdoba; entre otros. Adem\u00e1s, hizo llegar sus salutaciones el gobernador de Corrientes, Gustavo Vald\u00e9s.<\/p>\n","protected":false},"excerpt":{"rendered":"<p>El presidente del Comit\u00e9 Nacional de la Uni\u00f3n C\u00edvica Radical, Gerardo Morales, inaugur\u00f3 en C\u00f3rdoba el Congreso Program\u00e1tico de la UCR, convocado a fin de debatir el borrador del plan de gobierno trazado por los equipos t\u00e9cnicos y expertos de la Fundaci\u00f3n Alem. El mismo ser\u00e1 tratado por la Convenci\u00f3n Nacional en el curso de [&hellip;]<\/p>\n","protected":false},"author":49,"featured_media":379863,"comment_status":"open","ping_status":"open","sticky":false,"template":"","format":"standard","meta":{"_stopmodifiedupdate":false,"_modified_date":"","inline_featured_image":false,"spay_email":"","jetpack_publicize_message":""},"categories":[2,501],"tags":[],"jetpack_featured_media_url":"https:\/\/notinor.com\/jujuy\/wp-content\/uploads\/2023\/05\/gerardo-morales-en-cordoba.jpg","jetpack_publicize_connections":[],"_links":{"self":[{"href":"https:\/\/notinor.com\/jujuy\/wp-json\/wp\/v2\/posts\/379862"}],"collection":[{"href":"https:\/\/notinor.com\/jujuy\/wp-json\/wp\/v2\/posts"}],"about":[{"href":"https:\/\/notinor.com\/jujuy\/wp-json\/wp\/v2\/types\/post"}],"author":[{"embeddable":true,"href":"https:\/\/notinor.com\/jujuy\/wp-json\/wp\/v2\/users\/49"}],"replies":[{"embeddable":true,"href":"https:\/\/notinor.com\/jujuy\/wp-json\/wp\/v2\/comments?post=379862"}],"version-history":[{"count":1,"href":"https:\/\/notinor.com\/jujuy\/wp-json\/wp\/v2\/posts\/379862\/revisions"}],"predecessor-version":[{"id":379864,"href":"https:\/\/notinor.com\/jujuy\/wp-json\/wp\/v2\/posts\/379862\/revisions\/379864"}],"wp:featuredmedia":[{"embeddable":true,"href":"https:\/\/notinor.com\/jujuy\/wp-json\/wp\/v2\/media\/379863"}],"wp:attachment":[{"href":"https:\/\/notinor.com\/jujuy\/wp-json\/wp\/v2\/media?parent=379862"}],"wp:term":[{"taxonomy":"category","embeddable":true,"href":"https:\/\/notinor.com\/jujuy\/wp-json\/wp\/v2\/categories?post=379862"},{"taxonomy":"post_tag","embeddable":true,"href":"https:\/\/notinor.com\/jujuy\/wp-json\/wp\/v2\/tags?post=379862"}],"curies":[{"name":"wp","href":"https:\/\/api.w.org\/{rel}","templated":true}]}}