{"id":379859,"date":"2023-05-19T18:40:19","date_gmt":"2023-05-19T21:40:19","guid":{"rendered":"https:\/\/notinor.com\/jujuy\/?p=379859"},"modified":"2023-05-19T18:40:20","modified_gmt":"2023-05-19T21:40:20","slug":"los-taxis-de-radiollamada-y-taxis-compartidos-tendran-nuevas-tarifas-a-partir-del-lunes","status":"publish","type":"post","link":"https:\/\/notinor.com\/jujuy\/los-taxis-de-radiollamada-y-taxis-compartidos-tendran-nuevas-tarifas-a-partir-del-lunes\/","title":{"rendered":"Los taxis de radiollamada y taxis compartidos tendr\u00e1n nuevas tarifas a partir del lunes"},"content":{"rendered":"\n<p class=\"has-medium-font-size\"><strong><em>La Secretaria de Servicios P\u00fablicos de la Municipalidad de San Salvador de Jujuy, a trav\u00e9s de la Direcci\u00f3n de Tr\u00e1nsito y Transporte, inform\u00f3 a la poblaci\u00f3n en general y a los usuarios de los taxis de radiollamada y taxis compartidos, que a partir de las 00:00 horas del d\u00eda lunes 22 de mayo de 2023 entrar\u00e1 en vigencia el nuevo cuadro tarifario.<\/em><\/strong><\/p>\n\n\n\n<p><\/p>\n\n\n<div class=\"wp-block-image\">\n<figure class=\"aligncenter size-full\"><img decoding=\"async\" loading=\"lazy\" width=\"800\" height=\"450\" src=\"https:\/\/notinor.com\/jujuy\/wp-content\/uploads\/2023\/05\/remises-y-taxis-compartidos-2.jpg\" alt=\"\" class=\"wp-image-379860\" srcset=\"https:\/\/notinor.com\/jujuy\/wp-content\/uploads\/2023\/05\/remises-y-taxis-compartidos-2.jpg 800w, https:\/\/notinor.com\/jujuy\/wp-content\/uploads\/2023\/05\/remises-y-taxis-compartidos-2-649x365.jpg 649w, https:\/\/notinor.com\/jujuy\/wp-content\/uploads\/2023\/05\/remises-y-taxis-compartidos-2-500x280.jpg 500w, https:\/\/notinor.com\/jujuy\/wp-content\/uploads\/2023\/05\/remises-y-taxis-compartidos-2-768x432.jpg 768w, https:\/\/notinor.com\/jujuy\/wp-content\/uploads\/2023\/05\/remises-y-taxis-compartidos-2-750x422.jpg 750w\" sizes=\"(max-width: 800px) 100vw, 800px\" \/><\/figure><\/div>\n\n\n<p><\/p>\n\n\n\n<p class=\"has-medium-font-size\"><strong>Para los taxis de radiollamada detallaron que:<\/strong><\/p>\n\n\n\n<p><strong>Tarifa diurna (de 5 a 23 hs.)<\/strong><\/p>\n\n\n\n<ul>\n<li>Bajada de bandera: $ 136,50.<\/li>\n\n\n\n<li>Ficha cada 100 m: $ 13,60.<\/li>\n<\/ul>\n\n\n\n<p><strong>Tarifa nocturna (de 23 a 5 hs.)<\/strong><\/p>\n\n\n\n<ul>\n<li>Bajada de bandera: $ 169,00.<\/li>\n\n\n\n<li>Ficha cada 100 m: $ 16,90.<\/li>\n<\/ul>\n\n\n\n<p><strong>Feriados nacionales, provinciales y d\u00edas domingo<\/strong><\/p>\n\n\n\n<ul>\n<li>Bajada de bandera: $ 169,00.<\/li>\n\n\n\n<li>Ficha cada 100 m: $ 16,90.<\/li>\n<\/ul>\n\n\n\n<p class=\"has-medium-font-size\"><strong>En tanto para los taxis compartidos<\/strong><\/p>\n\n\n\n<p><strong>Tarifa diurna (de 5 a 23 hs.)<\/strong><\/p>\n\n\n\n<ul>\n<li>Pasaje: $ 160,00.<\/li>\n<\/ul>\n\n\n\n<p><strong>Tarifa nocturna (de 23 a 5 hs.)<\/strong><\/p>\n\n\n\n<ul>\n<li>Pasaje: $ 170,00<\/li>\n<\/ul>\n\n\n\n<p><strong>Feriados nacionales, provinciales y d\u00edas domingo<\/strong><\/p>\n\n\n\n<ul>\n<li>Pasaje: $ 170,00<\/li>\n<\/ul>\n","protected":false},"excerpt":{"rendered":"<p>La Secretaria de Servicios P\u00fablicos de la Municipalidad de San Salvador de Jujuy, a trav\u00e9s de la Direcci\u00f3n de Tr\u00e1nsito y Transporte, inform\u00f3 a la poblaci\u00f3n en general y a los usuarios de los taxis de radiollamada y taxis compartidos, que a partir de las 00:00 horas del d\u00eda lunes 22 de mayo de 2023 [&hellip;]<\/p>\n","protected":false},"author":49,"featured_media":379860,"comment_status":"open","ping_status":"open","sticky":false,"template":"","format":"standard","meta":{"_stopmodifiedupdate":false,"_modified_date":"","inline_featured_image":false,"spay_email":"","jetpack_publicize_message":""},"categories":[2,514],"tags":[],"jetpack_featured_media_url":"https:\/\/notinor.com\/jujuy\/wp-content\/uploads\/2023\/05\/remises-y-taxis-compartidos-2.jpg","jetpack_publicize_connections":[],"_links":{"self":[{"href":"https:\/\/notinor.com\/jujuy\/wp-json\/wp\/v2\/posts\/379859"}],"collection":[{"href":"https:\/\/notinor.com\/jujuy\/wp-json\/wp\/v2\/posts"}],"about":[{"href":"https:\/\/notinor.com\/jujuy\/wp-json\/wp\/v2\/types\/post"}],"author":[{"embeddable":true,"href":"https:\/\/notinor.com\/jujuy\/wp-json\/wp\/v2\/users\/49"}],"replies":[{"embeddable":true,"href":"https:\/\/notinor.com\/jujuy\/wp-json\/wp\/v2\/comments?post=379859"}],"version-history":[{"count":1,"href":"https:\/\/notinor.com\/jujuy\/wp-json\/wp\/v2\/posts\/379859\/revisions"}],"predecessor-version":[{"id":379861,"href":"https:\/\/notinor.com\/jujuy\/wp-json\/wp\/v2\/posts\/379859\/revisions\/379861"}],"wp:featuredmedia":[{"embeddable":true,"href":"https:\/\/notinor.com\/jujuy\/wp-json\/wp\/v2\/media\/379860"}],"wp:attachment":[{"href":"https:\/\/notinor.com\/jujuy\/wp-json\/wp\/v2\/media?parent=379859"}],"wp:term":[{"taxonomy":"category","embeddable":true,"href":"https:\/\/notinor.com\/jujuy\/wp-json\/wp\/v2\/categories?post=379859"},{"taxonomy":"post_tag","embeddable":true,"href":"https:\/\/notinor.com\/jujuy\/wp-json\/wp\/v2\/tags?post=379859"}],"curies":[{"name":"wp","href":"https:\/\/api.w.org\/{rel}","templated":true}]}}