{"id":379856,"date":"2023-05-19T18:13:47","date_gmt":"2023-05-19T21:13:47","guid":{"rendered":"https:\/\/notinor.com\/jujuy\/?p=379856"},"modified":"2023-05-19T18:13:48","modified_gmt":"2023-05-19T21:13:48","slug":"noelia-quispe-quiero-ser-la-voz-de-la-mujer-de-la-quebrada","status":"publish","type":"post","link":"https:\/\/notinor.com\/jujuy\/noelia-quispe-quiero-ser-la-voz-de-la-mujer-de-la-quebrada\/","title":{"rendered":"Noelia Quispe: \u201cQuiero ser la voz de la mujer de la Quebrada\u201d"},"content":{"rendered":"\n<p class=\"has-medium-font-size\"><strong><em>La diputada provincial electa por la Uni\u00f3n C\u00edvica Radical, Noelia Quispe, en di\u00e1logo con Notinor.com, hizo referencia a la nueva etapa que se iniciar\u00e1 a partir de diciembre, cuando asuma en le Legislatura de Jujuy.<\/em><\/strong><\/p>\n\n\n\n<p><\/p>\n\n\n<div class=\"wp-block-image\">\n<figure class=\"aligncenter size-full\"><img decoding=\"async\" loading=\"lazy\" width=\"800\" height=\"450\" src=\"https:\/\/notinor.com\/jujuy\/wp-content\/uploads\/2023\/05\/noelia-quispe.jpg\" alt=\"\" class=\"wp-image-379857\" srcset=\"https:\/\/notinor.com\/jujuy\/wp-content\/uploads\/2023\/05\/noelia-quispe.jpg 800w, https:\/\/notinor.com\/jujuy\/wp-content\/uploads\/2023\/05\/noelia-quispe-649x365.jpg 649w, https:\/\/notinor.com\/jujuy\/wp-content\/uploads\/2023\/05\/noelia-quispe-500x280.jpg 500w, https:\/\/notinor.com\/jujuy\/wp-content\/uploads\/2023\/05\/noelia-quispe-768x432.jpg 768w, https:\/\/notinor.com\/jujuy\/wp-content\/uploads\/2023\/05\/noelia-quispe-750x422.jpg 750w\" sizes=\"(max-width: 800px) 100vw, 800px\" \/><\/figure><\/div>\n\n\n<p><\/p>\n\n\n\n<p>En primer lugar destac\u00f3 que se encuentra trabajando proyectos que acordes a la gesti\u00f3n del bloque de la UCR. <strong>\u201cMe interesa mucho la idea de la implementaci\u00f3n de obra social provincial para personas con discapacidad, para brindar cobertura m\u00e9dica a todas las personas en esta condici\u00f3n\u201d<\/strong>.<\/p>\n\n\n\n<p>Quispe afirm\u00f3 que otra de sus iniciativas ser\u00eda recorrer los lugares m\u00e1s alejados de la zona y llevar soluciones a todas las familias que no tienen acceso a programas y beneficios sociales.<\/p>\n\n\n\n<p>Por otra parte <strong>afirm\u00f3 que trabajar\u00e1 por una reparaci\u00f3n hist\u00f3rica para la provincia, por todo el da\u00f1o que se hizo a Jujuy durante las luchas, batallas, \u00e9xodos, que servir\u00e1 para mejoras\u00a0 impositivas \u00a0y beneficios como zonas francas en toda la provincia.<\/strong><\/p>\n\n\n\n<p>En relaci\u00f3n la tarea con la localidad de Humahuaca, Noelia Quispe indic\u00f3 que su idea es \u00a0ayudar con la sanci\u00f3n de normativas para mejorar la ruta 9, ya que es peligrosa por falta de iluminaci\u00f3n. <strong>Agreg\u00f3 que es necesario \u201cayudar a combatir el desempleo en la localidad, hay mucha concentraci\u00f3n de grupos de remises o taxis, no hay libertad de trabajo, fomentar el turismo para que haya trabajo y una f\u00e1brica textil para que Humahuaca sea m\u00e1s productiva y comercial\u201d<\/strong>.<\/p>\n\n\n\n<p>En cuanto a las expectativas de su tarea como diputada afirm\u00f3 que la alegra porque no pensaba tener un cargo de esta importancia para una persona de la quebrada. <strong>\u201cEl FCJ me ha dado un reconocimiento en la lista de diputados, porque siempre ocupamos los \u00faltimos lugares a los dirigentes de la quebrada, sabemos las necesidades y problemas de la gente, vivimos en Humahuaca\u201d.<\/strong><\/p>\n\n\n\n<p>Consultada sobre la figura de Gerardo Morales afirm\u00f3 que en Jujuy se han podido producir grandes mejoras. <strong>\u201cM\u00e1s j\u00f3venes estudian por el BEGU, se ha empleado manos de obra en las construcci\u00f3n de escuelas, cauchari, cannava, donde hay una obra hay gente trabajando, con el tren se va a permitir el acceso del turista a la quebrada y puna\u201d.<\/strong><\/p>\n\n\n\n<p>Quispe indic\u00f3 que Gerardo Morales \u201cEn todos los lugares ha tenido aceptaci\u00f3n para poder pelear por la presidencia, <strong>no representa solamente a Jujuy, ha recorrido muchas provincias, hoy sabemos que en Juntos por el Cambio se cumplen las promesas de campa\u00f1a para la ciudadan\u00eda\u201d.<\/strong><\/p>\n\n\n\n<p>Para finalizar, afirm\u00f3 que como mujer tratar\u00e1 de ser la voz de la mujer de la quebrada. \u201cLa gente ha quedado descre\u00edda de la pol\u00edtica y hay que recuperar la confianza del electorado, <strong>conozco las necesidades de la gente, hay que trabajar para revertir eso, el legislador debe tener empat\u00eda con la gente, buena intenci\u00f3n para trabajar por proyectos y conseguir los consensos que necesita para la sanci\u00f3n de las leyes\u201d.<\/strong><\/p>\n","protected":false},"excerpt":{"rendered":"<p>La diputada provincial electa por la Uni\u00f3n C\u00edvica Radical, Noelia Quispe, en di\u00e1logo con Notinor.com, hizo referencia a la nueva etapa que se iniciar\u00e1 a partir de diciembre, cuando asuma en le Legislatura de Jujuy. En primer lugar destac\u00f3 que se encuentra trabajando proyectos que acordes a la gesti\u00f3n del bloque de la UCR. \u201cMe [&hellip;]<\/p>\n","protected":false},"author":49,"featured_media":379857,"comment_status":"open","ping_status":"open","sticky":false,"template":"","format":"standard","meta":{"_stopmodifiedupdate":false,"_modified_date":"","inline_featured_image":false,"spay_email":"","jetpack_publicize_message":""},"categories":[2,4,501],"tags":[],"jetpack_featured_media_url":"https:\/\/notinor.com\/jujuy\/wp-content\/uploads\/2023\/05\/noelia-quispe.jpg","jetpack_publicize_connections":[],"_links":{"self":[{"href":"https:\/\/notinor.com\/jujuy\/wp-json\/wp\/v2\/posts\/379856"}],"collection":[{"href":"https:\/\/notinor.com\/jujuy\/wp-json\/wp\/v2\/posts"}],"about":[{"href":"https:\/\/notinor.com\/jujuy\/wp-json\/wp\/v2\/types\/post"}],"author":[{"embeddable":true,"href":"https:\/\/notinor.com\/jujuy\/wp-json\/wp\/v2\/users\/49"}],"replies":[{"embeddable":true,"href":"https:\/\/notinor.com\/jujuy\/wp-json\/wp\/v2\/comments?post=379856"}],"version-history":[{"count":1,"href":"https:\/\/notinor.com\/jujuy\/wp-json\/wp\/v2\/posts\/379856\/revisions"}],"predecessor-version":[{"id":379858,"href":"https:\/\/notinor.com\/jujuy\/wp-json\/wp\/v2\/posts\/379856\/revisions\/379858"}],"wp:featuredmedia":[{"embeddable":true,"href":"https:\/\/notinor.com\/jujuy\/wp-json\/wp\/v2\/media\/379857"}],"wp:attachment":[{"href":"https:\/\/notinor.com\/jujuy\/wp-json\/wp\/v2\/media?parent=379856"}],"wp:term":[{"taxonomy":"category","embeddable":true,"href":"https:\/\/notinor.com\/jujuy\/wp-json\/wp\/v2\/categories?post=379856"},{"taxonomy":"post_tag","embeddable":true,"href":"https:\/\/notinor.com\/jujuy\/wp-json\/wp\/v2\/tags?post=379856"}],"curies":[{"name":"wp","href":"https:\/\/api.w.org\/{rel}","templated":true}]}}