{"id":379852,"date":"2023-05-19T17:27:49","date_gmt":"2023-05-19T20:27:49","guid":{"rendered":"https:\/\/notinor.com\/jujuy\/?p=379852"},"modified":"2023-05-19T17:27:51","modified_gmt":"2023-05-19T20:27:51","slug":"jujuy-es-sede-de-las-olimpiadas-legislativas-nacionales","status":"publish","type":"post","link":"https:\/\/notinor.com\/jujuy\/jujuy-es-sede-de-las-olimpiadas-legislativas-nacionales\/","title":{"rendered":"<strong>Jujuy es sede de las olimp\u00edadas legislativas nacionales<\/strong>"},"content":{"rendered":"\n<p class=\"has-medium-font-size\"><strong><em>La Federaci\u00f3n de Empleados Legislativos de la Rep\u00fablica Argentina (FELRA) desarrolla en San Salvador de Jujuy el XV Encuentro Deportivo Cultural y Recreativo. Este evento convoca\u00a0 a casi mil empleados legislativos de todo el pa\u00eds.<\/em><\/strong><\/p>\n\n\n\n<p><\/p>\n\n\n<div class=\"wp-block-image\">\n<figure class=\"aligncenter size-full\"><img decoding=\"async\" loading=\"lazy\" width=\"800\" height=\"450\" src=\"https:\/\/notinor.com\/jujuy\/wp-content\/uploads\/2023\/05\/olimpiadas-legislativas-jujuy-2.jpg\" alt=\"\" class=\"wp-image-379853\" srcset=\"https:\/\/notinor.com\/jujuy\/wp-content\/uploads\/2023\/05\/olimpiadas-legislativas-jujuy-2.jpg 800w, https:\/\/notinor.com\/jujuy\/wp-content\/uploads\/2023\/05\/olimpiadas-legislativas-jujuy-2-649x365.jpg 649w, https:\/\/notinor.com\/jujuy\/wp-content\/uploads\/2023\/05\/olimpiadas-legislativas-jujuy-2-500x280.jpg 500w, https:\/\/notinor.com\/jujuy\/wp-content\/uploads\/2023\/05\/olimpiadas-legislativas-jujuy-2-768x432.jpg 768w, https:\/\/notinor.com\/jujuy\/wp-content\/uploads\/2023\/05\/olimpiadas-legislativas-jujuy-2-750x422.jpg 750w\" sizes=\"(max-width: 800px) 100vw, 800px\" \/><\/figure><\/div>\n\n\n<p><\/p>\n\n\n\n<p>El secretario general de la Asociaci\u00f3n del Poder legislativo (APL) de Jujuy, Guillermo Batallanos, expres\u00f3 su satisfacci\u00f3n por este logro sindical, ya que es la primera vez que este evento se desarrolla en nuestra provincia. <strong>\u201cSomos sede gracias a distintas gestiones, se empez\u00f3 a trabajar antes de la pandemia y hoy se pudo llevar acabo, es una realidad, son 16 provincias \u00a0de todo el pa\u00eds con casi mil empleados legislativos que visitan nuestra provincia para participar de estas olimpiadas nacionales\u201d<\/strong>.<\/p>\n\n\n\n<p>Por otra parte indic\u00f3 que el encuentro <strong>se constituye como una gran convocatoria a nivel nacional y fortalece la gesti\u00f3n e institucionalidad de los gremios legislativos <\/strong>ya que se encuentran presentes los secretarios generales y el secretario general de la federaci\u00f3n Norberto Di Pr\u00f3spero\u201d.<\/p>\n\n\n\n<p><\/p>\n\n\n<div class=\"wp-block-image\">\n<figure class=\"aligncenter size-full\"><img decoding=\"async\" loading=\"lazy\" width=\"800\" height=\"450\" src=\"https:\/\/notinor.com\/jujuy\/wp-content\/uploads\/2023\/05\/olimpiadas-legislativas-jujuy.jpg\" alt=\"\" class=\"wp-image-379854\" srcset=\"https:\/\/notinor.com\/jujuy\/wp-content\/uploads\/2023\/05\/olimpiadas-legislativas-jujuy.jpg 800w, https:\/\/notinor.com\/jujuy\/wp-content\/uploads\/2023\/05\/olimpiadas-legislativas-jujuy-649x365.jpg 649w, https:\/\/notinor.com\/jujuy\/wp-content\/uploads\/2023\/05\/olimpiadas-legislativas-jujuy-500x280.jpg 500w, https:\/\/notinor.com\/jujuy\/wp-content\/uploads\/2023\/05\/olimpiadas-legislativas-jujuy-768x432.jpg 768w, https:\/\/notinor.com\/jujuy\/wp-content\/uploads\/2023\/05\/olimpiadas-legislativas-jujuy-750x422.jpg 750w\" sizes=\"(max-width: 800px) 100vw, 800px\" \/><\/figure><\/div>\n\n\n<p><\/p>\n\n\n\n<p>En la oportunidad Batallanos indic\u00f3 que esto se pudo concretar gracias al apoyo del vicegobernador Carlos Haquim y al trabajo de todos los compa\u00f1eros de trabajo de la legislatura de Jujuy. <strong>\u201cTodos trabajaron para que los visitantes puedan llevarse un gran recuerdo de nuestra provincia porque est\u00e1n presentes equipos desde Tierra del Fuego,<\/strong> as\u00ed se refuerza el trabajo sindical y se afianza la fraternidad de los trabajadores legislativos de todo el pa\u00eds\u201d.<\/p>\n\n\n\n<p>De esta manera <strong>deportistas del Congreso Nacional y de las legislaturas de Chubut, Santiago del Estero, Tierra del Fuego La Pampa, Entre R\u00edos, R\u00edo Negro, San Juan, Neuqu\u00e9n, Chaco, Tucum\u00e1n, San Luis, Catamarca, Santa Fe y Jujuy competir\u00e1n en F\u00fatbol 11, F\u00fatbol femenino, F\u00fatbol senior, Bochas, V\u00f3ley, Pesca, Truco, Tejo y Running y en una marat\u00f3n femenina y masculina.<\/strong><\/p>\n\n\n\n<p>El objetivo de la olimpiada legislativa es \u201cejercitar conductas de ayuda mutua, cooperar y ser solidarios desarrollando y fortaleciendo los v\u00ednculos como principal objetivo\u201d, indicaron autoridades del evento.<\/p>\n","protected":false},"excerpt":{"rendered":"<p>La Federaci\u00f3n de Empleados Legislativos de la Rep\u00fablica Argentina (FELRA) desarrolla en San Salvador de Jujuy el XV Encuentro Deportivo Cultural y Recreativo. Este evento convoca\u00a0 a casi mil empleados legislativos de todo el pa\u00eds. El secretario general de la Asociaci\u00f3n del Poder legislativo (APL) de Jujuy, Guillermo Batallanos, expres\u00f3 su satisfacci\u00f3n por este logro [&hellip;]<\/p>\n","protected":false},"author":49,"featured_media":379853,"comment_status":"open","ping_status":"open","sticky":false,"template":"","format":"standard","meta":{"_stopmodifiedupdate":false,"_modified_date":"","inline_featured_image":false,"spay_email":"","jetpack_publicize_message":""},"categories":[2,514],"tags":[],"jetpack_featured_media_url":"https:\/\/notinor.com\/jujuy\/wp-content\/uploads\/2023\/05\/olimpiadas-legislativas-jujuy-2.jpg","jetpack_publicize_connections":[],"_links":{"self":[{"href":"https:\/\/notinor.com\/jujuy\/wp-json\/wp\/v2\/posts\/379852"}],"collection":[{"href":"https:\/\/notinor.com\/jujuy\/wp-json\/wp\/v2\/posts"}],"about":[{"href":"https:\/\/notinor.com\/jujuy\/wp-json\/wp\/v2\/types\/post"}],"author":[{"embeddable":true,"href":"https:\/\/notinor.com\/jujuy\/wp-json\/wp\/v2\/users\/49"}],"replies":[{"embeddable":true,"href":"https:\/\/notinor.com\/jujuy\/wp-json\/wp\/v2\/comments?post=379852"}],"version-history":[{"count":1,"href":"https:\/\/notinor.com\/jujuy\/wp-json\/wp\/v2\/posts\/379852\/revisions"}],"predecessor-version":[{"id":379855,"href":"https:\/\/notinor.com\/jujuy\/wp-json\/wp\/v2\/posts\/379852\/revisions\/379855"}],"wp:featuredmedia":[{"embeddable":true,"href":"https:\/\/notinor.com\/jujuy\/wp-json\/wp\/v2\/media\/379853"}],"wp:attachment":[{"href":"https:\/\/notinor.com\/jujuy\/wp-json\/wp\/v2\/media?parent=379852"}],"wp:term":[{"taxonomy":"category","embeddable":true,"href":"https:\/\/notinor.com\/jujuy\/wp-json\/wp\/v2\/categories?post=379852"},{"taxonomy":"post_tag","embeddable":true,"href":"https:\/\/notinor.com\/jujuy\/wp-json\/wp\/v2\/tags?post=379852"}],"curies":[{"name":"wp","href":"https:\/\/api.w.org\/{rel}","templated":true}]}}