{"id":379834,"date":"2023-05-19T12:31:09","date_gmt":"2023-05-19T15:31:09","guid":{"rendered":"https:\/\/notinor.com\/jujuy\/?p=379834"},"modified":"2023-05-19T12:31:11","modified_gmt":"2023-05-19T15:31:11","slug":"maria-becerra-presento-te-cura-su-tema-para-rapidos-y-furiosos-x","status":"publish","type":"post","link":"https:\/\/notinor.com\/jujuy\/maria-becerra-presento-te-cura-su-tema-para-rapidos-y-furiosos-x\/","title":{"rendered":"Mar\u00eda Becerra present\u00f3 \u201cTe cura\u201d, su tema para \u201cR\u00e1pidos y Furiosos X\u201d"},"content":{"rendered":"\n<p class=\"has-medium-font-size\"><strong><em>La \u201cnena de Argentina\u201d presenta parte del soundtrack de la d\u00e9cima entrega de la franquicia de acci\u00f3n protagonizada por Vin Diesel y Michelle Rodr\u00edguez.<\/em><\/strong><\/p>\n\n\n<div class=\"wp-block-image\">\n<figure class=\"aligncenter size-full\"><img decoding=\"async\" loading=\"lazy\" width=\"800\" height=\"429\" src=\"https:\/\/notinor.com\/jujuy\/wp-content\/uploads\/2023\/05\/maria-2.jpg\" alt=\"\" class=\"wp-image-379835\" srcset=\"https:\/\/notinor.com\/jujuy\/wp-content\/uploads\/2023\/05\/maria-2.jpg 800w, https:\/\/notinor.com\/jujuy\/wp-content\/uploads\/2023\/05\/maria-2-660x354.jpg 660w, https:\/\/notinor.com\/jujuy\/wp-content\/uploads\/2023\/05\/maria-2-768x412.jpg 768w, https:\/\/notinor.com\/jujuy\/wp-content\/uploads\/2023\/05\/maria-2-750x402.jpg 750w\" sizes=\"(max-width: 800px) 100vw, 800px\" \/><\/figure><\/div>\n\n\n<p><strong>Mar\u00eda Becerra, una de las artistas argentinas de mayor proyecci\u00f3n internacional de los \u00faltimos a\u00f1os, present\u00f3 \u201cTe cura\u201d, parte del soundtrack de \u201cR\u00e1pidos y furiosos X\u201d<\/strong>, la d\u00e9cima entrega de la franquicia de acci\u00f3n protagonizada por Vin Diesel y Michelle Rodr\u00edguez, con quienes socializ\u00f3 en un encuentro promocional de la pel\u00edcula junto a colegas como J Balvin y la cantante brasile\u00f1a Ludmilla.<\/p>\n\n\n\n<p>El tema, que lleg\u00f3 a plataformas digitales esta madrugada y cuyo clip desembarcar\u00e1 en la noche de este viernes a las 20 en YouTube, es parte de la banda de sonido del tanque hollywoodense y le posibilit\u00f3 a Becerra el encuentro con las estrellas de la saga.<\/p>\n\n\n\n<p>\u201cFue un honor haberlos conocido a los dos. Son grandes personas, con una humildad tremenda y muy simp\u00e1ticos. Se notaba que nos quer\u00edan hacer sentir muy c\u00f3modos a los artistas y todos los que est\u00e1bamos ah\u00ed. Encontrar esa gente en un ambiente tan complicado como Hollywood es una bendici\u00f3n\u201d, dijo la cantante en una entrevista con T\u00e9lam.<\/p>\n\n\n\n<p>Becerra cont\u00f3 adem\u00e1s sobre sus charlas con Michelle Rodr\u00edguez, texana pero de ra\u00edces dominicanas y puertorrique\u00f1as: \u201cHabl\u00e1bamos en espa\u00f1ol y la conversaci\u00f3n flu\u00eda s\u00faper bien. Me preguntaba cosas normales, como por mi familia y c\u00f3mo estaba yo. Y si me gustaba el mate. Vin Diesel tambi\u00e9n tiraba algunas palabras en espa\u00f1ol. Muy simp\u00e1tico, muy respetuoso con la cultura, el idioma y con todo\u201d.<\/p>\n\n\n\n<p>\u201cDe la pel\u00edcula solo conoc\u00ed a Vin y Michelle y ese mismo d\u00eda nos encontramos con J Balvin y Ludmilla, que tambi\u00e9n forman parte del soundtrack. Fue mi primera vez conociendo a Ludmila y un reencuentro con J Balvin\u201d agreg\u00f3.<\/p>\n\n\n\n<figure class=\"wp-block-embed is-type-video is-provider-youtube wp-block-embed-youtube wp-embed-aspect-4-3 wp-has-aspect-ratio\"><div class=\"wp-block-embed__wrapper\">\n<div class=\"jeg_video_container jeg_video_content\"><iframe loading=\"lazy\" title=\"Te Cura\" width=\"500\" height=\"375\" src=\"https:\/\/www.youtube.com\/embed\/9WaReBE7fVM?feature=oembed\" frameborder=\"0\" allow=\"accelerometer; autoplay; clipboard-write; encrypted-media; gyroscope; picture-in-picture; web-share\" allowfullscreen><\/iframe><\/div>\n<\/div><\/figure>\n","protected":false},"excerpt":{"rendered":"<p>La \u201cnena de Argentina\u201d presenta parte del soundtrack de la d\u00e9cima entrega de la franquicia de acci\u00f3n protagonizada por Vin Diesel y Michelle Rodr\u00edguez. Mar\u00eda Becerra, una de las artistas argentinas de mayor proyecci\u00f3n internacional de los \u00faltimos a\u00f1os, present\u00f3 \u201cTe cura\u201d, parte del soundtrack de \u201cR\u00e1pidos y furiosos X\u201d, la d\u00e9cima entrega de la [&hellip;]<\/p>\n","protected":false},"author":5,"featured_media":379835,"comment_status":"open","ping_status":"open","sticky":false,"template":"","format":"standard","meta":{"_stopmodifiedupdate":false,"_modified_date":"","inline_featured_image":false,"spay_email":"","jetpack_publicize_message":""},"categories":[21],"tags":[],"jetpack_featured_media_url":"https:\/\/notinor.com\/jujuy\/wp-content\/uploads\/2023\/05\/maria-2.jpg","jetpack_publicize_connections":[],"_links":{"self":[{"href":"https:\/\/notinor.com\/jujuy\/wp-json\/wp\/v2\/posts\/379834"}],"collection":[{"href":"https:\/\/notinor.com\/jujuy\/wp-json\/wp\/v2\/posts"}],"about":[{"href":"https:\/\/notinor.com\/jujuy\/wp-json\/wp\/v2\/types\/post"}],"author":[{"embeddable":true,"href":"https:\/\/notinor.com\/jujuy\/wp-json\/wp\/v2\/users\/5"}],"replies":[{"embeddable":true,"href":"https:\/\/notinor.com\/jujuy\/wp-json\/wp\/v2\/comments?post=379834"}],"version-history":[{"count":1,"href":"https:\/\/notinor.com\/jujuy\/wp-json\/wp\/v2\/posts\/379834\/revisions"}],"predecessor-version":[{"id":379836,"href":"https:\/\/notinor.com\/jujuy\/wp-json\/wp\/v2\/posts\/379834\/revisions\/379836"}],"wp:featuredmedia":[{"embeddable":true,"href":"https:\/\/notinor.com\/jujuy\/wp-json\/wp\/v2\/media\/379835"}],"wp:attachment":[{"href":"https:\/\/notinor.com\/jujuy\/wp-json\/wp\/v2\/media?parent=379834"}],"wp:term":[{"taxonomy":"category","embeddable":true,"href":"https:\/\/notinor.com\/jujuy\/wp-json\/wp\/v2\/categories?post=379834"},{"taxonomy":"post_tag","embeddable":true,"href":"https:\/\/notinor.com\/jujuy\/wp-json\/wp\/v2\/tags?post=379834"}],"curies":[{"name":"wp","href":"https:\/\/api.w.org\/{rel}","templated":true}]}}