{"id":379831,"date":"2023-05-19T12:13:38","date_gmt":"2023-05-19T15:13:38","guid":{"rendered":"https:\/\/notinor.com\/jujuy\/?p=379831"},"modified":"2023-05-19T12:13:39","modified_gmt":"2023-05-19T15:13:39","slug":"la-importacion-de-ropa-crecio-72-en-el-primer-trimestre-pero-el-sector-sigue-liderando-el-ranking-de-inflacion","status":"publish","type":"post","link":"https:\/\/notinor.com\/jujuy\/la-importacion-de-ropa-crecio-72-en-el-primer-trimestre-pero-el-sector-sigue-liderando-el-ranking-de-inflacion\/","title":{"rendered":"La importaci\u00f3n de ropa creci\u00f3 72% en el primer trimestre, pero el sector sigue liderando el ranking de inflaci\u00f3n"},"content":{"rendered":"\n<p class=\"has-medium-font-size\"><strong><em>Son datos recabados por la Fundaci\u00f3n Pro Tejer, que volvi\u00f3 a remarcar que la industria no es la culpable de la alta suba de precios. En abril, el aumento que reflej\u00f3 el Indec fue del 10,8%<\/em><\/strong><\/p>\n\n\n\n<p><\/p>\n\n\n<div class=\"wp-block-image\">\n<figure class=\"aligncenter size-large\"><img decoding=\"async\" loading=\"lazy\" width=\"720\" height=\"480\" src=\"https:\/\/notinor.com\/jujuy\/wp-content\/uploads\/2023\/05\/image-162-720x480.png\" alt=\"\" class=\"wp-image-379832\" srcset=\"https:\/\/notinor.com\/jujuy\/wp-content\/uploads\/2023\/05\/image-162-720x480.png 720w, https:\/\/notinor.com\/jujuy\/wp-content\/uploads\/2023\/05\/image-162-548x365.png 548w, https:\/\/notinor.com\/jujuy\/wp-content\/uploads\/2023\/05\/image-162-750x500.png 750w, https:\/\/notinor.com\/jujuy\/wp-content\/uploads\/2023\/05\/image-162.png 768w\" sizes=\"(max-width: 720px) 100vw, 720px\" \/><\/figure><\/div>\n\n\n<p><\/p>\n\n\n\n<p><strong>\u201cLa importaci\u00f3n de prendas ha sido muy baja en los \u00faltimos a\u00f1os. <\/strong>Tal vez, si hubiera entrado m\u00e1s producto del exterior, los precios de la ropa no ser\u00edan tan altos\u201d, reconoci\u00f3 un importante referente del sector de la indumentaria. De todos modos, <strong>las estad\u00edsticas oficiales muestran que este a\u00f1o hubo un crecimiento fuerte en las importaciones de producto terminado, a pesar de la cr\u00edtica escasez de divisas.<\/strong><\/p>\n\n\n\n<p>Los industriales textiles adjudican parte del<strong> efecto inflacionario a este fen\u00f3meno,<\/strong> a ra\u00edz de la alta incertidumbre que existe en materia cambiaria y la \u201cespeculaci\u00f3n\u201d de algunos comerciantes, pero en el sector de la indumentaria aseguran que la principal causa de que los precios suban es la escasez. Afirman que no sobra mercader\u00eda, a pesar de que reconocen que hubo un aumento de las prendas importadas respecto del primer trimestre del a\u00f1o pasado.<\/p>\n\n\n\n<p>Los datos que reflejan este crecimiento fueron informados por la Fundaci\u00f3n Pro Tejer y tambi\u00e9n ser\u00e1n compartidos por sus directivos con el Gobierno. Concretamente, <strong>entre enero y marzo de este a\u00f1o, las importaciones de prendas de vestir crecieron, en toneladas, un 74% respecto del mismo per\u00edodo de 2022, <\/strong>frente a una ca\u00edda del 50% en el ingreso de hilados y del casi 40% en tejidos. A su vez, si s\u00f3lo se considera marzo, el alza interanual trep\u00f3 al 167% y de 220% respecto de las de febrero, de acuerdo con el informe.<\/p>\n\n\n\n<p>\u201cEl impacto del crecimiento de los precios en el rubro de indumentaria se da en un<strong> contexto de fuerte crecimiento de las importaciones de prendas de vestir,<\/strong> que no dejaron de crecer en un contexto de ca\u00edda de las importaciones textiles en general (en total, la baja fue del 33% en el trimestre, en toneladas)\u201d, destaca el documento de la fundaci\u00f3n.<\/p>\n\n\n\n<p>Adem\u00e1s, agrega que la suba de los precios se da en un \u201ccontexto de estancado nivel de producci\u00f3n industrial y bajo uso de su capacidad instalada, as\u00ed como de respeto al acuerdo de precios firmado con el gobierno por parte de los proveedores de insumos textiles\u201d. \u201cLos aumentos de precios parecer\u00edan estar relacionados con maniobras comerciales, ajustes por los movimientos del tipo de cambio, y otros motivos que se encuentran ajenos al comportamiento y evoluci\u00f3n de la industria productora de insumos industriales\u201d, sostiene la entidad que dirige Luciano Galfione.<\/p>\n\n\n\n<p>El IPC de prendas y calzado muestra una <strong>variaci\u00f3n acumulada de 28,9% e<\/strong>n el primer cuatrimestre, con los \u00faltimos dos meses con los mayores incrementos mensuales (marzo, 9,4%; y abril, 10,8%) debido al cambio de temporada. El informe de Pro Tejer remarca que si bien el rubro fue el de mayor crecimiento el mes pasado, en el acumulado de los cuatro meses se encuentra por debajo del IPC general y del IPC de alimentos, que ya lleva tres meses consecutivos con variaciones mensuales superiores al 9%.<\/p>\n\n\n\n<p>En el rubro de indumentaria reconocen que la actividad comenz\u00f3 a estancarse, pero aseguran que los primeros eslabones de la cadena son los que m\u00e1s se est\u00e1n sintiendo por ahora. En el caso de la ropa, la financiaci\u00f3n y las promociones -que no mide el Indec- todav\u00eda sostienen las ventas, aunque no en todos los casos. Afirman que todav\u00eda no sobra ropa y que cuando eso pase los precios bajar\u00e1n. De hecho, ya hay muchas marcas -las de chicos, por ejemplo- que hacen permanentemente promos para vender (2x1, 3x2 o descuento de hasta 50%).<\/p>\n\n\n\n<p><strong>La industria textil est\u00e1 cumpliendo con el acuerdo de precios de 3,2% mensual hasta el 30 de junio. <\/strong>Pero como en enero la suba fue de 5,8% y en febrero, de 7%, el acumulado de aumento hasta abril es de 20,6%. \u201cLos fabricantes de insumos textiles han cumplido con el cronograma acordado, lo que se ha visto reflejado en el dato del IPIM (precios mayoristas), que muestra una variaci\u00f3n acumulada para los productos textiles del 19,1%. Este n\u00famero no s\u00f3lo es inferior al acumulado acordado, sino que tambi\u00e9n es inferior a la variaci\u00f3n acumulada del d\u00f3lar oficial a ese per\u00edodo (23,9%), a la de la inflaci\u00f3n mayorista de productos manufacturados (25,9%) y al de la inflaci\u00f3n general (32%)\u201d, asegur\u00f3 la entidad.<\/p>\n","protected":false},"excerpt":{"rendered":"<p>Son datos recabados por la Fundaci\u00f3n Pro Tejer, que volvi\u00f3 a remarcar que la industria no es la culpable de la alta suba de precios. En abril, el aumento que reflej\u00f3 el Indec fue del 10,8% \u201cLa importaci\u00f3n de prendas ha sido muy baja en los \u00faltimos a\u00f1os. Tal vez, si hubiera entrado m\u00e1s producto [&hellip;]<\/p>\n","protected":false},"author":37,"featured_media":379832,"comment_status":"open","ping_status":"open","sticky":false,"template":"","format":"standard","meta":{"_stopmodifiedupdate":false,"_modified_date":"","inline_featured_image":false,"spay_email":"","jetpack_publicize_message":""},"categories":[676],"tags":[],"jetpack_featured_media_url":"https:\/\/notinor.com\/jujuy\/wp-content\/uploads\/2023\/05\/image-162.png","jetpack_publicize_connections":[],"_links":{"self":[{"href":"https:\/\/notinor.com\/jujuy\/wp-json\/wp\/v2\/posts\/379831"}],"collection":[{"href":"https:\/\/notinor.com\/jujuy\/wp-json\/wp\/v2\/posts"}],"about":[{"href":"https:\/\/notinor.com\/jujuy\/wp-json\/wp\/v2\/types\/post"}],"author":[{"embeddable":true,"href":"https:\/\/notinor.com\/jujuy\/wp-json\/wp\/v2\/users\/37"}],"replies":[{"embeddable":true,"href":"https:\/\/notinor.com\/jujuy\/wp-json\/wp\/v2\/comments?post=379831"}],"version-history":[{"count":1,"href":"https:\/\/notinor.com\/jujuy\/wp-json\/wp\/v2\/posts\/379831\/revisions"}],"predecessor-version":[{"id":379833,"href":"https:\/\/notinor.com\/jujuy\/wp-json\/wp\/v2\/posts\/379831\/revisions\/379833"}],"wp:featuredmedia":[{"embeddable":true,"href":"https:\/\/notinor.com\/jujuy\/wp-json\/wp\/v2\/media\/379832"}],"wp:attachment":[{"href":"https:\/\/notinor.com\/jujuy\/wp-json\/wp\/v2\/media?parent=379831"}],"wp:term":[{"taxonomy":"category","embeddable":true,"href":"https:\/\/notinor.com\/jujuy\/wp-json\/wp\/v2\/categories?post=379831"},{"taxonomy":"post_tag","embeddable":true,"href":"https:\/\/notinor.com\/jujuy\/wp-json\/wp\/v2\/tags?post=379831"}],"curies":[{"name":"wp","href":"https:\/\/api.w.org\/{rel}","templated":true}]}}