{"id":376842,"date":"2023-04-18T08:10:00","date_gmt":"2023-04-18T11:10:00","guid":{"rendered":"https:\/\/notinor.com\/jujuy\/?p=376842"},"modified":"2023-04-18T09:59:10","modified_gmt":"2023-04-18T12:59:10","slug":"quiroz-isolina","status":"publish","type":"post","link":"https:\/\/notinor.com\/jujuy\/quiroz-isolina\/","title":{"rendered":"QUIROZ, Isolina"},"content":{"rendered":"\n<p><strong>Falleci\u00f3 el d\u00eda 16 de abril de 2023. C.A.S.R. y B.P., a la edad de 59 a\u00f1os, en S.S. de Jujuy. \u201cCon tu triste partida toda tu familia se enluta\u201d. Su esposo :Luis Antonio Mora; sus hijos: Adri\u00e1n, Sergio, Claudio, Juan, Luis, Emanuel, Mat\u00edas y Daiana; sus 17 nietos; sus hermanos: Orlando, Oscar y Jos\u00e9, dem\u00e1s familiares y amigos participan con profundo dolor su fallecimiento y comunican que sus restos fueron velados en calle Venezuela 1.044 B\u00b0 G\u00fcemes, Palpal\u00e1 y fueron inhumados ayer 17 de abril en el cementerio Virgen de Paypaya. Palpal\u00e1. La familia agradece a todas las personas piadosas que los acompa\u00f1an en estos momentos de profundo dolor y tristeza. Se ruega elevar una plegaria para el eterno descanso de su alma. Exequias y ceremonial empresa Werchow Servicios Sociales SRL., Independencia 1185. S.S. de Jujuy. Tel. guardia 4228433. Celular guardia 24 horas 388-154177373.<\/strong><\/p>\n","protected":false},"excerpt":{"rendered":"<p>Falleci\u00f3 el d\u00eda 16 de abril de 2023. C.A.S.R. y B.P., a la edad de 59 a\u00f1os, en S.S. de Jujuy. \u201cCon tu triste partida toda tu familia se enluta\u201d. Su esposo :Luis Antonio Mora; sus hijos: Adri\u00e1n, Sergio, Claudio, Juan, Luis, Emanuel, Mat\u00edas y Daiana; sus 17 nietos; sus hermanos: Orlando, Oscar y Jos\u00e9, [&hellip;]<\/p>\n","protected":false},"author":5,"featured_media":129720,"comment_status":"open","ping_status":"open","sticky":false,"template":"","format":"standard","meta":{"_stopmodifiedupdate":false,"_modified_date":"","inline_featured_image":false,"spay_email":"","jetpack_publicize_message":""},"categories":[523],"tags":[],"jetpack_featured_media_url":"https:\/\/notinor.com\/jujuy\/wp-content\/uploads\/2017\/08\/Obituarios1.jpg","jetpack_publicize_connections":[],"_links":{"self":[{"href":"https:\/\/notinor.com\/jujuy\/wp-json\/wp\/v2\/posts\/376842"}],"collection":[{"href":"https:\/\/notinor.com\/jujuy\/wp-json\/wp\/v2\/posts"}],"about":[{"href":"https:\/\/notinor.com\/jujuy\/wp-json\/wp\/v2\/types\/post"}],"author":[{"embeddable":true,"href":"https:\/\/notinor.com\/jujuy\/wp-json\/wp\/v2\/users\/5"}],"replies":[{"embeddable":true,"href":"https:\/\/notinor.com\/jujuy\/wp-json\/wp\/v2\/comments?post=376842"}],"version-history":[{"count":1,"href":"https:\/\/notinor.com\/jujuy\/wp-json\/wp\/v2\/posts\/376842\/revisions"}],"predecessor-version":[{"id":376843,"href":"https:\/\/notinor.com\/jujuy\/wp-json\/wp\/v2\/posts\/376842\/revisions\/376843"}],"wp:featuredmedia":[{"embeddable":true,"href":"https:\/\/notinor.com\/jujuy\/wp-json\/wp\/v2\/media\/129720"}],"wp:attachment":[{"href":"https:\/\/notinor.com\/jujuy\/wp-json\/wp\/v2\/media?parent=376842"}],"wp:term":[{"taxonomy":"category","embeddable":true,"href":"https:\/\/notinor.com\/jujuy\/wp-json\/wp\/v2\/categories?post=376842"},{"taxonomy":"post_tag","embeddable":true,"href":"https:\/\/notinor.com\/jujuy\/wp-json\/wp\/v2\/tags?post=376842"}],"curies":[{"name":"wp","href":"https:\/\/api.w.org\/{rel}","templated":true}]}}