{"id":376792,"date":"2023-04-18T08:45:00","date_gmt":"2023-04-18T11:45:00","guid":{"rendered":"https:\/\/notinor.com\/jujuy\/?p=376792"},"modified":"2023-04-17T20:49:53","modified_gmt":"2023-04-17T23:49:53","slug":"los-pumas-cambiaron-su-historico-logo-los-motivos-detras-de-la-desaparicion-del-yaguarete-de-la-camiseta-de-la-seleccion-argentina-de-rugby","status":"publish","type":"post","link":"https:\/\/notinor.com\/jujuy\/los-pumas-cambiaron-su-historico-logo-los-motivos-detras-de-la-desaparicion-del-yaguarete-de-la-camiseta-de-la-seleccion-argentina-de-rugby\/","title":{"rendered":"Los Pumas cambiaron su hist\u00f3rico logo: los motivos detr\u00e1s de la desaparici\u00f3n del yaguaret\u00e9 de la camiseta de la selecci\u00f3n argentina de rugby"},"content":{"rendered":"\n<p class=\"has-medium-font-size\"><strong><em>La Uni\u00f3n Argentina de Rugby (UAR) tambi\u00e9n modific\u00f3 su cl\u00e1sico escudo y retir\u00f3 al distintivo animal que representa a los equipos nacionales<\/em><\/strong><\/p>\n\n\n\n<p><\/p>\n\n\n<div class=\"wp-block-image\">\n<figure class=\"aligncenter size-large\"><img decoding=\"async\" loading=\"lazy\" width=\"840\" height=\"473\" src=\"https:\/\/notinor.com\/jujuy\/wp-content\/uploads\/2023\/04\/image-178-840x473.png\" alt=\"\" class=\"wp-image-376793\" srcset=\"https:\/\/notinor.com\/jujuy\/wp-content\/uploads\/2023\/04\/image-178-840x473.png 840w, https:\/\/notinor.com\/jujuy\/wp-content\/uploads\/2023\/04\/image-178-649x365.png 649w, https:\/\/notinor.com\/jujuy\/wp-content\/uploads\/2023\/04\/image-178-768x432.png 768w, https:\/\/notinor.com\/jujuy\/wp-content\/uploads\/2023\/04\/image-178-750x422.png 750w, https:\/\/notinor.com\/jujuy\/wp-content\/uploads\/2023\/04\/image-178.png 992w\" sizes=\"(max-width: 840px) 100vw, 840px\" \/><\/figure><\/div>\n\n\n<p><\/p>\n\n\n\n<p>La\u00a0<strong>Uni\u00f3n Argentina de Rugby<\/strong>\u00a0(UAR) tom\u00f3 una decisi\u00f3n hist\u00f3rica al anunciar el cambio del logo de\u00a0<strong>Los Pumas<\/strong>\u00a0y otros equipos representativos nacionales. Este lunes 17 de abril, la entidad que regula el deporte de la pelota ovalada en el pa\u00eds present\u00f3 la \u201cnueva identidad de los seleccionados\u201d, a la vez que los cambios tambi\u00e9n afectaron al cl\u00e1sico escudo de la instituci\u00f3n.<\/p>\n\n\n\n<p><strong>\u201c\u00a1M\u00e1s Pumas que nunca! Estamos orgullosos de poder develar nuestra nueva insignia. Es la que luciremos con mucho orgullo en la camiseta, cada vez que nos toque representar a nuestro pa\u00eds. \u00a1Somos Los Pumas!\u201d<\/strong>, escribieron a modo de presentaci\u00f3n desde la cuenta oficial del seleccionado argentino de rugby junto al nuevo escudo que no es nada menos que la figura del animal, pero sin las manchas caracter\u00edsticas del yaguaret\u00e9.<\/p>\n\n\n\n<p>Este cambio de identidad tambi\u00e9n se vio reflejado en los otros equipos como&nbsp;<strong>Pumas Seven<\/strong>,&nbsp;<strong>Pumitas&nbsp;<\/strong>(tendr\u00e1n el mismo que Los Pumas) y&nbsp;<strong>Las Yaguaret\u00e9s<\/strong>, el seleccionado femenino de rugby que s\u00ed tendr\u00e1 la figura del animal aut\u00f3ctono de la Argentina, con un tono anaranjado con manchas negras. En tanto que los otros equipos y franquicias como&nbsp;<strong>Argentina XV<\/strong>,&nbsp;<strong>Jaguares<\/strong>,&nbsp;<strong>Pampas<\/strong>&nbsp;y<strong>&nbsp;Dogos XV<\/strong>&nbsp;tambi\u00e9n actualizaron sus distintivo.<\/p>\n\n\n\n<p>El presidente de la UAR,\u00a0<strong>Gabriel Travaglini<\/strong>, explic\u00f3 en un comunicado los motivos de un cambio que gener\u00f3 repercusiones. \u201cEn los \u00faltimos tiempos la Uni\u00f3n Argentina de Rugby ha crecido en varios aspectos, adem\u00e1s del juego, con nuevas plataformas, equipos, desarrollo, comunicaci\u00f3n, entre otros; por todo esto, en nuestra imagen producimos un cambio de identidad, donde definimos un logo corporativo para ser utilizado por todos los miembros de la Uni\u00f3n. Definido esto,\u00a0<strong>el siguiente paso nos llev\u00f3 a volver a nuestros or\u00edgenes<\/strong>, donde el emblema que nos identifica desde la hist\u00f3rica gira de 1965, era utilizado solamente por nuestro seleccionado nacional de mayores, para que el Puma sea utilizado s\u00f3lo por los Pumas\u201d, argument\u00f3 el dirigente.<\/p>\n\n\n\n<p><\/p>\n\n\n<div class=\"wp-block-image\">\n<figure class=\"aligncenter size-large\"><img decoding=\"async\" loading=\"lazy\" width=\"360\" height=\"480\" src=\"https:\/\/notinor.com\/jujuy\/wp-content\/uploads\/2023\/04\/image-179-360x480.png\" alt=\"\" class=\"wp-image-376795\" srcset=\"https:\/\/notinor.com\/jujuy\/wp-content\/uploads\/2023\/04\/image-179-360x480.png 360w, https:\/\/notinor.com\/jujuy\/wp-content\/uploads\/2023\/04\/image-179-274x365.png 274w, https:\/\/notinor.com\/jujuy\/wp-content\/uploads\/2023\/04\/image-179-768x1024.png 768w, https:\/\/notinor.com\/jujuy\/wp-content\/uploads\/2023\/04\/image-179-750x1000.png 750w, https:\/\/notinor.com\/jujuy\/wp-content\/uploads\/2023\/04\/image-179.png 992w\" sizes=\"(max-width: 360px) 100vw, 360px\" \/><\/figure><\/div>\n\n\n<p><\/p>\n\n\n\n<p>Recapitulando, <strong>el origen del escudo tiene inicios en la mencionada gira por Sud\u00e1frica en 1965<\/strong>. La camiseta de aquel equipo de la Argentina ten\u00eda como s\u00edmbolo el yaguaret\u00e9. La historia cuenta que un periodista local comenz\u00f3 a llamar al representativo americano como \u201cLos Pumas\u201d, ya que el nombre original del equipo le resultaba muy complejo para pronunciar y escribir. Y as\u00ed qued\u00f3 para la posteridad la nueva denominaci\u00f3n del elenco albiceleste.<\/p>\n\n\n\n<p>De esta manera, de cara a los partidos de Los Pumas por el Rugby Championship ante los All Blacks (8 de julio en Mendoza) y 5 de agosto frente a los Springboks en V\u00e9lez Sarsfield, se podr\u00e1 ver el nuevo dise\u00f1o de camiseta con el flamante logotipo.<\/p>\n\n\n\n<p><\/p>\n\n\n<div class=\"wp-block-image\">\n<figure class=\"aligncenter size-large\"><img decoding=\"async\" loading=\"lazy\" width=\"560\" height=\"480\" src=\"https:\/\/notinor.com\/jujuy\/wp-content\/uploads\/2023\/04\/image-180-560x480.png\" alt=\"\" class=\"wp-image-376796\" srcset=\"https:\/\/notinor.com\/jujuy\/wp-content\/uploads\/2023\/04\/image-180-560x480.png 560w, https:\/\/notinor.com\/jujuy\/wp-content\/uploads\/2023\/04\/image-180-426x365.png 426w, https:\/\/notinor.com\/jujuy\/wp-content\/uploads\/2023\/04\/image-180-768x658.png 768w, https:\/\/notinor.com\/jujuy\/wp-content\/uploads\/2023\/04\/image-180-750x643.png 750w, https:\/\/notinor.com\/jujuy\/wp-content\/uploads\/2023\/04\/image-180.png 992w\" sizes=\"(max-width: 560px) 100vw, 560px\" \/><\/figure><\/div>\n\n\n<p class=\"has-medium-font-size\">Los nuevos logos de los distintos seleccionados argentinos de rugby que present\u00f3 la UAR<\/p>\n\n\n\n<p><\/p>\n\n\n<div class=\"wp-block-image\">\n<figure class=\"aligncenter size-large\"><img decoding=\"async\" loading=\"lazy\" width=\"480\" height=\"480\" src=\"https:\/\/notinor.com\/jujuy\/wp-content\/uploads\/2023\/04\/image-181-480x480.png\" alt=\"\" class=\"wp-image-376797\" srcset=\"https:\/\/notinor.com\/jujuy\/wp-content\/uploads\/2023\/04\/image-181-480x480.png 480w, https:\/\/notinor.com\/jujuy\/wp-content\/uploads\/2023\/04\/image-181-365x365.png 365w, https:\/\/notinor.com\/jujuy\/wp-content\/uploads\/2023\/04\/image-181-768x768.png 768w, https:\/\/notinor.com\/jujuy\/wp-content\/uploads\/2023\/04\/image-181-75x75.png 75w, https:\/\/notinor.com\/jujuy\/wp-content\/uploads\/2023\/04\/image-181-750x750.png 750w, https:\/\/notinor.com\/jujuy\/wp-content\/uploads\/2023\/04\/image-181.png 992w\" sizes=\"(max-width: 480px) 100vw, 480px\" \/><\/figure><\/div>","protected":false},"excerpt":{"rendered":"<p>La Uni\u00f3n Argentina de Rugby (UAR) tambi\u00e9n modific\u00f3 su cl\u00e1sico escudo y retir\u00f3 al distintivo animal que representa a los equipos nacionales La\u00a0Uni\u00f3n Argentina de Rugby\u00a0(UAR) tom\u00f3 una decisi\u00f3n hist\u00f3rica al anunciar el cambio del logo de\u00a0Los Pumas\u00a0y otros equipos representativos nacionales. Este lunes 17 de abril, la entidad que regula el deporte de la [&hellip;]<\/p>\n","protected":false},"author":37,"featured_media":376793,"comment_status":"open","ping_status":"open","sticky":false,"template":"","format":"standard","meta":{"_stopmodifiedupdate":false,"_modified_date":"","inline_featured_image":false,"spay_email":"","jetpack_publicize_message":""},"categories":[7],"tags":[],"jetpack_featured_media_url":"https:\/\/notinor.com\/jujuy\/wp-content\/uploads\/2023\/04\/image-178.png","jetpack_publicize_connections":[],"_links":{"self":[{"href":"https:\/\/notinor.com\/jujuy\/wp-json\/wp\/v2\/posts\/376792"}],"collection":[{"href":"https:\/\/notinor.com\/jujuy\/wp-json\/wp\/v2\/posts"}],"about":[{"href":"https:\/\/notinor.com\/jujuy\/wp-json\/wp\/v2\/types\/post"}],"author":[{"embeddable":true,"href":"https:\/\/notinor.com\/jujuy\/wp-json\/wp\/v2\/users\/37"}],"replies":[{"embeddable":true,"href":"https:\/\/notinor.com\/jujuy\/wp-json\/wp\/v2\/comments?post=376792"}],"version-history":[{"count":1,"href":"https:\/\/notinor.com\/jujuy\/wp-json\/wp\/v2\/posts\/376792\/revisions"}],"predecessor-version":[{"id":376798,"href":"https:\/\/notinor.com\/jujuy\/wp-json\/wp\/v2\/posts\/376792\/revisions\/376798"}],"wp:featuredmedia":[{"embeddable":true,"href":"https:\/\/notinor.com\/jujuy\/wp-json\/wp\/v2\/media\/376793"}],"wp:attachment":[{"href":"https:\/\/notinor.com\/jujuy\/wp-json\/wp\/v2\/media?parent=376792"}],"wp:term":[{"taxonomy":"category","embeddable":true,"href":"https:\/\/notinor.com\/jujuy\/wp-json\/wp\/v2\/categories?post=376792"},{"taxonomy":"post_tag","embeddable":true,"href":"https:\/\/notinor.com\/jujuy\/wp-json\/wp\/v2\/tags?post=376792"}],"curies":[{"name":"wp","href":"https:\/\/api.w.org\/{rel}","templated":true}]}}