{"id":376769,"date":"2023-04-18T08:00:00","date_gmt":"2023-04-18T11:00:00","guid":{"rendered":"https:\/\/notinor.com\/jujuy\/?p=376769"},"modified":"2023-04-17T20:19:42","modified_gmt":"2023-04-17T23:19:42","slug":"el-impacto-de-la-sequia-sobre-el-complejo-soja-la-principal-fuente-de-divisas-de-la-economia-argentina","status":"publish","type":"post","link":"https:\/\/notinor.com\/jujuy\/el-impacto-de-la-sequia-sobre-el-complejo-soja-la-principal-fuente-de-divisas-de-la-economia-argentina\/","title":{"rendered":"El impacto de la sequ\u00eda sobre el complejo soja, la principal fuente de divisas de la econom\u00eda argentina"},"content":{"rendered":"\n<p class=\"has-medium-font-size\"><strong><em>Las consecuencias del clima adverso hacen que este sea el peor momento de los \u00faltimos a\u00f1os en materia de p\u00e9rdida, rendimientos, producci\u00f3n, exportaciones y procesamiento industrial de la materia prima.<\/em><\/strong><\/p>\n\n\n\n<p><\/p>\n\n\n<div class=\"wp-block-image\">\n<figure class=\"aligncenter size-large\"><img decoding=\"async\" loading=\"lazy\" width=\"640\" height=\"480\" src=\"https:\/\/notinor.com\/jujuy\/wp-content\/uploads\/2023\/04\/image-167-640x480.png\" alt=\"\" class=\"wp-image-376770\" srcset=\"https:\/\/notinor.com\/jujuy\/wp-content\/uploads\/2023\/04\/image-167-640x480.png 640w, https:\/\/notinor.com\/jujuy\/wp-content\/uploads\/2023\/04\/image-167-487x365.png 487w, https:\/\/notinor.com\/jujuy\/wp-content\/uploads\/2023\/04\/image-167-768x576.png 768w, https:\/\/notinor.com\/jujuy\/wp-content\/uploads\/2023\/04\/image-167-750x563.png 750w, https:\/\/notinor.com\/jujuy\/wp-content\/uploads\/2023\/04\/image-167.png 992w\" sizes=\"(max-width: 640px) 100vw, 640px\" \/><\/figure><\/div>\n\n\n<p><\/p>\n\n\n\n<p>En t\u00e9rminos econ\u00f3micos la semana que est\u00e1 quedando atr\u00e1s, no arroj\u00f3 resultados positivos para el Gobierno:<strong> la inflaci\u00f3n de marzo fue del 7,7% y con m\u00e1s de 104% interanual, el d\u00f3lar libre lleg\u00f3 a los $400, el d\u00f3lar agro tuvo un flojo arranque en materia de comercializaci\u00f3n por parte de los productores, y la hist\u00f3rica sequ\u00eda que est\u00e1 generando enormes p\u00e9rdidas productivas y econ\u00f3micas<\/strong>, reflejadas en el ajuste a la baja que realiz\u00f3 la Bolsa de Comercio de Rosario sus estimaciones de cosecha de soja y ma\u00edz.<\/p>\n\n\n\n<p>\u201cLa sequ\u00eda es un\u00a0<em>game changer<\/em>\u201d, reconoci\u00f3 el viernes pasado\u00a0<strong>Gita Gopinath<\/strong>, la vicedirectora gerente del Fondo Monetario Internacional (FMI), ni bien comenz\u00f3 la reuni\u00f3n con\u00a0<strong>Sergio Massa<\/strong>, el ministro de econom\u00eda argentino, en los Estados Unidos. Por tal motivo, el FMI y el Gobierno acordaron trabajar para redefinir metas del acuerdo de \u201cFacilidades Extendidas\u201d. <\/p>\n\n\n\n<p><strong>Hay preocupaci\u00f3n entre las partes por el impacto negativo de las condiciones clim\u00e1ticas adversas que afectaron al campo en los \u00faltimos a\u00f1os<\/strong>, y que est\u00e1n provocando un cimbronazo muy importante en una actividad econ\u00f3mica del pa\u00eds cada vez m\u00e1s complicada. Y los n\u00fameros de la sequ\u00eda, se reflejan en el momento cr\u00edtico por el que est\u00e1 atravesando el principal generador de divisas del pa\u00eds: el complejo sojero.<\/p>\n\n\n\n<p>Esta semana desde diferentes \u00e1mbitos se publicaron datos que muestran un presente y proyectan un futuro muy complejo para la cadena de la soja. Los mismos se resumen en los siguientes cuatro aspectos destacados.<\/p>\n\n\n\n<h2 class=\"has-medium-font-size\"><strong>1. \u00c1rea perdida y rendimientos<\/strong><\/h2>\n\n\n\n<p>Seg\u00fan un informe de la\u00a0<strong>Gu\u00eda Estrat\u00e9gica para el Agro de la Bolsa de Comercio de Rosario<\/strong>\u00a0(Red Gea), la\u00a0<strong>superficie perdida<\/strong>, es el \u00e1rea que no se va a cosechar, alcanza la cifra hist\u00f3rica de 3,58 millones de hect\u00e1reas y triplica pr\u00e1cticamente el m\u00e1ximo anterior de la campa\u00f1a 2015\/16, cuando fue de 1,22 millones de hect\u00e1reas. \u201cIncluso, hay que remarcar que, en aquel entonces, la superficie sembrada a nivel nacional superaba las 20 millones de hect\u00e1reas, mientras que en este \u00faltimo ciclo el \u00e1rea implantada alcanz\u00f3 cerca de 16 millones de hect\u00e1reas, por lo que la superficie perdida sobre el total implantado en este \u00faltimo ciclo es mucho mayor\u201d, explicaron los especialistas.<\/p>\n\n\n\n<p><\/p>\n\n\n<div class=\"wp-block-image\">\n<figure class=\"aligncenter size-large\"><img decoding=\"async\" loading=\"lazy\" width=\"640\" height=\"480\" src=\"https:\/\/notinor.com\/jujuy\/wp-content\/uploads\/2023\/04\/image-168-640x480.png\" alt=\"\" class=\"wp-image-376771\" srcset=\"https:\/\/notinor.com\/jujuy\/wp-content\/uploads\/2023\/04\/image-168-640x480.png 640w, https:\/\/notinor.com\/jujuy\/wp-content\/uploads\/2023\/04\/image-168-487x365.png 487w, https:\/\/notinor.com\/jujuy\/wp-content\/uploads\/2023\/04\/image-168-768x576.png 768w, https:\/\/notinor.com\/jujuy\/wp-content\/uploads\/2023\/04\/image-168-750x563.png 750w, https:\/\/notinor.com\/jujuy\/wp-content\/uploads\/2023\/04\/image-168.png 992w\" sizes=\"(max-width: 640px) 100vw, 640px\" \/><\/figure><\/div>\n\n\n<p><\/p>\n\n\n\n<p>A todo esto, se agreg\u00f3 que el&nbsp;<strong>rendimiento promedio nacional de cosecha<\/strong>, est\u00e1 estimado en el actual ciclo sojero en 18,56 quintales por hect\u00e1rea. Se trata del&nbsp;<strong>m\u00e1s bajo en m\u00e1s de 25 a\u00f1os<\/strong>&nbsp;y un 35% por debajo del promedio de las \u00faltimas cinco campa\u00f1as. Las zonas m\u00e1s complicadas por los bajos rendimientos en la cosecha de la oleaginosa son:&nbsp;<strong>C\u00f3rdoba<\/strong>, con 4,1 quintales por hect\u00e1rea menos que hace un mes, y un recorte de casi 2 millones de toneladas;&nbsp;<strong>Buenos Aires<\/strong>&nbsp;cae 2,3 quintales por hect\u00e1rea, descontando 1,6 millones de toneladas, y&nbsp;<strong>Santa Fe<\/strong>, con 14,6 quintales por hect\u00e1reas, casi 3 quintales menos que la estimaci\u00f3n del mes pasado, y con un descuento de 890.000 toneladas en el escenario de proyecci\u00f3n de producci\u00f3n total.<\/p>\n\n\n\n<h2 class=\"has-medium-font-size\"><strong>2. Producci\u00f3n<\/strong><\/h2>\n\n\n\n<p>Frente al impacto de la sequ\u00eda y tambi\u00e9n de la \u00faltima ola de calor, la\u00a0<strong>Bolsa de Comercio de Rosario\u00a0<\/strong>(BCR) public\u00f3 las estimaciones del presente mes sobre\u00a0<strong>producci\u00f3n\u00a0<\/strong>total. En el caso de la soja recort\u00f3 a la baja la misma en 4 millones de toneladas, y se pas\u00f3 de un escenario de 27 a 23 millones de toneladas. Adem\u00e1s, se determin\u00f3 que hasta el momento\u00a0<strong>se ha perdido el 53% de lo que se esperaba producir a principios de campa\u00f1a<\/strong>. \u201cLa novena ola de calor que comenz\u00f3 en los \u00faltimos d\u00edas de febrero y termin\u00f3 el domingo 19 de marzo fue de por s\u00ed un evento clim\u00e1tico catastr\u00f3fico para la soja y el ma\u00edz 2022\/23\u2033, dijeron desde la entidad.<\/p>\n\n\n\n<p><\/p>\n\n\n<div class=\"wp-block-image\">\n<figure class=\"aligncenter size-large\"><img decoding=\"async\" loading=\"lazy\" width=\"720\" height=\"480\" src=\"https:\/\/notinor.com\/jujuy\/wp-content\/uploads\/2023\/04\/image-169-720x480.png\" alt=\"\" class=\"wp-image-376772\" srcset=\"https:\/\/notinor.com\/jujuy\/wp-content\/uploads\/2023\/04\/image-169-720x480.png 720w, https:\/\/notinor.com\/jujuy\/wp-content\/uploads\/2023\/04\/image-169-548x365.png 548w, https:\/\/notinor.com\/jujuy\/wp-content\/uploads\/2023\/04\/image-169-768x512.png 768w, https:\/\/notinor.com\/jujuy\/wp-content\/uploads\/2023\/04\/image-169-750x500.png 750w, https:\/\/notinor.com\/jujuy\/wp-content\/uploads\/2023\/04\/image-169.png 992w\" sizes=\"(max-width: 720px) 100vw, 720px\" \/><\/figure><\/div>\n\n\n<p><\/p>\n\n\n\n<p>Pero adem\u00e1s, contemplando la situaci\u00f3n en la&nbsp;<strong>zona n\u00facleo<\/strong>, el coraz\u00f3n productivo de la Argentina, la BCR sostuvo que \u201cpor lejos, ser\u00e1 la producci\u00f3n m\u00e1s baja\u201d, de la mencionada regi\u00f3n, donde est\u00e1 estimando una cosecha total de 4,1 millones de toneladas contra los 19,18 millones de toneladas que se esperan en el inicio de la campa\u00f1a. Es decir, que se cosechar\u00e1 el 20% de lo que se proyectaba, con rendimientos de 14 quintales por hect\u00e1rea, frente a los 14,8 quintales por hect\u00e1rea de marzo pasado\u201d.<\/p>\n\n\n\n<h2 class=\"has-medium-font-size\"><strong>3. Exportaciones<\/strong><\/h2>\n\n\n\n<p>Con una menor producci\u00f3n de soja por el impacto negativo de las condiciones clim\u00e1ticas adversas, la Bolsa de Rosario redujo la estimaci\u00f3n de las&nbsp;<strong>exportaciones<\/strong>&nbsp;de grano a 2,5 millones de toneladas, lo que deja a la comercializaci\u00f3n de poroto de soja al mercado internacional,&nbsp;<strong>en los niveles m\u00e1s bajos desde mediados de los \u201890<\/strong>. Por otro lado, un \u00faltimo informe que public\u00f3 la mencionada entidad recort\u00f3 levemente la estimaci\u00f3n de stocks finales de la campa\u00f1a a 3 millones de toneladas, lo que presenta todo un desaf\u00edo de cara al empalme de cosechas del a\u00f1o pr\u00f3ximo.<\/p>\n\n\n\n<h2 class=\"has-medium-font-size\"><strong>4. Industria<\/strong><\/h2>\n\n\n\n<p>La ca\u00edda en la producci\u00f3n de\u00a0<strong>soja<\/strong>\u00a0por efecto de la\u00a0<strong>sequ\u00eda<\/strong>\u00a0tendr\u00e1 consecuencias directas sobre el volumen de procesamiento de la materia prima y habr\u00e1 una fuerte baja en la producci\u00f3n de aceite y harina de soja. Todo esto derivar\u00e1 en menores exportaciones de aceites y harinas, provocando una de las mayores ca\u00eddas en la participaci\u00f3n de nuestro pa\u00eds en el comercio mundial, volviendo a los niveles que ten\u00edamos en 1998. Mientras tanto,\u00a0<strong>Brasil<\/strong>\u00a0aumenta su participaci\u00f3n en el comercio mundial de ambos productos.<\/p>\n\n\n\n<p><\/p>\n\n\n<div class=\"wp-block-image\">\n<figure class=\"aligncenter size-large\"><img decoding=\"async\" loading=\"lazy\" width=\"480\" height=\"480\" src=\"https:\/\/notinor.com\/jujuy\/wp-content\/uploads\/2023\/04\/image-170-480x480.png\" alt=\"\" class=\"wp-image-376773\" srcset=\"https:\/\/notinor.com\/jujuy\/wp-content\/uploads\/2023\/04\/image-170-480x480.png 480w, https:\/\/notinor.com\/jujuy\/wp-content\/uploads\/2023\/04\/image-170-365x365.png 365w, https:\/\/notinor.com\/jujuy\/wp-content\/uploads\/2023\/04\/image-170-768x768.png 768w, https:\/\/notinor.com\/jujuy\/wp-content\/uploads\/2023\/04\/image-170-75x75.png 75w, https:\/\/notinor.com\/jujuy\/wp-content\/uploads\/2023\/04\/image-170-750x750.png 750w, https:\/\/notinor.com\/jujuy\/wp-content\/uploads\/2023\/04\/image-170.png 992w\" sizes=\"(max-width: 480px) 100vw, 480px\" \/><\/figure><\/div>\n\n\n<p><\/p>\n\n\n\n<p>En el informe, denominado el \u201cMonitor Agroindustrial\u201d, la C\u00e1mara de la Industria Aceitera (CIARA) se\u00f1al\u00f3 que durante febrero pasado la\u00a0<strong>molienda de soja<\/strong>\u00a0fue de 1.554.000 toneladas. Se trata de la menor cifra de molienda para dicho mes en los \u00faltimos 13 a\u00f1os. Adem\u00e1s, frente al derrumbe del procesamiento interno de la oleaginosa, como consecuencia de la sequ\u00eda y las alteraciones comerciales que provoc\u00f3 el \u201cd\u00f3lar soja\u201d, el \u00edndice de\u00a0<strong>\u201cUtilizaci\u00f3n Capacidad Instalada\u201d<\/strong>\u00a0se redujo un 6%, pasando del 32% en enero al 26% en febrero y ubic\u00e1ndose en el nivel m\u00e1s bajo de la historia en t\u00e9rminos comerciales. Por otro lado, el informe advirti\u00f3 sobre el\u00a0<strong>fuerte incremento de la capacidad osciosa<\/strong>, que actualmente es del 74%, y es el segundo registro de capacidad ociosa mas alto en la historia.<\/p>\n","protected":false},"excerpt":{"rendered":"<p>Las consecuencias del clima adverso hacen que este sea el peor momento de los \u00faltimos a\u00f1os en materia de p\u00e9rdida, rendimientos, producci\u00f3n, exportaciones y procesamiento industrial de la materia prima. En t\u00e9rminos econ\u00f3micos la semana que est\u00e1 quedando atr\u00e1s, no arroj\u00f3 resultados positivos para el Gobierno: la inflaci\u00f3n de marzo fue del 7,7% y con [&hellip;]<\/p>\n","protected":false},"author":37,"featured_media":376770,"comment_status":"open","ping_status":"open","sticky":false,"template":"","format":"standard","meta":{"_stopmodifiedupdate":false,"_modified_date":"","inline_featured_image":false,"spay_email":"","jetpack_publicize_message":""},"categories":[2542],"tags":[],"jetpack_featured_media_url":"https:\/\/notinor.com\/jujuy\/wp-content\/uploads\/2023\/04\/image-167.png","jetpack_publicize_connections":[],"_links":{"self":[{"href":"https:\/\/notinor.com\/jujuy\/wp-json\/wp\/v2\/posts\/376769"}],"collection":[{"href":"https:\/\/notinor.com\/jujuy\/wp-json\/wp\/v2\/posts"}],"about":[{"href":"https:\/\/notinor.com\/jujuy\/wp-json\/wp\/v2\/types\/post"}],"author":[{"embeddable":true,"href":"https:\/\/notinor.com\/jujuy\/wp-json\/wp\/v2\/users\/37"}],"replies":[{"embeddable":true,"href":"https:\/\/notinor.com\/jujuy\/wp-json\/wp\/v2\/comments?post=376769"}],"version-history":[{"count":1,"href":"https:\/\/notinor.com\/jujuy\/wp-json\/wp\/v2\/posts\/376769\/revisions"}],"predecessor-version":[{"id":376774,"href":"https:\/\/notinor.com\/jujuy\/wp-json\/wp\/v2\/posts\/376769\/revisions\/376774"}],"wp:featuredmedia":[{"embeddable":true,"href":"https:\/\/notinor.com\/jujuy\/wp-json\/wp\/v2\/media\/376770"}],"wp:attachment":[{"href":"https:\/\/notinor.com\/jujuy\/wp-json\/wp\/v2\/media?parent=376769"}],"wp:term":[{"taxonomy":"category","embeddable":true,"href":"https:\/\/notinor.com\/jujuy\/wp-json\/wp\/v2\/categories?post=376769"},{"taxonomy":"post_tag","embeddable":true,"href":"https:\/\/notinor.com\/jujuy\/wp-json\/wp\/v2\/tags?post=376769"}],"curies":[{"name":"wp","href":"https:\/\/api.w.org\/{rel}","templated":true}]}}