{"id":37643,"date":"2015-07-27T12:37:17","date_gmt":"2015-07-27T15:37:17","guid":{"rendered":"http:\/\/notinor.com\/jujuy\/?p=37643"},"modified":"2015-07-27T13:21:06","modified_gmt":"2015-07-27T16:21:06","slug":"gustavo-saenz-en-jujuy-cristina-es-el-absolutismo-monarquico-cree-que-el-estado-es-ella","status":"publish","type":"post","link":"https:\/\/notinor.com\/jujuy\/gustavo-saenz-en-jujuy-cristina-es-el-absolutismo-monarquico-cree-que-el-estado-es-ella\/","title":{"rendered":"Gustavo S\u00e1enz \"Cristina es el absolutismo mon\u00e1rquico, cree que el Estado es ella\""},"content":{"rendered":"<p>En conferencia de prensa, el candidato peronista del massismo a la vicepresidencia, Gustavo S\u00e1enz, present\u00f3 la f\u00f3rmula junto a representantes de\u00a0la Uni\u00f3n C\u00edvica Radical juje\u00f1a, el candidato a Diputado al Parlasur, Mario Fiad, y el candidato a Gobernador por \"Cambia Jujuy\", Gerardo Morales.<\/p>\n<p>\"Scioli es Cristina, Macri es los porte\u00f1os, Massa es todos los argentinos. La nuestra es la \u00fanica propuesta federal\", afirm\u00f3. \"Es un orgullo ser parte de un binomio presidenciable y ser del Norte argentino. Pero tambi\u00e9n es una gran responsabilidad, la responsabilidad de poner en la agenda nacional al Norte argentino, como tema prioritario. La patagonia est\u00e1 despoblada, el centro est\u00e1 enriquecido, y el norte est\u00e1 empobrecido, esto sigue siendo as\u00ed.\"<\/p>\n<p>\"Nosotros representamos el federalismo. Cristina es el absolutismo mon\u00e1rquico, cree que el Estado es lla. No, el Estado es todos los argentinos. Por ejemplo, el oficialismo nunca reconoce errores. Y somos humanos, y nos equivocamos. Hay que ser autocr\u00edtico.\"<\/p>\n<p>\"Yo quiero que un ni\u00f1o de la Puna tenga las mismas posibilidades que un ni\u00f1o de Palermo, y esto no sucede. Los argentinos vemos c\u00f3mo los precios suben por ascensor mientras los sueldos van por la escalera. Somos la verdadera propuesta de cambio.\"<\/p>\n<p><a href=\"http:\/\/notinor.com\/jujuy\/wp-content\/uploads\/2015\/07\/saenz-en-jujuy1.jpg\"><img decoding=\"async\" loading=\"lazy\" class=\"aligncenter size-large wp-image-37648\" src=\"http:\/\/notinor.com\/jujuy\/wp-content\/uploads\/2015\/07\/saenz-en-jujuy1-1021x1024.jpg\" alt=\"saenz en jujuy\" width=\"1021\" height=\"1024\" srcset=\"https:\/\/notinor.com\/jujuy\/wp-content\/uploads\/2015\/07\/saenz-en-jujuy1-1021x1024.jpg 1021w, https:\/\/notinor.com\/jujuy\/wp-content\/uploads\/2015\/07\/saenz-en-jujuy1-150x150.jpg 150w, https:\/\/notinor.com\/jujuy\/wp-content\/uploads\/2015\/07\/saenz-en-jujuy1-300x300.jpg 300w, https:\/\/notinor.com\/jujuy\/wp-content\/uploads\/2015\/07\/saenz-en-jujuy1-125x125.jpg 125w, https:\/\/notinor.com\/jujuy\/wp-content\/uploads\/2015\/07\/saenz-en-jujuy1-144x144.jpg 144w, https:\/\/notinor.com\/jujuy\/wp-content\/uploads\/2015\/07\/saenz-en-jujuy1-900x902.jpg 900w, https:\/\/notinor.com\/jujuy\/wp-content\/uploads\/2015\/07\/saenz-en-jujuy1.jpg 1644w\" sizes=\"(max-width: 1021px) 100vw, 1021px\" \/><\/a><\/p>\n","protected":false},"excerpt":{"rendered":"<p>En conferencia de prensa, el candidato peronista del massismo a la vicepresidencia, Gustavo S\u00e1enz, present\u00f3 la f\u00f3rmula junto a representantes de\u00a0la Uni\u00f3n C\u00edvica Radical juje\u00f1a, el candidato a Diputado al Parlasur, Mario Fiad, y el candidato a Gobernador por \"Cambia Jujuy\", Gerardo Morales. \"Scioli es Cristina, Macri es los porte\u00f1os, Massa es todos los argentinos. [&hellip;]<\/p>\n","protected":false},"author":1,"featured_media":37653,"comment_status":"open","ping_status":"open","sticky":false,"template":"","format":"standard","meta":{"_stopmodifiedupdate":false,"_modified_date":"","inline_featured_image":false},"categories":[485],"tags":[],"jetpack_featured_media_url":"https:\/\/notinor.com\/jujuy\/wp-content\/uploads\/2015\/07\/fiad-morales-saenz.jpg","_links":{"self":[{"href":"https:\/\/notinor.com\/jujuy\/wp-json\/wp\/v2\/posts\/37643"}],"collection":[{"href":"https:\/\/notinor.com\/jujuy\/wp-json\/wp\/v2\/posts"}],"about":[{"href":"https:\/\/notinor.com\/jujuy\/wp-json\/wp\/v2\/types\/post"}],"author":[{"embeddable":true,"href":"https:\/\/notinor.com\/jujuy\/wp-json\/wp\/v2\/users\/1"}],"replies":[{"embeddable":true,"href":"https:\/\/notinor.com\/jujuy\/wp-json\/wp\/v2\/comments?post=37643"}],"version-history":[{"count":3,"href":"https:\/\/notinor.com\/jujuy\/wp-json\/wp\/v2\/posts\/37643\/revisions"}],"predecessor-version":[{"id":37655,"href":"https:\/\/notinor.com\/jujuy\/wp-json\/wp\/v2\/posts\/37643\/revisions\/37655"}],"wp:featuredmedia":[{"embeddable":true,"href":"https:\/\/notinor.com\/jujuy\/wp-json\/wp\/v2\/media\/37653"}],"wp:attachment":[{"href":"https:\/\/notinor.com\/jujuy\/wp-json\/wp\/v2\/media?parent=37643"}],"wp:term":[{"taxonomy":"category","embeddable":true,"href":"https:\/\/notinor.com\/jujuy\/wp-json\/wp\/v2\/categories?post=37643"},{"taxonomy":"post_tag","embeddable":true,"href":"https:\/\/notinor.com\/jujuy\/wp-json\/wp\/v2\/tags?post=37643"}],"curies":[{"name":"wp","href":"https:\/\/api.w.org\/{rel}","templated":true}]}}