{"id":376338,"date":"2023-04-13T10:58:54","date_gmt":"2023-04-13T13:58:54","guid":{"rendered":"https:\/\/notinor.com\/jujuy\/?p=376338"},"modified":"2023-04-13T10:58:59","modified_gmt":"2023-04-13T13:58:59","slug":"tenia-16-anos-fue-enganada-por-su-novio-y-la-encontraron-muerta-en-un-descampado-el-femicidio-de-iara-rueda","status":"publish","type":"post","link":"https:\/\/notinor.com\/jujuy\/tenia-16-anos-fue-enganada-por-su-novio-y-la-encontraron-muerta-en-un-descampado-el-femicidio-de-iara-rueda\/","title":{"rendered":"Ten\u00eda 16 a\u00f1os, fue enga\u00f1ada por su novio y la encontraron muerta en un descampado: el femicidio de Iara Rueda"},"content":{"rendered":"\n<p class=\"has-medium-font-size\"><strong><em>Luego de una espera interminable para la familia, finalmente empieza el juicio contra los tres imputados por el crimen de la adolescente. Las jornadas se extender\u00e1n hasta mayo.<\/em><\/strong><\/p>\n\n\n\n<p><\/p>\n\n\n<div class=\"wp-block-image\">\n<figure class=\"aligncenter size-large\"><img decoding=\"async\" loading=\"lazy\" width=\"437\" height=\"480\" src=\"https:\/\/notinor.com\/jujuy\/wp-content\/uploads\/2023\/04\/image-123-437x480.png\" alt=\"\" class=\"wp-image-376339\" srcset=\"https:\/\/notinor.com\/jujuy\/wp-content\/uploads\/2023\/04\/image-123-437x480.png 437w, https:\/\/notinor.com\/jujuy\/wp-content\/uploads\/2023\/04\/image-123-332x365.png 332w, https:\/\/notinor.com\/jujuy\/wp-content\/uploads\/2023\/04\/image-123-768x844.png 768w, https:\/\/notinor.com\/jujuy\/wp-content\/uploads\/2023\/04\/image-123-1398x1536.png 1398w, https:\/\/notinor.com\/jujuy\/wp-content\/uploads\/2023\/04\/image-123-750x824.png 750w, https:\/\/notinor.com\/jujuy\/wp-content\/uploads\/2023\/04\/image-123-1140x1252.png 1140w, https:\/\/notinor.com\/jujuy\/wp-content\/uploads\/2023\/04\/image-123.png 1440w\" sizes=\"(max-width: 437px) 100vw, 437px\" \/><\/figure><\/div>\n\n\n<p><\/p>\n\n\n\n<p>Entre suspiros y frases cortadas,\u00a0<strong>M\u00f3nica Cunchila<\/strong>\u00a0se anima finalmente a decir una frase que espera pronunciar desde hace m\u00e1s de dos a\u00f1os.\u00a0<strong>\u201cLleg\u00f3 el d\u00eda de Iara\u201d<\/strong>, asegura y se muestra entera para lo que le espera.<\/p>\n\n\n\n<p>Los d\u00edas que vienen no ser\u00e1n sencillos para ella ni para su marido, Juan Jos\u00e9, el pap\u00e1 de\u00a0<strong>Iara Rueda,<\/strong>\u00a0<strong>la joven de 16 a\u00f1os que fue encontrada\u00a0muerta\u00a0en el Barrio 2 de Abril el lunes 28 de septiembre de 2020 en la localidad juje\u00f1a de Palpal\u00e1.<\/strong><\/p>\n\n\n\n<p>Sucede que luego de a\u00f1os de lucha, finalmente\u00a0<strong>este jueves arranca el juicio\u00a0<\/strong>que debatir\u00e1 la responsabilidad de los\u00a0<strong>tres acusados<\/strong>\u00a0por el crimen. \u201cSomos un manojo de nervios con mi marido. Son muchas emociones atravesadas, porque es como revivir todo\u201d, sostuvo.<\/p>\n\n\n\n<p>\u201c<strong>He peleado tanto por esto, para que llegue este d\u00eda<\/strong>. Incansables marchas hemos hecho y finalmente lleg\u00f3 el d\u00eda que tanto esperaba, el d\u00eda de Iara\u201d, afirma.<\/p>\n\n\n\n<p>Los tribunales est\u00e1n vallados desde hace m\u00e1s de 24 horas y varios conocidos y amigos de la familia llegaron hasta la provincia para estar presentes en el inicio del debate que arranca este jueves a las 8.30.<\/p>\n\n\n\n<p>\u201cVa a ser dur\u00edsimo, pero nosotros queremos que este caso quede como precedente para otras causas y que se sepa que s\u00ed se puede llegar a obtener justicia luchando y sin dejarse caer\u201d, aclara Cunchila emocionada y muy nerviosa.<\/p>\n\n\n\n<p>Durante el proceso ser\u00e1 juzgado\u00a0<strong>Tom\u00e1s Fern\u00e1ndez<\/strong>, que al momento del crimen ten\u00eda 17 a\u00f1os y est\u00e1 acusado por \u201chomicidio triplemente agravado por el v\u00ednculo, por alevos\u00eda y de una mujer cuando el hecho sea perpetrado por un hombre y mediare violencia de g\u00e9nero\u201d.<\/p>\n\n\n\n<p>Mientras que<strong>&nbsp;Raul<\/strong>&nbsp;<strong>Cachizumba<\/strong>y<strong>&nbsp;Mauricio<\/strong>&nbsp;<strong>Abat&nbsp;<\/strong>est\u00e1n imputados por \u201chomicidio doblemente agravado por alevos\u00eda y de una mujer cuando el hecho sea perpetrado por un hombre y mediare violencia de g\u00e9nero\u201d.&nbsp;<strong>Los tres est\u00e1n detenidos<\/strong>&nbsp;casi desde el comienzo de la investigaci\u00f3n.<\/p>\n\n\n\n<p>Seg\u00fan lo que se pudo reconstruir en la instrucci\u00f3n de la causa, el menor cit\u00f3 a Rueda para encontrarse en alg\u00fan lugar de la entrada del barrio San Jos\u00e9 y, cuando estuvieron juntos,<strong>\u00a0la entreg\u00f3 a otros dos hombres<\/strong>, quienes junto a \u00e9l intentaron violarla y la mataron. Tras el crimen, descartaron su cuerpo en un descampado.<\/p>\n\n\n\n<p>Tal como qued\u00f3 establecido en el cronograma, las primeras audiencias del juicio est\u00e1n pautadas para los d\u00edas 18, 20, 25 y 27 de abril y 2, 4 y 9 de mayo.<\/p>\n\n\n\n<p>En el debate hay varias partes implicadas: los padres de Iara, los tres abogados de los imputados, el Consejo de la Mujer de la provincia como querellante y la fiscal\u00eda.<\/p>\n\n\n\n<h2 class=\"has-medium-font-size\"><strong>El femicidio de Iara Rueda, un antes y un despu\u00e9s en Jujuy<\/strong><\/h2>\n\n\n\n<p>El 23 de septiembre de 2020\u00a0<strong>Iara Rueda<\/strong>\u00a0sali\u00f3 en bicicleta desde su casa, en la ciudad juje\u00f1a de Palpal\u00e1, con la excusa de que ten\u00eda que entregar una tarea. Le avis\u00f3 a su mam\u00e1 que se iba y parti\u00f3 supuestamente para entregarle una tarea a un compa\u00f1ero. Sin embargo, ese pretexto escond\u00eda que la joven de 16 a\u00f1os en realidad iba a encontrarse con su novio.<\/p>\n\n\n\n<p>Con \u00e9l lleg\u00f3 a verse, pero unos segundos despu\u00e9s se dio cuenta que todo era una trampa, ya que el joven la entreg\u00f3 a otros dos hombres que intentaron violarla. Los tres juntos luego la mataron y abandonaron su cuerpo en un descampado.<\/p>\n\n\n\n<p>Tras d\u00edas de incertidumbre, y en medio de marchas organizadas por la familia para pedir por la aparici\u00f3n con vida de Iara, finalmente su cuerpo fue hallado por los investigadores en el Barrio 2 de Abril el lunes 28 del mismo mes.<\/p>\n\n\n\n<p>Aunque los pap\u00e1s de la joven intentaron hacer la denuncia a las dos horas de su desaparici\u00f3n, la b\u00fasqueda se comenz\u00f3 cuando ya era tarde porque<strong>&nbsp;los polic\u00edas aseguraban que la menor se hab\u00eda ido con un \u201cnoviecito\u201d&nbsp;<\/strong>o que se hab\u00eda enojado con ellos.<\/p>\n\n\n\n<p>Inicialmente al caso no le prestaron la debida atenci\u00f3n y es por que eso que en la provincia de Jujuy el femicidio de Iara marc\u00f3 un antes y un despu\u00e9s porque dej\u00f3 muy expuesto lo mal que funciona la polic\u00eda y lo poco capacitada que est\u00e1 para tomar denuncias que involucren a mujeres desaparecidas o en situaci\u00f3n de violencia.<\/p>\n\n\n\n<p>De hecho, por esta situaci\u00f3n, existe otra causa en la que hay 8 personas imputadas entre polic\u00edas y comisarios, la cual ya fue elevada a juicio y espera que se defina una fecha para debate.<\/p>\n\n\n\n<p><\/p>\n","protected":false},"excerpt":{"rendered":"<p>Luego de una espera interminable para la familia, finalmente empieza el juicio contra los tres imputados por el crimen de la adolescente. Las jornadas se extender\u00e1n hasta mayo. Entre suspiros y frases cortadas,\u00a0M\u00f3nica Cunchila\u00a0se anima finalmente a decir una frase que espera pronunciar desde hace m\u00e1s de dos a\u00f1os.\u00a0\u201cLleg\u00f3 el d\u00eda de Iara\u201d, asegura y [&hellip;]<\/p>\n","protected":false},"author":37,"featured_media":376339,"comment_status":"open","ping_status":"open","sticky":false,"template":"","format":"standard","meta":{"_stopmodifiedupdate":false,"_modified_date":"","inline_featured_image":false,"spay_email":"","jetpack_publicize_message":""},"categories":[2,3],"tags":[],"jetpack_featured_media_url":"https:\/\/notinor.com\/jujuy\/wp-content\/uploads\/2023\/04\/image-123.png","jetpack_publicize_connections":[],"_links":{"self":[{"href":"https:\/\/notinor.com\/jujuy\/wp-json\/wp\/v2\/posts\/376338"}],"collection":[{"href":"https:\/\/notinor.com\/jujuy\/wp-json\/wp\/v2\/posts"}],"about":[{"href":"https:\/\/notinor.com\/jujuy\/wp-json\/wp\/v2\/types\/post"}],"author":[{"embeddable":true,"href":"https:\/\/notinor.com\/jujuy\/wp-json\/wp\/v2\/users\/37"}],"replies":[{"embeddable":true,"href":"https:\/\/notinor.com\/jujuy\/wp-json\/wp\/v2\/comments?post=376338"}],"version-history":[{"count":1,"href":"https:\/\/notinor.com\/jujuy\/wp-json\/wp\/v2\/posts\/376338\/revisions"}],"predecessor-version":[{"id":376343,"href":"https:\/\/notinor.com\/jujuy\/wp-json\/wp\/v2\/posts\/376338\/revisions\/376343"}],"wp:featuredmedia":[{"embeddable":true,"href":"https:\/\/notinor.com\/jujuy\/wp-json\/wp\/v2\/media\/376339"}],"wp:attachment":[{"href":"https:\/\/notinor.com\/jujuy\/wp-json\/wp\/v2\/media?parent=376338"}],"wp:term":[{"taxonomy":"category","embeddable":true,"href":"https:\/\/notinor.com\/jujuy\/wp-json\/wp\/v2\/categories?post=376338"},{"taxonomy":"post_tag","embeddable":true,"href":"https:\/\/notinor.com\/jujuy\/wp-json\/wp\/v2\/tags?post=376338"}],"curies":[{"name":"wp","href":"https:\/\/api.w.org\/{rel}","templated":true}]}}